{"id":29181,"date":"2021-02-11T09:32:15","date_gmt":"2021-02-11T09:32:15","guid":{"rendered":"https:\/\/baztan-bidasoa.com\/desarrollo\/?p=29181"},"modified":"2022-01-24T10:09:34","modified_gmt":"2022-01-24T10:09:34","slug":"orakunde-y-carnaval-tradiciones-en-impas","status":"publish","type":"post","link":"https:\/\/baztan-bidasoa.com\/desarrollo\/orakunde-y-carnaval-tradiciones-en-impas\/","title":{"rendered":"Orakunde y carnaval, tradiciones en imp\u00e1s"},"content":{"rendered":"<h2>Ambientando el Carnaval antes de la estricta cuaresma<\/h2>\n<p>Aunque este a\u00f1o no se celebrar\u00e1n los carnavales, te proponemos recordar las tradiciones del carnaval que tienen lugar en Bazan-Bidasoa<\/p>\n<p>\u00bfSab\u00edas que en nuestra comarca las fiestas del carnaval tradicional empiezan tres semanas antes al mi\u00e9rcoles de ceniza?<\/p>\n<h4>Gizakunde y Emakunde<\/h4>\n<p>Gizakunde era la fiesta de carnaval de los hombres. Antiguamente se celebraba el tercer jueves anterior al mi\u00e9rcoles de ceniza. El siguiente jueves, la fiesta era de las mujeres:\u00a0 Emakunde. Y el \u00faltimo jueves anterior al mi\u00e9rcoles de ceniza el testigo lo toman l@s ni\u00f1@s.<\/p>\n<p>Con el paso del tiempo las fiestas de los adultos fueron desapareciendo en la comarca, pero desde hace unos a\u00f1os, y gracias a la labor de la Asociaci\u00f3n cultural \u00abJo ala jo\u00bb Kultur Elkartea, \u00e9stas se han recuperado. Hoy en d\u00eda, a diferencia de anta\u00f1o, se celebra una \u00fanica fiesta, \u00abGizakunde\u00bb,\u00a0 y en ella participan mujeres y hombres.<\/p>\n<p>Se celebra en las localidades baztanesas de Arizkun y Erratzu y finaliza con la quema de \u00abJantzilo\u00bb en la plaza de Erratzu. En la hoguera se quema este mu\u00f1eco, escenificando el fin de todo lo malo y el inicio de un nuevo ciclo.<\/p>\n<h4>\u00abOrakunde\u00bb, \u00abOrtzegun gizen\u00bb, \u00abArraultze-arraultze\u00bb o \u00abUrtzain gizen\u00bb<\/h4>\n<p><a href=\"https:\/\/baztan-bidasoa.com\/desarrollo\/wp-content\/uploads\/2020\/04\/Orakunde-1-1-scaled.jpg\"><img decoding=\"async\" loading=\"lazy\" class=\"wp-image-17371 aligncenter\" src=\"https:\/\/baztan-bidasoa.com\/desarrollo\/wp-content\/uploads\/2020\/04\/Orakunde-1-1-scaled.jpg\" alt=\"\" width=\"457\" height=\"343\" data-wp-pid=\"17371\" \/><\/a><a href=\"https:\/\/baztan-bidasoa.com\/desarrollo\/wp-content\/uploads\/2020\/04\/Orakunde-1-2-scaled.jpg\"><img decoding=\"async\" loading=\"lazy\" class=\"wp-image-17373 aligncenter\" src=\"https:\/\/baztan-bidasoa.com\/desarrollo\/wp-content\/uploads\/2020\/04\/Orakunde-1-2-scaled.jpg\" alt=\"\" width=\"460\" height=\"345\" data-wp-pid=\"17373\" \/><\/a><\/p>\n<p>La fiesta de los m\u00e1s peque\u00f1os siempre se ha mantenido en el calendario festivo de la comarca (aunque este a\u00f1o no se celebrar\u00e1). Se celebra el jueves anterior al carnaval. Recibe distinto nombre seg\u00fan el pueblo.\u00a0 As\u00ed mientras en Baztan es \u00abOrakunde\u00bb, en Lesaka celebran \u00abArraultze-arraultze\u00bb y en Etxalar \u00abUrtzain Gizen\u00bb.<\/p>\n<p>La esencia sin embargo es la misma. Por la ma\u00f1ana l@s ni\u00f1@s recorren las calles y caser\u00edos del pueblo en cuestaci\u00f3n y al mediod\u00eda comen fuera de casa. El men\u00fa tradicional era paella, pollo con patatas y naranja y tras la comida se celebra el acto principal de la jornada. Con una espada de madera en la mano adornada de cintas de colores, los ni\u00f1os tienen que encontrar el gallo.<\/p>\n<p>Despu\u00e9s hay merienda y m\u00fasica para terminar la jornada.<\/p>\n<p><strong>Carnaval rural<\/strong><\/p>\n<p>Los carnavales m\u00e1s ancestrales son los de Ituren y Zubieta, con fecha fija en el calendario. Los \u00abJoaldunak\u00bb salen el lunes posterior al \u00faltimo domingo de enero.\u00a0 Pero no son \u00e9stos los \u00fanicos personajes del carnaval rural de la comarca. El domingo de carnaval, los \u00abZako-Zahar\u00bb recorren las calles de Lesaka hasta ser despojados despu\u00e9s en la Plaza Zaharra; en Bera, las \u00abI\u00f1udes y artzaias\u00bb animan las calles de la localidad, con alegres bailes y lanzando sus mu\u00f1ecos al aire. En Erratzu las \u00abDamas\u00bb despiertan la Naturaleza a ritmo de zambomba y el martes de carnaval, en Arizkun sale el \u00abHartza\u00bb, despu\u00e9s de haber estado invernando en su madriguera.<\/p>\n<p>Este a\u00f1o no veremos a estos personajes en nuestros pueblos, sirva este art\u00edculo de homenaje. El a\u00f1o que viene los recibiremos con los brazos abiertos.<\/p>\n<p>&nbsp;<\/p>\n<p>&nbsp;<\/p>\n","protected":false},"excerpt":{"rendered":"<p>Ambientando el Carnaval antes de la estricta cuaresma Aunque este a\u00f1o no se celebrar\u00e1n los carnavales, te proponemos recordar las tradiciones del carnaval que tienen lugar en Bazan-Bidasoa \u00bfSab\u00edas que en nuestra comarca las fiestas del carnaval tradicional empiezan tres semanas antes al mi\u00e9rcoles de ceniza? Gizakunde y Emakunde Gizakunde era la fiesta de carnaval [&hellip;]<\/p>\n","protected":false},"author":5,"featured_media":23398,"comment_status":"open","ping_status":"open","sticky":false,"template":"","format":"standard","meta":[],"categories":[235,738],"tags":[343,880,1728,538,383,1726,1724,267],"acf":[],"yoast_head":"<!-- This site is optimized with the Yoast SEO plugin v19.10 - https:\/\/yoast.com\/wordpress\/plugins\/seo\/ -->\n<title>Orakunde y carnaval, tradiciones en imp\u00e1s - Baztan Bidasoa Turismoa<\/title>\n<meta name=\"description\" content=\"Aunque este a\u00f1o no se celebrar\u00e1n los carnavales, queremos que conozcas nuestra tradiciones. Orakunde, es la fiesta que anuncia la fiesta.\" \/>\n<meta name=\"robots\" content=\"index, follow, max-snippet:-1, max-image-preview:large, max-video-preview:-1\" \/>\n<link rel=\"canonical\" href=\"https:\/\/baztan-bidasoa.com\/desarrollo\/orakunde-y-carnaval-tradiciones-en-impas\/\" \/>\n<meta property=\"og:locale\" content=\"es_ES\" \/>\n<meta property=\"og:type\" content=\"article\" \/>\n<meta property=\"og:title\" content=\"Orakunde y carnaval, tradiciones en imp\u00e1s - Baztan Bidasoa Turismoa\" \/>\n<meta property=\"og:description\" content=\"Aunque este a\u00f1o no se celebrar\u00e1n los carnavales, queremos que conozcas nuestra tradiciones. Orakunde, es la fiesta que anuncia la fiesta.\" \/>\n<meta property=\"og:url\" content=\"https:\/\/baztan-bidasoa.com\/desarrollo\/orakunde-y-carnaval-tradiciones-en-impas\/\" \/>\n<meta property=\"og:site_name\" content=\"Baztan Bidasoa Turismoa\" \/>\n<meta property=\"article:published_time\" content=\"2021-02-11T09:32:15+00:00\" \/>\n<meta property=\"article:modified_time\" content=\"2022-01-24T10:09:34+00:00\" \/>\n<meta property=\"og:image\" content=\"https:\/\/baztan-bidasoa.com\/desarrollo\/wp-content\/uploads\/2020\/04\/Orakunde-1-3-2-scaled.jpg\" \/>\n\t<meta property=\"og:image:width\" content=\"2560\" \/>\n\t<meta property=\"og:image:height\" content=\"1920\" \/>\n\t<meta property=\"og:image:type\" content=\"image\/jpeg\" \/>\n<meta name=\"author\" content=\"Administratzailea\" \/>\n<meta name=\"twitter:card\" content=\"summary_large_image\" \/>\n<meta name=\"twitter:label1\" content=\"Escrito por\" \/>\n\t<meta name=\"twitter:data1\" content=\"Administratzailea\" \/>\n\t<meta name=\"twitter:label2\" content=\"Tiempo de lectura\" \/>\n\t<meta name=\"twitter:data2\" content=\"3 minutos\" \/>\n<script type=\"application\/ld+json\" class=\"yoast-schema-graph\">{\"@context\":\"https:\/\/schema.org\",\"@graph\":[{\"@type\":\"WebPage\",\"@id\":\"https:\/\/baztan-bidasoa.com\/desarrollo\/orakunde-y-carnaval-tradiciones-en-impas\/\",\"url\":\"https:\/\/baztan-bidasoa.com\/desarrollo\/orakunde-y-carnaval-tradiciones-en-impas\/\",\"name\":\"Orakunde y carnaval, tradiciones en imp\u00e1s - Baztan Bidasoa Turismoa\",\"isPartOf\":{\"@id\":\"https:\/\/baztan-bidasoa.com\/desarrollo\/#website\"},\"datePublished\":\"2021-02-11T09:32:15+00:00\",\"dateModified\":\"2022-01-24T10:09:34+00:00\",\"author\":{\"@id\":\"https:\/\/baztan-bidasoa.com\/desarrollo\/#\/schema\/person\/452c612bf12670972cc98425f3134f51\"},\"description\":\"Aunque este a\u00f1o no se celebrar\u00e1n los carnavales, queremos que conozcas nuestra tradiciones. Orakunde, es la fiesta que anuncia la fiesta.\",\"breadcrumb\":{\"@id\":\"https:\/\/baztan-bidasoa.com\/desarrollo\/orakunde-y-carnaval-tradiciones-en-impas\/#breadcrumb\"},\"inLanguage\":\"es\",\"potentialAction\":[{\"@type\":\"ReadAction\",\"target\":[\"https:\/\/baztan-bidasoa.com\/desarrollo\/orakunde-y-carnaval-tradiciones-en-impas\/\"]}]},{\"@type\":\"BreadcrumbList\",\"@id\":\"https:\/\/baztan-bidasoa.com\/desarrollo\/orakunde-y-carnaval-tradiciones-en-impas\/#breadcrumb\",\"itemListElement\":[{\"@type\":\"ListItem\",\"position\":1,\"name\":\"Portada\",\"item\":\"https:\/\/baztan-bidasoa.com\/desarrollo\/\"},{\"@type\":\"ListItem\",\"position\":2,\"name\":\"Orakunde y carnaval, tradiciones en imp\u00e1s\"}]},{\"@type\":\"WebSite\",\"@id\":\"https:\/\/baztan-bidasoa.com\/desarrollo\/#website\",\"url\":\"https:\/\/baztan-bidasoa.com\/desarrollo\/\",\"name\":\"Baztan Bidasoa Turismoa\",\"description\":\"Asociaci\u00f3n Tur\u00edstica Baztan-Bidasoa Turismo Elkartea\",\"potentialAction\":[{\"@type\":\"SearchAction\",\"target\":{\"@type\":\"EntryPoint\",\"urlTemplate\":\"https:\/\/baztan-bidasoa.com\/desarrollo\/?s={search_term_string}\"},\"query-input\":\"required name=search_term_string\"}],\"inLanguage\":\"es\"},{\"@type\":\"Person\",\"@id\":\"https:\/\/baztan-bidasoa.com\/desarrollo\/#\/schema\/person\/452c612bf12670972cc98425f3134f51\",\"name\":\"Administratzailea\",\"image\":{\"@type\":\"ImageObject\",\"inLanguage\":\"es\",\"@id\":\"https:\/\/baztan-bidasoa.com\/desarrollo\/#\/schema\/person\/image\/\",\"url\":\"https:\/\/secure.gravatar.com\/avatar\/29c2982caf469d456254077da7668825?s=96&d=mm&r=g\",\"contentUrl\":\"https:\/\/secure.gravatar.com\/avatar\/29c2982caf469d456254077da7668825?s=96&d=mm&r=g\",\"caption\":\"Administratzailea\"}}]}<\/script>\n<!-- \/ Yoast SEO plugin. -->","yoast_head_json":{"title":"Orakunde y carnaval, tradiciones en imp\u00e1s - Baztan Bidasoa Turismoa","description":"Aunque este a\u00f1o no se celebrar\u00e1n los carnavales, queremos que conozcas nuestra tradiciones. Orakunde, es la fiesta que anuncia la fiesta.","robots":{"index":"index","follow":"follow","max-snippet":"max-snippet:-1","max-image-preview":"max-image-preview:large","max-video-preview":"max-video-preview:-1"},"canonical":"https:\/\/baztan-bidasoa.com\/desarrollo\/orakunde-y-carnaval-tradiciones-en-impas\/","og_locale":"es_ES","og_type":"article","og_title":"Orakunde y carnaval, tradiciones en imp\u00e1s - Baztan Bidasoa Turismoa","og_description":"Aunque este a\u00f1o no se celebrar\u00e1n los carnavales, queremos que conozcas nuestra tradiciones. Orakunde, es la fiesta que anuncia la fiesta.","og_url":"https:\/\/baztan-bidasoa.com\/desarrollo\/orakunde-y-carnaval-tradiciones-en-impas\/","og_site_name":"Baztan Bidasoa Turismoa","article_published_time":"2021-02-11T09:32:15+00:00","article_modified_time":"2022-01-24T10:09:34+00:00","og_image":[{"width":2560,"height":1920,"url":"https:\/\/baztan-bidasoa.com\/desarrollo\/wp-content\/uploads\/2020\/04\/Orakunde-1-3-2-scaled.jpg","type":"image\/jpeg"}],"author":"Administratzailea","twitter_card":"summary_large_image","twitter_misc":{"Escrito por":"Administratzailea","Tiempo de lectura":"3 minutos"},"schema":{"@context":"https:\/\/schema.org","@graph":[{"@type":"WebPage","@id":"https:\/\/baztan-bidasoa.com\/desarrollo\/orakunde-y-carnaval-tradiciones-en-impas\/","url":"https:\/\/baztan-bidasoa.com\/desarrollo\/orakunde-y-carnaval-tradiciones-en-impas\/","name":"Orakunde y carnaval, tradiciones en imp\u00e1s - Baztan Bidasoa Turismoa","isPartOf":{"@id":"https:\/\/baztan-bidasoa.com\/desarrollo\/#website"},"datePublished":"2021-02-11T09:32:15+00:00","dateModified":"2022-01-24T10:09:34+00:00","author":{"@id":"https:\/\/baztan-bidasoa.com\/desarrollo\/#\/schema\/person\/452c612bf12670972cc98425f3134f51"},"description":"Aunque este a\u00f1o no se celebrar\u00e1n los carnavales, queremos que conozcas nuestra tradiciones. Orakunde, es la fiesta que anuncia la fiesta.","breadcrumb":{"@id":"https:\/\/baztan-bidasoa.com\/desarrollo\/orakunde-y-carnaval-tradiciones-en-impas\/#breadcrumb"},"inLanguage":"es","potentialAction":[{"@type":"ReadAction","target":["https:\/\/baztan-bidasoa.com\/desarrollo\/orakunde-y-carnaval-tradiciones-en-impas\/"]}]},{"@type":"BreadcrumbList","@id":"https:\/\/baztan-bidasoa.com\/desarrollo\/orakunde-y-carnaval-tradiciones-en-impas\/#breadcrumb","itemListElement":[{"@type":"ListItem","position":1,"name":"Portada","item":"https:\/\/baztan-bidasoa.com\/desarrollo\/"},{"@type":"ListItem","position":2,"name":"Orakunde y carnaval, tradiciones en imp\u00e1s"}]},{"@type":"WebSite","@id":"https:\/\/baztan-bidasoa.com\/desarrollo\/#website","url":"https:\/\/baztan-bidasoa.com\/desarrollo\/","name":"Baztan Bidasoa Turismoa","description":"Asociaci\u00f3n Tur\u00edstica Baztan-Bidasoa Turismo Elkartea","potentialAction":[{"@type":"SearchAction","target":{"@type":"EntryPoint","urlTemplate":"https:\/\/baztan-bidasoa.com\/desarrollo\/?s={search_term_string}"},"query-input":"required name=search_term_string"}],"inLanguage":"es"},{"@type":"Person","@id":"https:\/\/baztan-bidasoa.com\/desarrollo\/#\/schema\/person\/452c612bf12670972cc98425f3134f51","name":"Administratzailea","image":{"@type":"ImageObject","inLanguage":"es","@id":"https:\/\/baztan-bidasoa.com\/desarrollo\/#\/schema\/person\/image\/","url":"https:\/\/secure.gravatar.com\/avatar\/29c2982caf469d456254077da7668825?s=96&d=mm&r=g","contentUrl":"https:\/\/secure.gravatar.com\/avatar\/29c2982caf469d456254077da7668825?s=96&d=mm&r=g","caption":"Administratzailea"}}]}},"_links":{"self":[{"href":"https:\/\/baztan-bidasoa.com\/desarrollo\/wp-json\/wp\/v2\/posts\/29181"}],"collection":[{"href":"https:\/\/baztan-bidasoa.com\/desarrollo\/wp-json\/wp\/v2\/posts"}],"about":[{"href":"https:\/\/baztan-bidasoa.com\/desarrollo\/wp-json\/wp\/v2\/types\/post"}],"author":[{"embeddable":true,"href":"https:\/\/baztan-bidasoa.com\/desarrollo\/wp-json\/wp\/v2\/users\/5"}],"replies":[{"embeddable":true,"href":"https:\/\/baztan-bidasoa.com\/desarrollo\/wp-json\/wp\/v2\/comments?post=29181"}],"version-history":[{"count":2,"href":"https:\/\/baztan-bidasoa.com\/desarrollo\/wp-json\/wp\/v2\/posts\/29181\/revisions"}],"predecessor-version":[{"id":34178,"href":"https:\/\/baztan-bidasoa.com\/desarrollo\/wp-json\/wp\/v2\/posts\/29181\/revisions\/34178"}],"wp:featuredmedia":[{"embeddable":true,"href":"https:\/\/baztan-bidasoa.com\/desarrollo\/wp-json\/wp\/v2\/media\/23398"}],"wp:attachment":[{"href":"https:\/\/baztan-bidasoa.com\/desarrollo\/wp-json\/wp\/v2\/media?parent=29181"}],"wp:term":[{"taxonomy":"category","embeddable":true,"href":"https:\/\/baztan-bidasoa.com\/desarrollo\/wp-json\/wp\/v2\/categories?post=29181"},{"taxonomy":"post_tag","embeddable":true,"href":"https:\/\/baztan-bidasoa.com\/desarrollo\/wp-json\/wp\/v2\/tags?post=29181"}],"curies":[{"name":"wp","href":"https:\/\/api.w.org\/{rel}","templated":true}]}}