{"id":28234,"date":"2020-10-15T08:11:41","date_gmt":"2020-10-15T08:11:41","guid":{"rendered":"https:\/\/baztan-bidasoa.com\/desarrollo\/?p=28234"},"modified":"2020-10-15T08:32:08","modified_gmt":"2020-10-15T08:32:08","slug":"kortariko-gasna-destaca-en-ordizia","status":"publish","type":"post","link":"https:\/\/baztan-bidasoa.com\/desarrollo\/kortariko-gasna-destaca-en-ordizia\/","title":{"rendered":"Kortariko gasna destaca en Ordizia"},"content":{"rendered":"<p>La queser\u00eda <a href=\"https:\/\/baztan-bidasoa.com\/desarrollo\/nuestros-productos\/queseria-kortariko-gasna\/\">Kortariko Gasna<\/a> de Lekaroz (Baztan), vuelve a subirse al p\u00f3dium en la Feria de Ordizia.<\/p>\n<p>Con el queso Infernuko gasna, la queser\u00eda baztandarra, recientemente galardonada en los <a href=\"https:\/\/baztan-bidasoa.com\/desarrollo\/kortariko-gasna-galardonada-en-londres\/\">Great Taste Awars<\/a> de Londres, ha vuelto a ser premiada en la Feria de Ordizia, considerada el reino del Queso Idiazabal.<\/p>\n<p>Palmar\u00e9s:<\/p>\n<p>1. Ipi\u00f1aburu (Zeanuri)<\/p>\n<p>2. Ipi\u00f1aburu (Zeanuri)<\/p>\n<p>3. Kortaria (Lekaroz)<\/p>\n<p>Si quieres ver c\u00f3mo se hace uno de los mejores quesos Idiazabal, no puedes perderte las<a href=\"https:\/\/baztan-bidasoa.com\/desarrollo\/que-hacer\/visitas-gastronomicas\/queseria-kortariko-gasna\/\"> visitas guiadas<\/a> a la queser\u00eda. \u00a1Reserva!<\/p>\n","protected":false},"excerpt":{"rendered":"<p>La queser\u00eda Kortariko Gasna de Lekaroz (Baztan), vuelve a subirse al p\u00f3dium en la Feria de Ordizia. Con el queso Infernuko gasna, la queser\u00eda baztandarra, recientemente galardonada en los Great Taste Awars de Londres, ha vuelto a ser premiada en la Feria de Ordizia, considerada el reino del Queso Idiazabal. Palmar\u00e9s: 1. Ipi\u00f1aburu (Zeanuri) 2. [&hellip;]<\/p>\n","protected":false},"author":5,"featured_media":28236,"comment_status":"open","ping_status":"open","sticky":false,"template":"","format":"gallery","meta":[],"categories":[235,738],"tags":[325,1583,692,373,347],"acf":[],"yoast_head":"<!-- This site is optimized with the Yoast SEO plugin v19.10 - https:\/\/yoast.com\/wordpress\/plugins\/seo\/ -->\n<title>Kortariko gasna destaca en Ordizia - Baztan Bidasoa Turismoa<\/title>\n<meta name=\"description\" content=\"La queser\u00eda Kortariko Gasna de Lekaroz (Baztan), vuelve a subirse al p\u00f3dium en la feria de Ordizia. Ofrecen visitas guiadas a la queser\u00eda.\" \/>\n<meta name=\"robots\" content=\"index, follow, max-snippet:-1, max-image-preview:large, max-video-preview:-1\" \/>\n<link rel=\"canonical\" href=\"https:\/\/baztan-bidasoa.com\/desarrollo\/kortariko-gasna-destaca-en-ordizia\/\" \/>\n<meta property=\"og:locale\" content=\"es_ES\" \/>\n<meta property=\"og:type\" content=\"article\" \/>\n<meta property=\"og:title\" content=\"Kortariko gasna destaca en Ordizia - Baztan Bidasoa Turismoa\" \/>\n<meta property=\"og:description\" content=\"La queser\u00eda Kortariko Gasna de Lekaroz (Baztan), vuelve a subirse al p\u00f3dium en la feria de Ordizia. Ofrecen visitas guiadas a la queser\u00eda.\" \/>\n<meta property=\"og:url\" content=\"https:\/\/baztan-bidasoa.com\/desarrollo\/kortariko-gasna-destaca-en-ordizia\/\" \/>\n<meta property=\"og:site_name\" content=\"Baztan Bidasoa Turismoa\" \/>\n<meta property=\"article:published_time\" content=\"2020-10-15T08:11:41+00:00\" \/>\n<meta property=\"article:modified_time\" content=\"2020-10-15T08:32:08+00:00\" \/>\n<meta property=\"og:image\" content=\"https:\/\/baztan-bidasoa.com\/desarrollo\/wp-content\/uploads\/2020\/10\/64934d42-f8e9-4a3d-aa83-b70c97f9314b.jpg\" \/>\n\t<meta property=\"og:image:width\" content=\"1600\" \/>\n\t<meta property=\"og:image:height\" content=\"1200\" \/>\n\t<meta property=\"og:image:type\" content=\"image\/jpeg\" \/>\n<meta name=\"author\" content=\"Administratzailea\" \/>\n<meta name=\"twitter:card\" content=\"summary_large_image\" \/>\n<meta name=\"twitter:label1\" content=\"Escrito por\" \/>\n\t<meta name=\"twitter:data1\" content=\"Administratzailea\" \/>\n<script type=\"application\/ld+json\" class=\"yoast-schema-graph\">{\"@context\":\"https:\/\/schema.org\",\"@graph\":[{\"@type\":\"WebPage\",\"@id\":\"https:\/\/baztan-bidasoa.com\/desarrollo\/kortariko-gasna-destaca-en-ordizia\/\",\"url\":\"https:\/\/baztan-bidasoa.com\/desarrollo\/kortariko-gasna-destaca-en-ordizia\/\",\"name\":\"Kortariko gasna destaca en Ordizia - Baztan Bidasoa Turismoa\",\"isPartOf\":{\"@id\":\"https:\/\/baztan-bidasoa.com\/desarrollo\/#website\"},\"datePublished\":\"2020-10-15T08:11:41+00:00\",\"dateModified\":\"2020-10-15T08:32:08+00:00\",\"author\":{\"@id\":\"https:\/\/baztan-bidasoa.com\/desarrollo\/#\/schema\/person\/452c612bf12670972cc98425f3134f51\"},\"description\":\"La queser\u00eda Kortariko Gasna de Lekaroz (Baztan), vuelve a subirse al p\u00f3dium en la feria de Ordizia. Ofrecen visitas guiadas a la queser\u00eda.\",\"breadcrumb\":{\"@id\":\"https:\/\/baztan-bidasoa.com\/desarrollo\/kortariko-gasna-destaca-en-ordizia\/#breadcrumb\"},\"inLanguage\":\"es\",\"potentialAction\":[{\"@type\":\"ReadAction\",\"target\":[\"https:\/\/baztan-bidasoa.com\/desarrollo\/kortariko-gasna-destaca-en-ordizia\/\"]}]},{\"@type\":\"BreadcrumbList\",\"@id\":\"https:\/\/baztan-bidasoa.com\/desarrollo\/kortariko-gasna-destaca-en-ordizia\/#breadcrumb\",\"itemListElement\":[{\"@type\":\"ListItem\",\"position\":1,\"name\":\"Portada\",\"item\":\"https:\/\/baztan-bidasoa.com\/desarrollo\/\"},{\"@type\":\"ListItem\",\"position\":2,\"name\":\"Kortariko gasna destaca en Ordizia\"}]},{\"@type\":\"WebSite\",\"@id\":\"https:\/\/baztan-bidasoa.com\/desarrollo\/#website\",\"url\":\"https:\/\/baztan-bidasoa.com\/desarrollo\/\",\"name\":\"Baztan Bidasoa Turismoa\",\"description\":\"Asociaci\u00f3n Tur\u00edstica Baztan-Bidasoa Turismo Elkartea\",\"potentialAction\":[{\"@type\":\"SearchAction\",\"target\":{\"@type\":\"EntryPoint\",\"urlTemplate\":\"https:\/\/baztan-bidasoa.com\/desarrollo\/?s={search_term_string}\"},\"query-input\":\"required name=search_term_string\"}],\"inLanguage\":\"es\"},{\"@type\":\"Person\",\"@id\":\"https:\/\/baztan-bidasoa.com\/desarrollo\/#\/schema\/person\/452c612bf12670972cc98425f3134f51\",\"name\":\"Administratzailea\",\"image\":{\"@type\":\"ImageObject\",\"inLanguage\":\"es\",\"@id\":\"https:\/\/baztan-bidasoa.com\/desarrollo\/#\/schema\/person\/image\/\",\"url\":\"https:\/\/secure.gravatar.com\/avatar\/29c2982caf469d456254077da7668825?s=96&d=mm&r=g\",\"contentUrl\":\"https:\/\/secure.gravatar.com\/avatar\/29c2982caf469d456254077da7668825?s=96&d=mm&r=g\",\"caption\":\"Administratzailea\"}}]}<\/script>\n<!-- \/ Yoast SEO plugin. -->","yoast_head_json":{"title":"Kortariko gasna destaca en Ordizia - Baztan Bidasoa Turismoa","description":"La queser\u00eda Kortariko Gasna de Lekaroz (Baztan), vuelve a subirse al p\u00f3dium en la feria de Ordizia. Ofrecen visitas guiadas a la queser\u00eda.","robots":{"index":"index","follow":"follow","max-snippet":"max-snippet:-1","max-image-preview":"max-image-preview:large","max-video-preview":"max-video-preview:-1"},"canonical":"https:\/\/baztan-bidasoa.com\/desarrollo\/kortariko-gasna-destaca-en-ordizia\/","og_locale":"es_ES","og_type":"article","og_title":"Kortariko gasna destaca en Ordizia - Baztan Bidasoa Turismoa","og_description":"La queser\u00eda Kortariko Gasna de Lekaroz (Baztan), vuelve a subirse al p\u00f3dium en la feria de Ordizia. Ofrecen visitas guiadas a la queser\u00eda.","og_url":"https:\/\/baztan-bidasoa.com\/desarrollo\/kortariko-gasna-destaca-en-ordizia\/","og_site_name":"Baztan Bidasoa Turismoa","article_published_time":"2020-10-15T08:11:41+00:00","article_modified_time":"2020-10-15T08:32:08+00:00","og_image":[{"width":1600,"height":1200,"url":"https:\/\/baztan-bidasoa.com\/desarrollo\/wp-content\/uploads\/2020\/10\/64934d42-f8e9-4a3d-aa83-b70c97f9314b.jpg","type":"image\/jpeg"}],"author":"Administratzailea","twitter_card":"summary_large_image","twitter_misc":{"Escrito por":"Administratzailea"},"schema":{"@context":"https:\/\/schema.org","@graph":[{"@type":"WebPage","@id":"https:\/\/baztan-bidasoa.com\/desarrollo\/kortariko-gasna-destaca-en-ordizia\/","url":"https:\/\/baztan-bidasoa.com\/desarrollo\/kortariko-gasna-destaca-en-ordizia\/","name":"Kortariko gasna destaca en Ordizia - Baztan Bidasoa Turismoa","isPartOf":{"@id":"https:\/\/baztan-bidasoa.com\/desarrollo\/#website"},"datePublished":"2020-10-15T08:11:41+00:00","dateModified":"2020-10-15T08:32:08+00:00","author":{"@id":"https:\/\/baztan-bidasoa.com\/desarrollo\/#\/schema\/person\/452c612bf12670972cc98425f3134f51"},"description":"La queser\u00eda Kortariko Gasna de Lekaroz (Baztan), vuelve a subirse al p\u00f3dium en la feria de Ordizia. Ofrecen visitas guiadas a la queser\u00eda.","breadcrumb":{"@id":"https:\/\/baztan-bidasoa.com\/desarrollo\/kortariko-gasna-destaca-en-ordizia\/#breadcrumb"},"inLanguage":"es","potentialAction":[{"@type":"ReadAction","target":["https:\/\/baztan-bidasoa.com\/desarrollo\/kortariko-gasna-destaca-en-ordizia\/"]}]},{"@type":"BreadcrumbList","@id":"https:\/\/baztan-bidasoa.com\/desarrollo\/kortariko-gasna-destaca-en-ordizia\/#breadcrumb","itemListElement":[{"@type":"ListItem","position":1,"name":"Portada","item":"https:\/\/baztan-bidasoa.com\/desarrollo\/"},{"@type":"ListItem","position":2,"name":"Kortariko gasna destaca en Ordizia"}]},{"@type":"WebSite","@id":"https:\/\/baztan-bidasoa.com\/desarrollo\/#website","url":"https:\/\/baztan-bidasoa.com\/desarrollo\/","name":"Baztan Bidasoa Turismoa","description":"Asociaci\u00f3n Tur\u00edstica Baztan-Bidasoa Turismo Elkartea","potentialAction":[{"@type":"SearchAction","target":{"@type":"EntryPoint","urlTemplate":"https:\/\/baztan-bidasoa.com\/desarrollo\/?s={search_term_string}"},"query-input":"required name=search_term_string"}],"inLanguage":"es"},{"@type":"Person","@id":"https:\/\/baztan-bidasoa.com\/desarrollo\/#\/schema\/person\/452c612bf12670972cc98425f3134f51","name":"Administratzailea","image":{"@type":"ImageObject","inLanguage":"es","@id":"https:\/\/baztan-bidasoa.com\/desarrollo\/#\/schema\/person\/image\/","url":"https:\/\/secure.gravatar.com\/avatar\/29c2982caf469d456254077da7668825?s=96&d=mm&r=g","contentUrl":"https:\/\/secure.gravatar.com\/avatar\/29c2982caf469d456254077da7668825?s=96&d=mm&r=g","caption":"Administratzailea"}}]}},"_links":{"self":[{"href":"https:\/\/baztan-bidasoa.com\/desarrollo\/wp-json\/wp\/v2\/posts\/28234"}],"collection":[{"href":"https:\/\/baztan-bidasoa.com\/desarrollo\/wp-json\/wp\/v2\/posts"}],"about":[{"href":"https:\/\/baztan-bidasoa.com\/desarrollo\/wp-json\/wp\/v2\/types\/post"}],"author":[{"embeddable":true,"href":"https:\/\/baztan-bidasoa.com\/desarrollo\/wp-json\/wp\/v2\/users\/5"}],"replies":[{"embeddable":true,"href":"https:\/\/baztan-bidasoa.com\/desarrollo\/wp-json\/wp\/v2\/comments?post=28234"}],"version-history":[{"count":1,"href":"https:\/\/baztan-bidasoa.com\/desarrollo\/wp-json\/wp\/v2\/posts\/28234\/revisions"}],"predecessor-version":[{"id":28241,"href":"https:\/\/baztan-bidasoa.com\/desarrollo\/wp-json\/wp\/v2\/posts\/28234\/revisions\/28241"}],"wp:featuredmedia":[{"embeddable":true,"href":"https:\/\/baztan-bidasoa.com\/desarrollo\/wp-json\/wp\/v2\/media\/28236"}],"wp:attachment":[{"href":"https:\/\/baztan-bidasoa.com\/desarrollo\/wp-json\/wp\/v2\/media?parent=28234"}],"wp:term":[{"taxonomy":"category","embeddable":true,"href":"https:\/\/baztan-bidasoa.com\/desarrollo\/wp-json\/wp\/v2\/categories?post=28234"},{"taxonomy":"post_tag","embeddable":true,"href":"https:\/\/baztan-bidasoa.com\/desarrollo\/wp-json\/wp\/v2\/tags?post=28234"}],"curies":[{"name":"wp","href":"https:\/\/api.w.org\/{rel}","templated":true}]}}