{"id":27814,"date":"2020-09-21T10:02:28","date_gmt":"2020-09-21T10:02:28","guid":{"rendered":"https:\/\/baztan-bidasoa.com\/desarrollo\/?p=27814"},"modified":"2020-09-21T10:13:43","modified_gmt":"2020-09-21T10:13:43","slug":"otono-una-estacion-especial","status":"publish","type":"post","link":"https:\/\/baztan-bidasoa.com\/desarrollo\/otono-una-estacion-especial\/","title":{"rendered":"Oto\u00f1o, cuando el paisaje se viste de ocre y rojo"},"content":{"rendered":"<p><strong>Oto\u00f1o 2020<\/strong><\/p>\n<p>Cuando los verdes paisajes de Baztan-Bidasoa se ti\u00f1en de ocre, de dorado y de rojo; cuando la luz del verano empieza a menguar y el misticismo se cierne sobre el ambiente, llega el Oto\u00f1o.<\/p>\n<p>Este a\u00f1o el Oto\u00f1o arranca el martes 22 de septiembre a las 15:31h.\u00a0 (hora peninsular).<\/p>\n<p><strong>\u00bfCu\u00e1nto durar\u00e1 el oto\u00f1o?<\/strong><\/p>\n<p>Como dec\u00eda Sabina, el oto\u00f1o dura lo que tarda en llegar el invierno, y en esta ocasi\u00f3n, el oto\u00f1o durar\u00e1, seg\u00fan los datos del Observatorio Astron\u00f3mico Nacional, 89 d\u00edas y 20 horas, y finalizar\u00e1 el 21 de diciembre con la llegada del invierno.<\/p>\n<p>Y durante todo este tiempo podr\u00e1s disfrutar de sus encantos y caprichos en Baztan-Bidasoa. Te invitamos a que nos visites, a que disfrutes y sientas el oto\u00f1o a trav\u00e9s de nuestros pueblos, paseando por sus calles, recorriendo nuestros montes, recolectando hongos, casta\u00f1as y nueces, y saboreando los exquisitos men\u00fas cineg\u00e9ticos que ya preparan los restaurantes de Baztan-Bidasoa.<\/p>\n<p><strong>Cita ineludible en el calendario de la comarca<\/strong><\/p>\n<p>Este a\u00f1o no van a faltar a la cita las\u00a0 XXVIII. Jornadas Gastron\u00f3micas de Caza de Baztan-Bidasoa. Las estamos preparando con m\u00e1s mismo y cari\u00f1o si cabe que en otras ocasiones. Este a\u00f1o se celebrar\u00e1n del 16 de octubre al 30 de noviembre, y en nuestros restaurantes podr\u00e1s degustar adem\u00e1s de paloma al estilo tradicional, solomillo de\u00a0 jabal\u00ed con salsa de Oporto y melocot\u00f3n, ensalada templada de codorniz en escabeche o Rissoto de setas de oto\u00f1o y vinagreta de remolacha.<\/p>\n<p>(En breve colgaremos toda la informaci\u00f3n sobre las XXVIII. Jornadas Gastron\u00f3micas de Caza de Baztan-Bidasoa en nuestra web)<\/p>\n","protected":false},"excerpt":{"rendered":"<p>Oto\u00f1o 2020 Cuando los verdes paisajes de Baztan-Bidasoa se ti\u00f1en de ocre, de dorado y de rojo; cuando la luz del verano empieza a menguar y el misticismo se cierne sobre el ambiente, llega el Oto\u00f1o. Este a\u00f1o el Oto\u00f1o arranca el martes 22 de septiembre a las 15:31h.\u00a0 (hora peninsular). \u00bfCu\u00e1nto durar\u00e1 el oto\u00f1o? [&hellip;]<\/p>\n","protected":false},"author":5,"featured_media":27815,"comment_status":"open","ping_status":"open","sticky":false,"template":"","format":"standard","meta":[],"categories":[235,738],"tags":[1543,343,391,554,564],"acf":[],"yoast_head":"<!-- This site is optimized with the Yoast SEO plugin v19.10 - https:\/\/yoast.com\/wordpress\/plugins\/seo\/ -->\n<title>Oto\u00f1o - una estaci\u00f3n especial - Baztan Bidasoa Turismoa<\/title>\n<meta name=\"description\" content=\"Cuando los verdes paisajes de Baztan-Bidasoa se ti\u00f1en de ocre, de dorado y de rojo llega el oto\u00f1o. \u00a1Ven, no dejes que te lo cuenten!\" \/>\n<meta name=\"robots\" content=\"index, follow, max-snippet:-1, max-image-preview:large, max-video-preview:-1\" \/>\n<link rel=\"canonical\" href=\"https:\/\/baztan-bidasoa.com\/desarrollo\/otono-una-estacion-especial\/\" \/>\n<meta property=\"og:locale\" content=\"es_ES\" \/>\n<meta property=\"og:type\" content=\"article\" \/>\n<meta property=\"og:title\" content=\"Oto\u00f1o - una estaci\u00f3n especial - Baztan Bidasoa Turismoa\" \/>\n<meta property=\"og:description\" content=\"Cuando los verdes paisajes de Baztan-Bidasoa se ti\u00f1en de ocre, de dorado y de rojo llega el oto\u00f1o. \u00a1Ven, no dejes que te lo cuenten!\" \/>\n<meta property=\"og:url\" content=\"https:\/\/baztan-bidasoa.com\/desarrollo\/otono-una-estacion-especial\/\" \/>\n<meta property=\"og:site_name\" content=\"Baztan Bidasoa Turismoa\" \/>\n<meta property=\"article:published_time\" content=\"2020-09-21T10:02:28+00:00\" \/>\n<meta property=\"article:modified_time\" content=\"2020-09-21T10:13:43+00:00\" \/>\n<meta property=\"og:image\" content=\"https:\/\/baztan-bidasoa.com\/desarrollo\/wp-content\/uploads\/2020\/09\/Udazkena-Bertizen.jpg\" \/>\n\t<meta property=\"og:image:width\" content=\"1599\" \/>\n\t<meta property=\"og:image:height\" content=\"1200\" \/>\n\t<meta property=\"og:image:type\" content=\"image\/jpeg\" \/>\n<meta name=\"author\" content=\"Administratzailea\" \/>\n<meta name=\"twitter:card\" content=\"summary_large_image\" \/>\n<meta name=\"twitter:label1\" content=\"Escrito por\" \/>\n\t<meta name=\"twitter:data1\" content=\"Administratzailea\" \/>\n\t<meta name=\"twitter:label2\" content=\"Tiempo de lectura\" \/>\n\t<meta name=\"twitter:data2\" content=\"1 minuto\" \/>\n<script type=\"application\/ld+json\" class=\"yoast-schema-graph\">{\"@context\":\"https:\/\/schema.org\",\"@graph\":[{\"@type\":\"WebPage\",\"@id\":\"https:\/\/baztan-bidasoa.com\/desarrollo\/otono-una-estacion-especial\/\",\"url\":\"https:\/\/baztan-bidasoa.com\/desarrollo\/otono-una-estacion-especial\/\",\"name\":\"Oto\u00f1o - una estaci\u00f3n especial - Baztan Bidasoa Turismoa\",\"isPartOf\":{\"@id\":\"https:\/\/baztan-bidasoa.com\/desarrollo\/#website\"},\"datePublished\":\"2020-09-21T10:02:28+00:00\",\"dateModified\":\"2020-09-21T10:13:43+00:00\",\"author\":{\"@id\":\"https:\/\/baztan-bidasoa.com\/desarrollo\/#\/schema\/person\/452c612bf12670972cc98425f3134f51\"},\"description\":\"Cuando los verdes paisajes de Baztan-Bidasoa se ti\u00f1en de ocre, de dorado y de rojo llega el oto\u00f1o. \u00a1Ven, no dejes que te lo cuenten!\",\"breadcrumb\":{\"@id\":\"https:\/\/baztan-bidasoa.com\/desarrollo\/otono-una-estacion-especial\/#breadcrumb\"},\"inLanguage\":\"es\",\"potentialAction\":[{\"@type\":\"ReadAction\",\"target\":[\"https:\/\/baztan-bidasoa.com\/desarrollo\/otono-una-estacion-especial\/\"]}]},{\"@type\":\"BreadcrumbList\",\"@id\":\"https:\/\/baztan-bidasoa.com\/desarrollo\/otono-una-estacion-especial\/#breadcrumb\",\"itemListElement\":[{\"@type\":\"ListItem\",\"position\":1,\"name\":\"Portada\",\"item\":\"https:\/\/baztan-bidasoa.com\/desarrollo\/\"},{\"@type\":\"ListItem\",\"position\":2,\"name\":\"Oto\u00f1o, cuando el paisaje se viste de ocre y rojo\"}]},{\"@type\":\"WebSite\",\"@id\":\"https:\/\/baztan-bidasoa.com\/desarrollo\/#website\",\"url\":\"https:\/\/baztan-bidasoa.com\/desarrollo\/\",\"name\":\"Baztan Bidasoa Turismoa\",\"description\":\"Asociaci\u00f3n Tur\u00edstica Baztan-Bidasoa Turismo Elkartea\",\"potentialAction\":[{\"@type\":\"SearchAction\",\"target\":{\"@type\":\"EntryPoint\",\"urlTemplate\":\"https:\/\/baztan-bidasoa.com\/desarrollo\/?s={search_term_string}\"},\"query-input\":\"required name=search_term_string\"}],\"inLanguage\":\"es\"},{\"@type\":\"Person\",\"@id\":\"https:\/\/baztan-bidasoa.com\/desarrollo\/#\/schema\/person\/452c612bf12670972cc98425f3134f51\",\"name\":\"Administratzailea\",\"image\":{\"@type\":\"ImageObject\",\"inLanguage\":\"es\",\"@id\":\"https:\/\/baztan-bidasoa.com\/desarrollo\/#\/schema\/person\/image\/\",\"url\":\"https:\/\/secure.gravatar.com\/avatar\/29c2982caf469d456254077da7668825?s=96&d=mm&r=g\",\"contentUrl\":\"https:\/\/secure.gravatar.com\/avatar\/29c2982caf469d456254077da7668825?s=96&d=mm&r=g\",\"caption\":\"Administratzailea\"}}]}<\/script>\n<!-- \/ Yoast SEO plugin. -->","yoast_head_json":{"title":"Oto\u00f1o - una estaci\u00f3n especial - Baztan Bidasoa Turismoa","description":"Cuando los verdes paisajes de Baztan-Bidasoa se ti\u00f1en de ocre, de dorado y de rojo llega el oto\u00f1o. \u00a1Ven, no dejes que te lo cuenten!","robots":{"index":"index","follow":"follow","max-snippet":"max-snippet:-1","max-image-preview":"max-image-preview:large","max-video-preview":"max-video-preview:-1"},"canonical":"https:\/\/baztan-bidasoa.com\/desarrollo\/otono-una-estacion-especial\/","og_locale":"es_ES","og_type":"article","og_title":"Oto\u00f1o - una estaci\u00f3n especial - Baztan Bidasoa Turismoa","og_description":"Cuando los verdes paisajes de Baztan-Bidasoa se ti\u00f1en de ocre, de dorado y de rojo llega el oto\u00f1o. \u00a1Ven, no dejes que te lo cuenten!","og_url":"https:\/\/baztan-bidasoa.com\/desarrollo\/otono-una-estacion-especial\/","og_site_name":"Baztan Bidasoa Turismoa","article_published_time":"2020-09-21T10:02:28+00:00","article_modified_time":"2020-09-21T10:13:43+00:00","og_image":[{"width":1599,"height":1200,"url":"https:\/\/baztan-bidasoa.com\/desarrollo\/wp-content\/uploads\/2020\/09\/Udazkena-Bertizen.jpg","type":"image\/jpeg"}],"author":"Administratzailea","twitter_card":"summary_large_image","twitter_misc":{"Escrito por":"Administratzailea","Tiempo de lectura":"1 minuto"},"schema":{"@context":"https:\/\/schema.org","@graph":[{"@type":"WebPage","@id":"https:\/\/baztan-bidasoa.com\/desarrollo\/otono-una-estacion-especial\/","url":"https:\/\/baztan-bidasoa.com\/desarrollo\/otono-una-estacion-especial\/","name":"Oto\u00f1o - una estaci\u00f3n especial - Baztan Bidasoa Turismoa","isPartOf":{"@id":"https:\/\/baztan-bidasoa.com\/desarrollo\/#website"},"datePublished":"2020-09-21T10:02:28+00:00","dateModified":"2020-09-21T10:13:43+00:00","author":{"@id":"https:\/\/baztan-bidasoa.com\/desarrollo\/#\/schema\/person\/452c612bf12670972cc98425f3134f51"},"description":"Cuando los verdes paisajes de Baztan-Bidasoa se ti\u00f1en de ocre, de dorado y de rojo llega el oto\u00f1o. \u00a1Ven, no dejes que te lo cuenten!","breadcrumb":{"@id":"https:\/\/baztan-bidasoa.com\/desarrollo\/otono-una-estacion-especial\/#breadcrumb"},"inLanguage":"es","potentialAction":[{"@type":"ReadAction","target":["https:\/\/baztan-bidasoa.com\/desarrollo\/otono-una-estacion-especial\/"]}]},{"@type":"BreadcrumbList","@id":"https:\/\/baztan-bidasoa.com\/desarrollo\/otono-una-estacion-especial\/#breadcrumb","itemListElement":[{"@type":"ListItem","position":1,"name":"Portada","item":"https:\/\/baztan-bidasoa.com\/desarrollo\/"},{"@type":"ListItem","position":2,"name":"Oto\u00f1o, cuando el paisaje se viste de ocre y rojo"}]},{"@type":"WebSite","@id":"https:\/\/baztan-bidasoa.com\/desarrollo\/#website","url":"https:\/\/baztan-bidasoa.com\/desarrollo\/","name":"Baztan Bidasoa Turismoa","description":"Asociaci\u00f3n Tur\u00edstica Baztan-Bidasoa Turismo Elkartea","potentialAction":[{"@type":"SearchAction","target":{"@type":"EntryPoint","urlTemplate":"https:\/\/baztan-bidasoa.com\/desarrollo\/?s={search_term_string}"},"query-input":"required name=search_term_string"}],"inLanguage":"es"},{"@type":"Person","@id":"https:\/\/baztan-bidasoa.com\/desarrollo\/#\/schema\/person\/452c612bf12670972cc98425f3134f51","name":"Administratzailea","image":{"@type":"ImageObject","inLanguage":"es","@id":"https:\/\/baztan-bidasoa.com\/desarrollo\/#\/schema\/person\/image\/","url":"https:\/\/secure.gravatar.com\/avatar\/29c2982caf469d456254077da7668825?s=96&d=mm&r=g","contentUrl":"https:\/\/secure.gravatar.com\/avatar\/29c2982caf469d456254077da7668825?s=96&d=mm&r=g","caption":"Administratzailea"}}]}},"_links":{"self":[{"href":"https:\/\/baztan-bidasoa.com\/desarrollo\/wp-json\/wp\/v2\/posts\/27814"}],"collection":[{"href":"https:\/\/baztan-bidasoa.com\/desarrollo\/wp-json\/wp\/v2\/posts"}],"about":[{"href":"https:\/\/baztan-bidasoa.com\/desarrollo\/wp-json\/wp\/v2\/types\/post"}],"author":[{"embeddable":true,"href":"https:\/\/baztan-bidasoa.com\/desarrollo\/wp-json\/wp\/v2\/users\/5"}],"replies":[{"embeddable":true,"href":"https:\/\/baztan-bidasoa.com\/desarrollo\/wp-json\/wp\/v2\/comments?post=27814"}],"version-history":[{"count":2,"href":"https:\/\/baztan-bidasoa.com\/desarrollo\/wp-json\/wp\/v2\/posts\/27814\/revisions"}],"predecessor-version":[{"id":27817,"href":"https:\/\/baztan-bidasoa.com\/desarrollo\/wp-json\/wp\/v2\/posts\/27814\/revisions\/27817"}],"wp:featuredmedia":[{"embeddable":true,"href":"https:\/\/baztan-bidasoa.com\/desarrollo\/wp-json\/wp\/v2\/media\/27815"}],"wp:attachment":[{"href":"https:\/\/baztan-bidasoa.com\/desarrollo\/wp-json\/wp\/v2\/media?parent=27814"}],"wp:term":[{"taxonomy":"category","embeddable":true,"href":"https:\/\/baztan-bidasoa.com\/desarrollo\/wp-json\/wp\/v2\/categories?post=27814"},{"taxonomy":"post_tag","embeddable":true,"href":"https:\/\/baztan-bidasoa.com\/desarrollo\/wp-json\/wp\/v2\/tags?post=27814"}],"curies":[{"name":"wp","href":"https:\/\/api.w.org\/{rel}","templated":true}]}}