{"id":27535,"date":"2020-08-05T12:17:15","date_gmt":"2020-08-05T12:17:15","guid":{"rendered":"https:\/\/baztan-bidasoa.com\/desarrollo\/?p=27535"},"modified":"2020-08-06T07:24:35","modified_gmt":"2020-08-06T07:24:35","slug":"viaja-en-taxi-muevete-sin-problemas","status":"publish","type":"post","link":"https:\/\/baztan-bidasoa.com\/desarrollo\/viaja-en-taxi-muevete-sin-problemas\/","title":{"rendered":"\u00a1Viaja en taxi! \u00a1Oferta para este mes de agosto!"},"content":{"rendered":"<p>No te quedes sin moverte de Baztan-Bidasoa porque no dispones de veh\u00edculo propio.<\/p>\n<p>Taxi Alem\u00e1n ha creado una oferta para viajar a Pamplona y San Sebasti\u00e1n los fines de semana de este mes de agosto.<\/p>\n<p>S\u00e1bados y domingos, te recogemos en tu casa para llevarte a la capital navarra o a San Sebasti\u00e1n.<\/p>\n<p>Con un veh\u00edculo de 6 plazas, podr\u00e1s viajar con la familia o en grupo sin tener que preocuparte de la conducci\u00f3n.<\/p>\n<p>&nbsp;<\/p>\n<h4>Taxi Alem\u00e1n te ofrece un servicio personalizado, para llevarte a donde t\u00fa quieras<\/h4>\n<p>Llama e inf\u00f3rmate sin compromiso:<\/p>\n<p>&#x1f4de;&#x1f4de; <a href=\"tel:948580 128\" target=\"_blank\" rel=\"noopener noreferrer\"><span class=\"elementor-icon-list-text\">660 282 665 ( Jon)<\/span><\/a><\/p>\n<div class=\"elementor-element elementor-element-9cc6519 elementor-column elementor-col-50 elementor-top-column\" data-id=\"9cc6519\" data-element_type=\"column\">\n<div class=\"elementor-column-wrap elementor-element-populated\">\n<div class=\"elementor-widget-wrap\">\n<div class=\"elementor-element elementor-element-457634a elementor-icon-list--layout-traditional elementor-widget elementor-widget-icon-list\" data-id=\"457634a\" data-element_type=\"widget\" data-widget_type=\"icon-list.default\">\n<div class=\"elementor-widget-container\">\n<p>M\u00e1s informaci\u00f3n <a href=\"https:\/\/baztan-bidasoa.com\/desarrollo\/taxi\/\">AQU\u00cd<\/a><\/p>\n<\/div>\n<\/div>\n<\/div>\n<\/div>\n<\/div>\n<div class=\"elementor-element elementor-element-c8a4aa5 elementor-column elementor-col-50 elementor-top-column\" data-id=\"c8a4aa5\" data-element_type=\"column\">\n<div class=\"elementor-column-wrap elementor-element-populated\">\n<div class=\"elementor-widget-wrap\">\n<div class=\"elementor-element elementor-element-736cfff elementor-widget elementor-widget-sidebar\" data-id=\"736cfff\" data-element_type=\"widget\" data-widget_type=\"sidebar.default\">\n<div class=\"elementor-widget-container\"><\/div>\n<\/div>\n<\/div>\n<\/div>\n<\/div>\n","protected":false},"excerpt":{"rendered":"<p>No te quedes sin moverte de Baztan-Bidasoa porque no dispones de veh\u00edculo propio. Taxi Alem\u00e1n ha creado una oferta para viajar a Pamplona y San Sebasti\u00e1n los fines de semana de este mes de agosto. S\u00e1bados y domingos, te recogemos en tu casa para llevarte a la capital navarra o a San Sebasti\u00e1n. Con un [&hellip;]<\/p>\n","protected":false},"author":5,"featured_media":26858,"comment_status":"open","ping_status":"open","sticky":false,"template":"","format":"standard","meta":[],"categories":[235,738],"tags":[1470,351,1472,1468,1466],"acf":[],"yoast_head":"<!-- This site is optimized with the Yoast SEO plugin v19.10 - https:\/\/yoast.com\/wordpress\/plugins\/seo\/ -->\n<title>\u00a1Viaja en taxi! \u00a1Oferta para este mes de agosto! - Baztan Bidasoa Turismoa<\/title>\n<meta name=\"description\" content=\"No te quedes sin moverte en Baztan-Bidasoa porque no dispones de veh\u00edculo propio. Taxi Alem\u00e1n te lleva a tu destino y te espera para traerte de vuelta.\" \/>\n<meta name=\"robots\" content=\"index, follow, max-snippet:-1, max-image-preview:large, max-video-preview:-1\" \/>\n<link rel=\"canonical\" href=\"https:\/\/baztan-bidasoa.com\/desarrollo\/viaja-en-taxi-muevete-sin-problemas\/\" \/>\n<meta property=\"og:locale\" content=\"es_ES\" \/>\n<meta property=\"og:type\" content=\"article\" \/>\n<meta property=\"og:title\" content=\"\u00a1Viaja en taxi! \u00a1Oferta para este mes de agosto! - Baztan Bidasoa Turismoa\" \/>\n<meta property=\"og:description\" content=\"No te quedes sin moverte en Baztan-Bidasoa porque no dispones de veh\u00edculo propio. Taxi Alem\u00e1n te lleva a tu destino y te espera para traerte de vuelta.\" \/>\n<meta property=\"og:url\" content=\"https:\/\/baztan-bidasoa.com\/desarrollo\/viaja-en-taxi-muevete-sin-problemas\/\" \/>\n<meta property=\"og:site_name\" content=\"Baztan Bidasoa Turismoa\" \/>\n<meta property=\"article:published_time\" content=\"2020-08-05T12:17:15+00:00\" \/>\n<meta property=\"article:modified_time\" content=\"2020-08-06T07:24:35+00:00\" \/>\n<meta property=\"og:image\" content=\"https:\/\/baztan-bidasoa.com\/desarrollo\/wp-content\/uploads\/2020\/06\/Taxi-Aleman-Hondarribi.jpg\" \/>\n\t<meta property=\"og:image:width\" content=\"750\" \/>\n\t<meta property=\"og:image:height\" content=\"750\" \/>\n\t<meta property=\"og:image:type\" content=\"image\/jpeg\" \/>\n<meta name=\"author\" content=\"Administratzailea\" \/>\n<meta name=\"twitter:card\" content=\"summary_large_image\" \/>\n<meta name=\"twitter:label1\" content=\"Escrito por\" \/>\n\t<meta name=\"twitter:data1\" content=\"Administratzailea\" \/>\n\t<meta name=\"twitter:label2\" content=\"Tiempo de lectura\" \/>\n\t<meta name=\"twitter:data2\" content=\"1 minuto\" \/>\n<script type=\"application\/ld+json\" class=\"yoast-schema-graph\">{\"@context\":\"https:\/\/schema.org\",\"@graph\":[{\"@type\":\"WebPage\",\"@id\":\"https:\/\/baztan-bidasoa.com\/desarrollo\/viaja-en-taxi-muevete-sin-problemas\/\",\"url\":\"https:\/\/baztan-bidasoa.com\/desarrollo\/viaja-en-taxi-muevete-sin-problemas\/\",\"name\":\"\u00a1Viaja en taxi! \u00a1Oferta para este mes de agosto! - Baztan Bidasoa Turismoa\",\"isPartOf\":{\"@id\":\"https:\/\/baztan-bidasoa.com\/desarrollo\/#website\"},\"datePublished\":\"2020-08-05T12:17:15+00:00\",\"dateModified\":\"2020-08-06T07:24:35+00:00\",\"author\":{\"@id\":\"https:\/\/baztan-bidasoa.com\/desarrollo\/#\/schema\/person\/452c612bf12670972cc98425f3134f51\"},\"description\":\"No te quedes sin moverte en Baztan-Bidasoa porque no dispones de veh\u00edculo propio. Taxi Alem\u00e1n te lleva a tu destino y te espera para traerte de vuelta.\",\"breadcrumb\":{\"@id\":\"https:\/\/baztan-bidasoa.com\/desarrollo\/viaja-en-taxi-muevete-sin-problemas\/#breadcrumb\"},\"inLanguage\":\"es\",\"potentialAction\":[{\"@type\":\"ReadAction\",\"target\":[\"https:\/\/baztan-bidasoa.com\/desarrollo\/viaja-en-taxi-muevete-sin-problemas\/\"]}]},{\"@type\":\"BreadcrumbList\",\"@id\":\"https:\/\/baztan-bidasoa.com\/desarrollo\/viaja-en-taxi-muevete-sin-problemas\/#breadcrumb\",\"itemListElement\":[{\"@type\":\"ListItem\",\"position\":1,\"name\":\"Portada\",\"item\":\"https:\/\/baztan-bidasoa.com\/desarrollo\/\"},{\"@type\":\"ListItem\",\"position\":2,\"name\":\"\u00a1Viaja en taxi! \u00a1Oferta para este mes de agosto!\"}]},{\"@type\":\"WebSite\",\"@id\":\"https:\/\/baztan-bidasoa.com\/desarrollo\/#website\",\"url\":\"https:\/\/baztan-bidasoa.com\/desarrollo\/\",\"name\":\"Baztan Bidasoa Turismoa\",\"description\":\"Asociaci\u00f3n Tur\u00edstica Baztan-Bidasoa Turismo Elkartea\",\"potentialAction\":[{\"@type\":\"SearchAction\",\"target\":{\"@type\":\"EntryPoint\",\"urlTemplate\":\"https:\/\/baztan-bidasoa.com\/desarrollo\/?s={search_term_string}\"},\"query-input\":\"required name=search_term_string\"}],\"inLanguage\":\"es\"},{\"@type\":\"Person\",\"@id\":\"https:\/\/baztan-bidasoa.com\/desarrollo\/#\/schema\/person\/452c612bf12670972cc98425f3134f51\",\"name\":\"Administratzailea\",\"image\":{\"@type\":\"ImageObject\",\"inLanguage\":\"es\",\"@id\":\"https:\/\/baztan-bidasoa.com\/desarrollo\/#\/schema\/person\/image\/\",\"url\":\"https:\/\/secure.gravatar.com\/avatar\/29c2982caf469d456254077da7668825?s=96&d=mm&r=g\",\"contentUrl\":\"https:\/\/secure.gravatar.com\/avatar\/29c2982caf469d456254077da7668825?s=96&d=mm&r=g\",\"caption\":\"Administratzailea\"}}]}<\/script>\n<!-- \/ Yoast SEO plugin. -->","yoast_head_json":{"title":"\u00a1Viaja en taxi! \u00a1Oferta para este mes de agosto! - Baztan Bidasoa Turismoa","description":"No te quedes sin moverte en Baztan-Bidasoa porque no dispones de veh\u00edculo propio. Taxi Alem\u00e1n te lleva a tu destino y te espera para traerte de vuelta.","robots":{"index":"index","follow":"follow","max-snippet":"max-snippet:-1","max-image-preview":"max-image-preview:large","max-video-preview":"max-video-preview:-1"},"canonical":"https:\/\/baztan-bidasoa.com\/desarrollo\/viaja-en-taxi-muevete-sin-problemas\/","og_locale":"es_ES","og_type":"article","og_title":"\u00a1Viaja en taxi! \u00a1Oferta para este mes de agosto! - Baztan Bidasoa Turismoa","og_description":"No te quedes sin moverte en Baztan-Bidasoa porque no dispones de veh\u00edculo propio. Taxi Alem\u00e1n te lleva a tu destino y te espera para traerte de vuelta.","og_url":"https:\/\/baztan-bidasoa.com\/desarrollo\/viaja-en-taxi-muevete-sin-problemas\/","og_site_name":"Baztan Bidasoa Turismoa","article_published_time":"2020-08-05T12:17:15+00:00","article_modified_time":"2020-08-06T07:24:35+00:00","og_image":[{"width":750,"height":750,"url":"https:\/\/baztan-bidasoa.com\/desarrollo\/wp-content\/uploads\/2020\/06\/Taxi-Aleman-Hondarribi.jpg","type":"image\/jpeg"}],"author":"Administratzailea","twitter_card":"summary_large_image","twitter_misc":{"Escrito por":"Administratzailea","Tiempo de lectura":"1 minuto"},"schema":{"@context":"https:\/\/schema.org","@graph":[{"@type":"WebPage","@id":"https:\/\/baztan-bidasoa.com\/desarrollo\/viaja-en-taxi-muevete-sin-problemas\/","url":"https:\/\/baztan-bidasoa.com\/desarrollo\/viaja-en-taxi-muevete-sin-problemas\/","name":"\u00a1Viaja en taxi! \u00a1Oferta para este mes de agosto! - Baztan Bidasoa Turismoa","isPartOf":{"@id":"https:\/\/baztan-bidasoa.com\/desarrollo\/#website"},"datePublished":"2020-08-05T12:17:15+00:00","dateModified":"2020-08-06T07:24:35+00:00","author":{"@id":"https:\/\/baztan-bidasoa.com\/desarrollo\/#\/schema\/person\/452c612bf12670972cc98425f3134f51"},"description":"No te quedes sin moverte en Baztan-Bidasoa porque no dispones de veh\u00edculo propio. Taxi Alem\u00e1n te lleva a tu destino y te espera para traerte de vuelta.","breadcrumb":{"@id":"https:\/\/baztan-bidasoa.com\/desarrollo\/viaja-en-taxi-muevete-sin-problemas\/#breadcrumb"},"inLanguage":"es","potentialAction":[{"@type":"ReadAction","target":["https:\/\/baztan-bidasoa.com\/desarrollo\/viaja-en-taxi-muevete-sin-problemas\/"]}]},{"@type":"BreadcrumbList","@id":"https:\/\/baztan-bidasoa.com\/desarrollo\/viaja-en-taxi-muevete-sin-problemas\/#breadcrumb","itemListElement":[{"@type":"ListItem","position":1,"name":"Portada","item":"https:\/\/baztan-bidasoa.com\/desarrollo\/"},{"@type":"ListItem","position":2,"name":"\u00a1Viaja en taxi! \u00a1Oferta para este mes de agosto!"}]},{"@type":"WebSite","@id":"https:\/\/baztan-bidasoa.com\/desarrollo\/#website","url":"https:\/\/baztan-bidasoa.com\/desarrollo\/","name":"Baztan Bidasoa Turismoa","description":"Asociaci\u00f3n Tur\u00edstica Baztan-Bidasoa Turismo Elkartea","potentialAction":[{"@type":"SearchAction","target":{"@type":"EntryPoint","urlTemplate":"https:\/\/baztan-bidasoa.com\/desarrollo\/?s={search_term_string}"},"query-input":"required name=search_term_string"}],"inLanguage":"es"},{"@type":"Person","@id":"https:\/\/baztan-bidasoa.com\/desarrollo\/#\/schema\/person\/452c612bf12670972cc98425f3134f51","name":"Administratzailea","image":{"@type":"ImageObject","inLanguage":"es","@id":"https:\/\/baztan-bidasoa.com\/desarrollo\/#\/schema\/person\/image\/","url":"https:\/\/secure.gravatar.com\/avatar\/29c2982caf469d456254077da7668825?s=96&d=mm&r=g","contentUrl":"https:\/\/secure.gravatar.com\/avatar\/29c2982caf469d456254077da7668825?s=96&d=mm&r=g","caption":"Administratzailea"}}]}},"_links":{"self":[{"href":"https:\/\/baztan-bidasoa.com\/desarrollo\/wp-json\/wp\/v2\/posts\/27535"}],"collection":[{"href":"https:\/\/baztan-bidasoa.com\/desarrollo\/wp-json\/wp\/v2\/posts"}],"about":[{"href":"https:\/\/baztan-bidasoa.com\/desarrollo\/wp-json\/wp\/v2\/types\/post"}],"author":[{"embeddable":true,"href":"https:\/\/baztan-bidasoa.com\/desarrollo\/wp-json\/wp\/v2\/users\/5"}],"replies":[{"embeddable":true,"href":"https:\/\/baztan-bidasoa.com\/desarrollo\/wp-json\/wp\/v2\/comments?post=27535"}],"version-history":[{"count":5,"href":"https:\/\/baztan-bidasoa.com\/desarrollo\/wp-json\/wp\/v2\/posts\/27535\/revisions"}],"predecessor-version":[{"id":27540,"href":"https:\/\/baztan-bidasoa.com\/desarrollo\/wp-json\/wp\/v2\/posts\/27535\/revisions\/27540"}],"wp:featuredmedia":[{"embeddable":true,"href":"https:\/\/baztan-bidasoa.com\/desarrollo\/wp-json\/wp\/v2\/media\/26858"}],"wp:attachment":[{"href":"https:\/\/baztan-bidasoa.com\/desarrollo\/wp-json\/wp\/v2\/media?parent=27535"}],"wp:term":[{"taxonomy":"category","embeddable":true,"href":"https:\/\/baztan-bidasoa.com\/desarrollo\/wp-json\/wp\/v2\/categories?post=27535"},{"taxonomy":"post_tag","embeddable":true,"href":"https:\/\/baztan-bidasoa.com\/desarrollo\/wp-json\/wp\/v2\/tags?post=27535"}],"curies":[{"name":"wp","href":"https:\/\/api.w.org\/{rel}","templated":true}]}}