{"id":27226,"date":"2020-07-07T08:03:55","date_gmt":"2020-07-07T08:03:55","guid":{"rendered":"https:\/\/baztan-bidasoa.com\/desarrollo\/?p=27226"},"modified":"2020-07-07T13:17:19","modified_gmt":"2020-07-07T13:17:19","slug":"san-fermin-sin-zubigaineko","status":"publish","type":"post","link":"https:\/\/baztan-bidasoa.com\/desarrollo\/san-fermin-sin-zubigaineko\/","title":{"rendered":"San Fermin sin Zubigaineko en Lesaka"},"content":{"rendered":"<h3>Hablar de Sanfermines en Lesaka es hablar del \u201cZubigaineko\u00bb, pero este a\u00f1o todo es diferente &#x1f60c;<\/h3>\n<p>El 7 de julio, d\u00eda de San Ferm\u00edn, Lesaka celebra el d\u00eda grande de las fiestas.\u00a0 El acto m\u00e1s tradicional y esperado por los lesakarras es, sin duda, el \u201cZubigaineko\u201d, el baile que los \u201cezpatadantzaris\u201d bailan sobre las orillas del r\u00edo Onin para rubricar el acuerdo de paz entre los barrios Legarrea y Pikuzelaia en el S XV. Este a\u00f1o sin embargo, no hay Sanfermines en Lesaka, y tampoco habr\u00e1 Zubigaineko.<\/p>\n<p>Los Sanfermines no s\u00f3lo se celebran en Pamplona. Baztan-Bidasoa tambi\u00e9n cuenta con localidades que honran a quien junto a San Francisco Javier, es copatr\u00f3n de Navarra. Entre ellas est\u00e1n Lesaka y tambi\u00e9n la localidad baztandarra de\u00a0 Azpilkueta, cuna de la madre de San Francisco Javier. Este a\u00f1o sin embargo, por precauci\u00f3n y responsabilidad, no habr\u00e1 celebraciones.<\/p>\n<p>M\u00e1s informaci\u00f3n <a href=\"http:\/\/www.lesaka.eus\/es\/lugar-y-gentes\/patrimonio-historico-artistico\/fiestas\/san-fermines\/\">AQU\u00cd<\/a><\/p>\n<p>&nbsp;<\/p>\n","protected":false},"excerpt":{"rendered":"<p>Hablar de Sanfermines en Lesaka es hablar del \u201cZubigaineko\u00bb, pero este a\u00f1o todo es diferente &#x1f60c; El 7 de julio, d\u00eda de San Ferm\u00edn, Lesaka celebra el d\u00eda grande de las fiestas.\u00a0 El acto m\u00e1s tradicional y esperado por los lesakarras es, sin duda, el \u201cZubigaineko\u201d, el baile que los \u201cezpatadantzaris\u201d bailan sobre las orillas [&hellip;]<\/p>\n","protected":false},"author":5,"featured_media":23146,"comment_status":"open","ping_status":"open","sticky":false,"template":"","format":"standard","meta":[],"categories":[235,738],"tags":[351,393,538,383,750,496,279,1367],"acf":[],"yoast_head":"<!-- This site is optimized with the Yoast SEO plugin v19.10 - https:\/\/yoast.com\/wordpress\/plugins\/seo\/ -->\n<title>San Ferm\u00edn sin Zubigaineko - Baztan Bidasoa Turismoa<\/title>\n<meta name=\"robots\" content=\"index, follow, max-snippet:-1, max-image-preview:large, max-video-preview:-1\" \/>\n<link rel=\"canonical\" href=\"https:\/\/baztan-bidasoa.com\/desarrollo\/san-fermin-sin-zubigaineko\/\" \/>\n<meta property=\"og:locale\" content=\"es_ES\" \/>\n<meta property=\"og:type\" content=\"article\" \/>\n<meta property=\"og:title\" content=\"San Ferm\u00edn sin Zubigaineko - Baztan Bidasoa Turismoa\" \/>\n<meta property=\"og:description\" content=\"Hablar de Sanfermines en Lesaka es hablar del \u201cZubigaineko\u00bb, pero este a\u00f1o todo es diferente &#x1f60c; El 7 de julio, d\u00eda de San Ferm\u00edn, Lesaka celebra el d\u00eda grande de las fiestas.\u00a0 El acto m\u00e1s tradicional y esperado por los lesakarras es, sin duda, el \u201cZubigaineko\u201d, el baile que los \u201cezpatadantzaris\u201d bailan sobre las orillas [&hellip;]\" \/>\n<meta property=\"og:url\" content=\"https:\/\/baztan-bidasoa.com\/desarrollo\/san-fermin-sin-zubigaineko\/\" \/>\n<meta property=\"og:site_name\" content=\"Baztan Bidasoa Turismoa\" \/>\n<meta property=\"article:published_time\" content=\"2020-07-07T08:03:55+00:00\" \/>\n<meta property=\"article:modified_time\" content=\"2020-07-07T13:17:19+00:00\" \/>\n<meta property=\"og:image\" content=\"https:\/\/baztan-bidasoa.com\/desarrollo\/wp-content\/uploads\/2020\/04\/Zubigainekoa-4.jpg\" \/>\n\t<meta property=\"og:image:width\" content=\"1599\" \/>\n\t<meta property=\"og:image:height\" content=\"1200\" \/>\n\t<meta property=\"og:image:type\" content=\"image\/jpeg\" \/>\n<meta name=\"author\" content=\"Administratzailea\" \/>\n<meta name=\"twitter:card\" content=\"summary_large_image\" \/>\n<meta name=\"twitter:label1\" content=\"Escrito por\" \/>\n\t<meta name=\"twitter:data1\" content=\"Administratzailea\" \/>\n\t<meta name=\"twitter:label2\" content=\"Tiempo de lectura\" \/>\n\t<meta name=\"twitter:data2\" content=\"1 minuto\" \/>\n<script type=\"application\/ld+json\" class=\"yoast-schema-graph\">{\"@context\":\"https:\/\/schema.org\",\"@graph\":[{\"@type\":\"WebPage\",\"@id\":\"https:\/\/baztan-bidasoa.com\/desarrollo\/san-fermin-sin-zubigaineko\/\",\"url\":\"https:\/\/baztan-bidasoa.com\/desarrollo\/san-fermin-sin-zubigaineko\/\",\"name\":\"San Ferm\u00edn sin Zubigaineko - Baztan Bidasoa Turismoa\",\"isPartOf\":{\"@id\":\"https:\/\/baztan-bidasoa.com\/desarrollo\/#website\"},\"datePublished\":\"2020-07-07T08:03:55+00:00\",\"dateModified\":\"2020-07-07T13:17:19+00:00\",\"author\":{\"@id\":\"https:\/\/baztan-bidasoa.com\/desarrollo\/#\/schema\/person\/452c612bf12670972cc98425f3134f51\"},\"breadcrumb\":{\"@id\":\"https:\/\/baztan-bidasoa.com\/desarrollo\/san-fermin-sin-zubigaineko\/#breadcrumb\"},\"inLanguage\":\"es\",\"potentialAction\":[{\"@type\":\"ReadAction\",\"target\":[\"https:\/\/baztan-bidasoa.com\/desarrollo\/san-fermin-sin-zubigaineko\/\"]}]},{\"@type\":\"BreadcrumbList\",\"@id\":\"https:\/\/baztan-bidasoa.com\/desarrollo\/san-fermin-sin-zubigaineko\/#breadcrumb\",\"itemListElement\":[{\"@type\":\"ListItem\",\"position\":1,\"name\":\"Portada\",\"item\":\"https:\/\/baztan-bidasoa.com\/desarrollo\/\"},{\"@type\":\"ListItem\",\"position\":2,\"name\":\"San Fermin sin Zubigaineko en Lesaka\"}]},{\"@type\":\"WebSite\",\"@id\":\"https:\/\/baztan-bidasoa.com\/desarrollo\/#website\",\"url\":\"https:\/\/baztan-bidasoa.com\/desarrollo\/\",\"name\":\"Baztan Bidasoa Turismoa\",\"description\":\"Asociaci\u00f3n Tur\u00edstica Baztan-Bidasoa Turismo Elkartea\",\"potentialAction\":[{\"@type\":\"SearchAction\",\"target\":{\"@type\":\"EntryPoint\",\"urlTemplate\":\"https:\/\/baztan-bidasoa.com\/desarrollo\/?s={search_term_string}\"},\"query-input\":\"required name=search_term_string\"}],\"inLanguage\":\"es\"},{\"@type\":\"Person\",\"@id\":\"https:\/\/baztan-bidasoa.com\/desarrollo\/#\/schema\/person\/452c612bf12670972cc98425f3134f51\",\"name\":\"Administratzailea\",\"image\":{\"@type\":\"ImageObject\",\"inLanguage\":\"es\",\"@id\":\"https:\/\/baztan-bidasoa.com\/desarrollo\/#\/schema\/person\/image\/\",\"url\":\"https:\/\/secure.gravatar.com\/avatar\/29c2982caf469d456254077da7668825?s=96&d=mm&r=g\",\"contentUrl\":\"https:\/\/secure.gravatar.com\/avatar\/29c2982caf469d456254077da7668825?s=96&d=mm&r=g\",\"caption\":\"Administratzailea\"}}]}<\/script>\n<!-- \/ Yoast SEO plugin. -->","yoast_head_json":{"title":"San Ferm\u00edn sin Zubigaineko - Baztan Bidasoa Turismoa","robots":{"index":"index","follow":"follow","max-snippet":"max-snippet:-1","max-image-preview":"max-image-preview:large","max-video-preview":"max-video-preview:-1"},"canonical":"https:\/\/baztan-bidasoa.com\/desarrollo\/san-fermin-sin-zubigaineko\/","og_locale":"es_ES","og_type":"article","og_title":"San Ferm\u00edn sin Zubigaineko - Baztan Bidasoa Turismoa","og_description":"Hablar de Sanfermines en Lesaka es hablar del \u201cZubigaineko\u00bb, pero este a\u00f1o todo es diferente &#x1f60c; El 7 de julio, d\u00eda de San Ferm\u00edn, Lesaka celebra el d\u00eda grande de las fiestas.\u00a0 El acto m\u00e1s tradicional y esperado por los lesakarras es, sin duda, el \u201cZubigaineko\u201d, el baile que los \u201cezpatadantzaris\u201d bailan sobre las orillas [&hellip;]","og_url":"https:\/\/baztan-bidasoa.com\/desarrollo\/san-fermin-sin-zubigaineko\/","og_site_name":"Baztan Bidasoa Turismoa","article_published_time":"2020-07-07T08:03:55+00:00","article_modified_time":"2020-07-07T13:17:19+00:00","og_image":[{"width":1599,"height":1200,"url":"https:\/\/baztan-bidasoa.com\/desarrollo\/wp-content\/uploads\/2020\/04\/Zubigainekoa-4.jpg","type":"image\/jpeg"}],"author":"Administratzailea","twitter_card":"summary_large_image","twitter_misc":{"Escrito por":"Administratzailea","Tiempo de lectura":"1 minuto"},"schema":{"@context":"https:\/\/schema.org","@graph":[{"@type":"WebPage","@id":"https:\/\/baztan-bidasoa.com\/desarrollo\/san-fermin-sin-zubigaineko\/","url":"https:\/\/baztan-bidasoa.com\/desarrollo\/san-fermin-sin-zubigaineko\/","name":"San Ferm\u00edn sin Zubigaineko - Baztan Bidasoa Turismoa","isPartOf":{"@id":"https:\/\/baztan-bidasoa.com\/desarrollo\/#website"},"datePublished":"2020-07-07T08:03:55+00:00","dateModified":"2020-07-07T13:17:19+00:00","author":{"@id":"https:\/\/baztan-bidasoa.com\/desarrollo\/#\/schema\/person\/452c612bf12670972cc98425f3134f51"},"breadcrumb":{"@id":"https:\/\/baztan-bidasoa.com\/desarrollo\/san-fermin-sin-zubigaineko\/#breadcrumb"},"inLanguage":"es","potentialAction":[{"@type":"ReadAction","target":["https:\/\/baztan-bidasoa.com\/desarrollo\/san-fermin-sin-zubigaineko\/"]}]},{"@type":"BreadcrumbList","@id":"https:\/\/baztan-bidasoa.com\/desarrollo\/san-fermin-sin-zubigaineko\/#breadcrumb","itemListElement":[{"@type":"ListItem","position":1,"name":"Portada","item":"https:\/\/baztan-bidasoa.com\/desarrollo\/"},{"@type":"ListItem","position":2,"name":"San Fermin sin Zubigaineko en Lesaka"}]},{"@type":"WebSite","@id":"https:\/\/baztan-bidasoa.com\/desarrollo\/#website","url":"https:\/\/baztan-bidasoa.com\/desarrollo\/","name":"Baztan Bidasoa Turismoa","description":"Asociaci\u00f3n Tur\u00edstica Baztan-Bidasoa Turismo Elkartea","potentialAction":[{"@type":"SearchAction","target":{"@type":"EntryPoint","urlTemplate":"https:\/\/baztan-bidasoa.com\/desarrollo\/?s={search_term_string}"},"query-input":"required name=search_term_string"}],"inLanguage":"es"},{"@type":"Person","@id":"https:\/\/baztan-bidasoa.com\/desarrollo\/#\/schema\/person\/452c612bf12670972cc98425f3134f51","name":"Administratzailea","image":{"@type":"ImageObject","inLanguage":"es","@id":"https:\/\/baztan-bidasoa.com\/desarrollo\/#\/schema\/person\/image\/","url":"https:\/\/secure.gravatar.com\/avatar\/29c2982caf469d456254077da7668825?s=96&d=mm&r=g","contentUrl":"https:\/\/secure.gravatar.com\/avatar\/29c2982caf469d456254077da7668825?s=96&d=mm&r=g","caption":"Administratzailea"}}]}},"_links":{"self":[{"href":"https:\/\/baztan-bidasoa.com\/desarrollo\/wp-json\/wp\/v2\/posts\/27226"}],"collection":[{"href":"https:\/\/baztan-bidasoa.com\/desarrollo\/wp-json\/wp\/v2\/posts"}],"about":[{"href":"https:\/\/baztan-bidasoa.com\/desarrollo\/wp-json\/wp\/v2\/types\/post"}],"author":[{"embeddable":true,"href":"https:\/\/baztan-bidasoa.com\/desarrollo\/wp-json\/wp\/v2\/users\/5"}],"replies":[{"embeddable":true,"href":"https:\/\/baztan-bidasoa.com\/desarrollo\/wp-json\/wp\/v2\/comments?post=27226"}],"version-history":[{"count":4,"href":"https:\/\/baztan-bidasoa.com\/desarrollo\/wp-json\/wp\/v2\/posts\/27226\/revisions"}],"predecessor-version":[{"id":27275,"href":"https:\/\/baztan-bidasoa.com\/desarrollo\/wp-json\/wp\/v2\/posts\/27226\/revisions\/27275"}],"wp:featuredmedia":[{"embeddable":true,"href":"https:\/\/baztan-bidasoa.com\/desarrollo\/wp-json\/wp\/v2\/media\/23146"}],"wp:attachment":[{"href":"https:\/\/baztan-bidasoa.com\/desarrollo\/wp-json\/wp\/v2\/media?parent=27226"}],"wp:term":[{"taxonomy":"category","embeddable":true,"href":"https:\/\/baztan-bidasoa.com\/desarrollo\/wp-json\/wp\/v2\/categories?post=27226"},{"taxonomy":"post_tag","embeddable":true,"href":"https:\/\/baztan-bidasoa.com\/desarrollo\/wp-json\/wp\/v2\/tags?post=27226"}],"curies":[{"name":"wp","href":"https:\/\/api.w.org\/{rel}","templated":true}]}}