{"id":26840,"date":"2020-06-04T12:16:57","date_gmt":"2020-06-04T12:16:57","guid":{"rendered":"https:\/\/baztan-bidasoa.com\/desarrollo\/?p=26840"},"modified":"2020-06-04T12:36:48","modified_gmt":"2020-06-04T12:36:48","slug":"el-poder-de-estar-asociad","status":"publish","type":"post","link":"https:\/\/baztan-bidasoa.com\/desarrollo\/el-poder-de-estar-asociad\/","title":{"rendered":"El poder de estar asociad@"},"content":{"rendered":"<p><b>Unidos avanzamos m\u00e1s f\u00e1cil y m\u00e1s fuertes<\/b><\/p>\n<p><span style=\"font-weight: 400;\">Era 14 de marzo cuando el mundo se par\u00f3, v\u00edspera de San Jos\u00e9, de Semana Santa, cuando ya asomaba la primavera en Baztan-Bidasoa y la temporada tur\u00edstica estaba a punto de empezar. Casas rurales, establecimientos, restaurantes, empresas de servicios y actividades se vieron obligad@s a echar la persiana o a anular las aperturas previstas. Baztan-Bidasoa colgaba el cartel de Cerrado.<\/span><\/p>\n<p><b>El poder de estar asociad@<\/b><\/p>\n<p><span style=\"font-weight: 400;\">Lleg\u00f3 la incertidumbre al sector y las informaciones variaban de un momento a otro. En estos dif\u00edciles momentos la Asociaci\u00f3n Baztan-Bidasoa Turismoa ha intentado estar al lado de sus asociad@s, porque es en \u201clas malas\u201d cuando nos necesitamos y nos tenemos que apoyar tod@s.<\/span><\/p>\n<p><span style=\"font-weight: 400;\">Con esa premisa y objetivo la Junta Directiva de la Asociaci\u00f3n tur\u00edstica ha mantenido reuniones telem\u00e1ticas, ha participado en webinars con la Federaci\u00f3n Navarra de Turismo Rural, con la Direcci\u00f3n de Turismo de Navarra, con el Instituto de Comercio y Turismo de Espa\u00f1a (ICTE). Ha trabajado para recabar informaci\u00f3n en cuanto a protocolos, situaciones futuras, requisitos de higiene, limpieza y desinfecci\u00f3n y en este aspecto ha solicitado presupuestos a diferentes empresas de limpieza para informar a los asociados sobre los productos disponibles en el mercado y su precio. Al tiempo ha mantenido en todo momento comunicaci\u00f3n directa con los miembros de la asociaci\u00f3n, para atender todas sus dudas, v\u00eda telef\u00f3nica, a trav\u00e9s del whatsapp o el correo electr\u00f3nico.<\/span><\/p>\n<p><b>Caminando hacia la \u201cnueva normalidad\u201d<\/b><\/p>\n<p><span style=\"font-weight: 400;\">Pasito a paso vamos recuperando la actividad, pero con la incorporaci\u00f3n de nuevos elementos en nuestro trabajo. Adem\u00e1s de la mascarilla y los guantes, nuestros establecimientos deben tener tambi\u00e9n un \u201cPlan de Contingencia\u201d y un \u201cProtocolo para clientes\u201d. Documentos exigidos por los protocolos (y la nueva legislaci\u00f3n) y que cada establecimiento debe redactarlo acorde a su caracter\u00edstica.<\/span><\/p>\n<p><span style=\"font-weight: 400;\">Para ayudar a nuestros asociados en la redacci\u00f3n de dichos documentos, Baztan-Bidasoa Turismoa ha realizado reuniones con sus asociad@s; reuniones por sectores para recabar informaci\u00f3n y compartir inquietudes ante la inminente apertura. Precisamente con objeto de allanar el camino hacia la \u201cnueva normalidad\u201d Baztan-Bidasoa Turismoa ha creado un documento base que sirva de patr\u00f3n para que cada asociad@ redacte su propio plan con un \u201ccorta y pega\u201dy mejora. Algun@s asociad@s han compartido incluso sus documentos. Es el poder de estar asociado: Compartir. Unidos somos m\u00e1s fuertes.<\/span><\/p>\n<p><span style=\"font-weight: 400;\">La Asociaci\u00f3n Baztan-Bidasoa Turismoa tiene, hoy como siempre, las puertas abiertas para todo aquel que quiera integrarse en esta gran familia que, en los momentos duros ha demostrado estar unida. Puedes llamarnos, sin compromiso, al 948 59 23 23 o escribirnos un e-mail a <\/span><a href=\"mailto:info@baztan-bidasoa.com\"><span style=\"font-weight: 400;\">info@baztan-bidasoa.com<\/span><\/a><span style=\"font-weight: 400;\">.<\/span><\/p>\n<p><span style=\"font-weight: 400;\">Seguimos haciendo planes, seguimos haciendo campa\u00f1as, nosotras solas y tambi\u00e9n con la Federaci\u00f3n de Turismo de Navarra. En definitiva, estamos haciendo pi\u00f1a para salir lo mejor posible de esta situaci\u00f3n.<\/span><\/p>\n","protected":false},"excerpt":{"rendered":"<p>Unidos avanzamos m\u00e1s f\u00e1cil y m\u00e1s fuertes Era 14 de marzo cuando el mundo se par\u00f3, v\u00edspera de San Jos\u00e9, de Semana Santa, cuando ya asomaba la primavera en Baztan-Bidasoa y la temporada tur\u00edstica estaba a punto de empezar. Casas rurales, establecimientos, restaurantes, empresas de servicios y actividades se vieron obligad@s a echar la persiana [&hellip;]<\/p>\n","protected":false},"author":5,"featured_media":26842,"comment_status":"open","ping_status":"open","sticky":false,"template":"","format":"standard","meta":[],"categories":[235,738],"tags":[1276,351,343,285,277],"acf":[],"yoast_head":"<!-- This site is optimized with the Yoast SEO plugin v19.10 - https:\/\/yoast.com\/wordpress\/plugins\/seo\/ -->\n<title>El poder de estar asociad@ - Baztan Bidasoa Turismoa<\/title>\n<meta name=\"description\" content=\"La Asociaci\u00f3n Tur\u00edstica Baztan-Bidasoa Turismoa hace frente a la &quot;nueva normalidad&quot; con ilusi\u00f3n y con la fuerza de todos l@s asociad@s \u00a1Juntos m\u00e1s fuertes!\" \/>\n<meta name=\"robots\" content=\"index, follow, max-snippet:-1, max-image-preview:large, max-video-preview:-1\" \/>\n<link rel=\"canonical\" href=\"https:\/\/baztan-bidasoa.com\/desarrollo\/el-poder-de-estar-asociad\/\" \/>\n<meta property=\"og:locale\" content=\"es_ES\" \/>\n<meta property=\"og:type\" content=\"article\" \/>\n<meta property=\"og:title\" content=\"El poder de estar asociad@ - Baztan Bidasoa Turismoa\" \/>\n<meta property=\"og:description\" content=\"La Asociaci\u00f3n Tur\u00edstica Baztan-Bidasoa Turismoa hace frente a la &quot;nueva normalidad&quot; con ilusi\u00f3n y con la fuerza de todos l@s asociad@s \u00a1Juntos m\u00e1s fuertes!\" \/>\n<meta property=\"og:url\" content=\"https:\/\/baztan-bidasoa.com\/desarrollo\/el-poder-de-estar-asociad\/\" \/>\n<meta property=\"og:site_name\" content=\"Baztan Bidasoa Turismoa\" \/>\n<meta property=\"article:published_time\" content=\"2020-06-04T12:16:57+00:00\" \/>\n<meta property=\"article:modified_time\" content=\"2020-06-04T12:36:48+00:00\" \/>\n<meta property=\"og:image\" content=\"https:\/\/baztan-bidasoa.com\/desarrollo\/wp-content\/uploads\/2020\/06\/photo-1527525443983-6e60c75fff46.jpg\" \/>\n\t<meta property=\"og:image:width\" content=\"500\" \/>\n\t<meta property=\"og:image:height\" content=\"755\" \/>\n\t<meta property=\"og:image:type\" content=\"image\/jpeg\" \/>\n<meta name=\"author\" content=\"Administratzailea\" \/>\n<meta name=\"twitter:card\" content=\"summary_large_image\" \/>\n<meta name=\"twitter:label1\" content=\"Escrito por\" \/>\n\t<meta name=\"twitter:data1\" content=\"Administratzailea\" \/>\n\t<meta name=\"twitter:label2\" content=\"Tiempo de lectura\" \/>\n\t<meta name=\"twitter:data2\" content=\"2 minutos\" \/>\n<script type=\"application\/ld+json\" class=\"yoast-schema-graph\">{\"@context\":\"https:\/\/schema.org\",\"@graph\":[{\"@type\":\"WebPage\",\"@id\":\"https:\/\/baztan-bidasoa.com\/desarrollo\/el-poder-de-estar-asociad\/\",\"url\":\"https:\/\/baztan-bidasoa.com\/desarrollo\/el-poder-de-estar-asociad\/\",\"name\":\"El poder de estar asociad@ - Baztan Bidasoa Turismoa\",\"isPartOf\":{\"@id\":\"https:\/\/baztan-bidasoa.com\/desarrollo\/#website\"},\"datePublished\":\"2020-06-04T12:16:57+00:00\",\"dateModified\":\"2020-06-04T12:36:48+00:00\",\"author\":{\"@id\":\"https:\/\/baztan-bidasoa.com\/desarrollo\/#\/schema\/person\/452c612bf12670972cc98425f3134f51\"},\"description\":\"La Asociaci\u00f3n Tur\u00edstica Baztan-Bidasoa Turismoa hace frente a la \\\"nueva normalidad\\\" con ilusi\u00f3n y con la fuerza de todos l@s asociad@s \u00a1Juntos m\u00e1s fuertes!\",\"breadcrumb\":{\"@id\":\"https:\/\/baztan-bidasoa.com\/desarrollo\/el-poder-de-estar-asociad\/#breadcrumb\"},\"inLanguage\":\"es\",\"potentialAction\":[{\"@type\":\"ReadAction\",\"target\":[\"https:\/\/baztan-bidasoa.com\/desarrollo\/el-poder-de-estar-asociad\/\"]}]},{\"@type\":\"BreadcrumbList\",\"@id\":\"https:\/\/baztan-bidasoa.com\/desarrollo\/el-poder-de-estar-asociad\/#breadcrumb\",\"itemListElement\":[{\"@type\":\"ListItem\",\"position\":1,\"name\":\"Portada\",\"item\":\"https:\/\/baztan-bidasoa.com\/desarrollo\/\"},{\"@type\":\"ListItem\",\"position\":2,\"name\":\"El poder de estar asociad@\"}]},{\"@type\":\"WebSite\",\"@id\":\"https:\/\/baztan-bidasoa.com\/desarrollo\/#website\",\"url\":\"https:\/\/baztan-bidasoa.com\/desarrollo\/\",\"name\":\"Baztan Bidasoa Turismoa\",\"description\":\"Asociaci\u00f3n Tur\u00edstica Baztan-Bidasoa Turismo Elkartea\",\"potentialAction\":[{\"@type\":\"SearchAction\",\"target\":{\"@type\":\"EntryPoint\",\"urlTemplate\":\"https:\/\/baztan-bidasoa.com\/desarrollo\/?s={search_term_string}\"},\"query-input\":\"required name=search_term_string\"}],\"inLanguage\":\"es\"},{\"@type\":\"Person\",\"@id\":\"https:\/\/baztan-bidasoa.com\/desarrollo\/#\/schema\/person\/452c612bf12670972cc98425f3134f51\",\"name\":\"Administratzailea\",\"image\":{\"@type\":\"ImageObject\",\"inLanguage\":\"es\",\"@id\":\"https:\/\/baztan-bidasoa.com\/desarrollo\/#\/schema\/person\/image\/\",\"url\":\"https:\/\/secure.gravatar.com\/avatar\/29c2982caf469d456254077da7668825?s=96&d=mm&r=g\",\"contentUrl\":\"https:\/\/secure.gravatar.com\/avatar\/29c2982caf469d456254077da7668825?s=96&d=mm&r=g\",\"caption\":\"Administratzailea\"}}]}<\/script>\n<!-- \/ Yoast SEO plugin. -->","yoast_head_json":{"title":"El poder de estar asociad@ - Baztan Bidasoa Turismoa","description":"La Asociaci\u00f3n Tur\u00edstica Baztan-Bidasoa Turismoa hace frente a la \"nueva normalidad\" con ilusi\u00f3n y con la fuerza de todos l@s asociad@s \u00a1Juntos m\u00e1s fuertes!","robots":{"index":"index","follow":"follow","max-snippet":"max-snippet:-1","max-image-preview":"max-image-preview:large","max-video-preview":"max-video-preview:-1"},"canonical":"https:\/\/baztan-bidasoa.com\/desarrollo\/el-poder-de-estar-asociad\/","og_locale":"es_ES","og_type":"article","og_title":"El poder de estar asociad@ - Baztan Bidasoa Turismoa","og_description":"La Asociaci\u00f3n Tur\u00edstica Baztan-Bidasoa Turismoa hace frente a la \"nueva normalidad\" con ilusi\u00f3n y con la fuerza de todos l@s asociad@s \u00a1Juntos m\u00e1s fuertes!","og_url":"https:\/\/baztan-bidasoa.com\/desarrollo\/el-poder-de-estar-asociad\/","og_site_name":"Baztan Bidasoa Turismoa","article_published_time":"2020-06-04T12:16:57+00:00","article_modified_time":"2020-06-04T12:36:48+00:00","og_image":[{"width":500,"height":755,"url":"https:\/\/baztan-bidasoa.com\/desarrollo\/wp-content\/uploads\/2020\/06\/photo-1527525443983-6e60c75fff46.jpg","type":"image\/jpeg"}],"author":"Administratzailea","twitter_card":"summary_large_image","twitter_misc":{"Escrito por":"Administratzailea","Tiempo de lectura":"2 minutos"},"schema":{"@context":"https:\/\/schema.org","@graph":[{"@type":"WebPage","@id":"https:\/\/baztan-bidasoa.com\/desarrollo\/el-poder-de-estar-asociad\/","url":"https:\/\/baztan-bidasoa.com\/desarrollo\/el-poder-de-estar-asociad\/","name":"El poder de estar asociad@ - Baztan Bidasoa Turismoa","isPartOf":{"@id":"https:\/\/baztan-bidasoa.com\/desarrollo\/#website"},"datePublished":"2020-06-04T12:16:57+00:00","dateModified":"2020-06-04T12:36:48+00:00","author":{"@id":"https:\/\/baztan-bidasoa.com\/desarrollo\/#\/schema\/person\/452c612bf12670972cc98425f3134f51"},"description":"La Asociaci\u00f3n Tur\u00edstica Baztan-Bidasoa Turismoa hace frente a la \"nueva normalidad\" con ilusi\u00f3n y con la fuerza de todos l@s asociad@s \u00a1Juntos m\u00e1s fuertes!","breadcrumb":{"@id":"https:\/\/baztan-bidasoa.com\/desarrollo\/el-poder-de-estar-asociad\/#breadcrumb"},"inLanguage":"es","potentialAction":[{"@type":"ReadAction","target":["https:\/\/baztan-bidasoa.com\/desarrollo\/el-poder-de-estar-asociad\/"]}]},{"@type":"BreadcrumbList","@id":"https:\/\/baztan-bidasoa.com\/desarrollo\/el-poder-de-estar-asociad\/#breadcrumb","itemListElement":[{"@type":"ListItem","position":1,"name":"Portada","item":"https:\/\/baztan-bidasoa.com\/desarrollo\/"},{"@type":"ListItem","position":2,"name":"El poder de estar asociad@"}]},{"@type":"WebSite","@id":"https:\/\/baztan-bidasoa.com\/desarrollo\/#website","url":"https:\/\/baztan-bidasoa.com\/desarrollo\/","name":"Baztan Bidasoa Turismoa","description":"Asociaci\u00f3n Tur\u00edstica Baztan-Bidasoa Turismo Elkartea","potentialAction":[{"@type":"SearchAction","target":{"@type":"EntryPoint","urlTemplate":"https:\/\/baztan-bidasoa.com\/desarrollo\/?s={search_term_string}"},"query-input":"required name=search_term_string"}],"inLanguage":"es"},{"@type":"Person","@id":"https:\/\/baztan-bidasoa.com\/desarrollo\/#\/schema\/person\/452c612bf12670972cc98425f3134f51","name":"Administratzailea","image":{"@type":"ImageObject","inLanguage":"es","@id":"https:\/\/baztan-bidasoa.com\/desarrollo\/#\/schema\/person\/image\/","url":"https:\/\/secure.gravatar.com\/avatar\/29c2982caf469d456254077da7668825?s=96&d=mm&r=g","contentUrl":"https:\/\/secure.gravatar.com\/avatar\/29c2982caf469d456254077da7668825?s=96&d=mm&r=g","caption":"Administratzailea"}}]}},"_links":{"self":[{"href":"https:\/\/baztan-bidasoa.com\/desarrollo\/wp-json\/wp\/v2\/posts\/26840"}],"collection":[{"href":"https:\/\/baztan-bidasoa.com\/desarrollo\/wp-json\/wp\/v2\/posts"}],"about":[{"href":"https:\/\/baztan-bidasoa.com\/desarrollo\/wp-json\/wp\/v2\/types\/post"}],"author":[{"embeddable":true,"href":"https:\/\/baztan-bidasoa.com\/desarrollo\/wp-json\/wp\/v2\/users\/5"}],"replies":[{"embeddable":true,"href":"https:\/\/baztan-bidasoa.com\/desarrollo\/wp-json\/wp\/v2\/comments?post=26840"}],"version-history":[{"count":1,"href":"https:\/\/baztan-bidasoa.com\/desarrollo\/wp-json\/wp\/v2\/posts\/26840\/revisions"}],"predecessor-version":[{"id":26841,"href":"https:\/\/baztan-bidasoa.com\/desarrollo\/wp-json\/wp\/v2\/posts\/26840\/revisions\/26841"}],"wp:featuredmedia":[{"embeddable":true,"href":"https:\/\/baztan-bidasoa.com\/desarrollo\/wp-json\/wp\/v2\/media\/26842"}],"wp:attachment":[{"href":"https:\/\/baztan-bidasoa.com\/desarrollo\/wp-json\/wp\/v2\/media?parent=26840"}],"wp:term":[{"taxonomy":"category","embeddable":true,"href":"https:\/\/baztan-bidasoa.com\/desarrollo\/wp-json\/wp\/v2\/categories?post=26840"},{"taxonomy":"post_tag","embeddable":true,"href":"https:\/\/baztan-bidasoa.com\/desarrollo\/wp-json\/wp\/v2\/tags?post=26840"}],"curies":[{"name":"wp","href":"https:\/\/api.w.org\/{rel}","templated":true}]}}