{"id":26291,"date":"2020-04-21T11:05:07","date_gmt":"2020-04-21T11:05:07","guid":{"rendered":"https:\/\/baztan-bidasoa.com\/desarrollo\/?p=26291"},"modified":"2020-05-21T09:30:23","modified_gmt":"2020-05-21T09:30:23","slug":"ezagutu-gaitzazu-kanpaina","status":"publish","type":"post","link":"https:\/\/baztan-bidasoa.com\/desarrollo\/eu\/ezagutu-gaitzazu-kanpaina\/","title":{"rendered":"Ezagutu gaitzazu! Kanpaina"},"content":{"rendered":"<p><strong>Ezagutu gaitzazu!<\/strong> Horixe, Baztan-Bidasoa Turismo Elkarteak derrigorrezko etxeratze honetan abian jarri duen\u00a0 kanpaina.<\/p>\n<p>Zu ezin zara gu bisitatzera etorri, baina gu zure etxean sar gaitezke. Sare sozialak baliatuko ditugu gure kideak nortzuk diren eta konfinamendu egoera hau nola jasaten ari diren ezagutu dezazun. Zure baimenarekin&#8230;zure etxean sartuko gara!<\/p>\n<p>Landetxeak, hotelak, kanpinak, jatetxeak, aktibitate eta zerbitzu enpresak,&#8230;denak itxita daude. Itxita bai baina ez geldirik! Ikusi!!!!<\/p>\n<p>Egunero bideotxo bat zintzilikatu dugu <a href=\"https:\/\/www.facebook.com\/baztanbidasoaturismo\/?ref=bookmarks\">Facebook<\/a> eta <a href=\"https:\/\/twitter.com\/Baztan_Bidasoa\">Twitterren.<\/a><\/p>\n<p>Gure aktibitatea ezagutzeko sare sozialetan jarratu ahal diguzu eta Elkartearen eta eskualdeko albisteak etxean jaso nahi izanez gero, eman izena gure web guneko <a href=\"https:\/\/baztan-bidasoa.us20.list-manage.com\/subscribe\/post?u=7c9a2797de204416f96164681&amp;id=06742fad06\">Newsletter<\/a>-ean eta bi astetik behin gure berri izanen duzu.<\/p>\n<p><strong>\u00a0COVID&#8217;19tik BAZTAN-BIDASOA&#8217;20ra<\/strong><\/p>\n<p>Hementxe dituzu orain arte argitaratutako bideo guztien loturak. Egin klik argazkian eta ikusi nor garen! Ezagutu gaitzazu!!!<\/p>\n<p>&nbsp;<\/p>\n<p><strong>1.\u00bbEguneratzen<\/strong>\u00ab.\u00a0 Leihotik begiratzerakoan mundua gelditu dela iduri badu ere, gure kideak lanean dabiltza buru-belarri itzulera prestatzen. Egin klik argazkian eta ikusi nor garen!<\/p>\n<figure id=\"attachment_22160\" aria-describedby=\"caption-attachment-22160\" style=\"width: 295px\" class=\"wp-caption alignnone\"><a href=\"https:\/\/drive.google.com\/file\/d\/1Wua2r5EPRLcwB5EusJhzOzYL_2XDQO2L\/view?usp=sharing\"><img decoding=\"async\" loading=\"lazy\" class=\"wp-image-22160\" src=\"https:\/\/baztan-bidasoa.com\/desarrollo\/wp-content\/uploads\/2020\/04\/mirador-de-igantzi-1-300x182.jpg\" alt=\"&quot;Puesta a punto&quot;\" width=\"295\" height=\"179\" srcset=\"https:\/\/baztan-bidasoa.com\/desarrollo\/wp-content\/uploads\/2020\/04\/mirador-de-igantzi-1-300x182.jpg 300w, https:\/\/baztan-bidasoa.com\/desarrollo\/wp-content\/uploads\/2020\/04\/mirador-de-igantzi-1-768x466.jpg 768w, https:\/\/baztan-bidasoa.com\/desarrollo\/wp-content\/uploads\/2020\/04\/mirador-de-igantzi-1-600x364.jpg 600w, https:\/\/baztan-bidasoa.com\/desarrollo\/wp-content\/uploads\/2020\/04\/mirador-de-igantzi-1.jpg 900w\" sizes=\"(max-width: 295px) 100vw, 295px\" \/><\/a><figcaption id=\"caption-attachment-22160\" class=\"wp-caption-text\">\u00abEguneratzen\u00bb<\/figcaption><\/figure>\n<p>&nbsp;<\/p>\n<p><strong>2. Ixiart, Euskal Artisautza<\/strong>. #Ixiart, Euskal Atisautza denda Bertizeko Natur Parkean dago, Turismo Bulegoa dagoen eraikin berean. Martxoaren 14az geroztik itxita dago, baina Itziar Mielgo artisauak etxeko tailerrean lanean jarraitzen du.<\/p>\n<p>Egin klik argazkian eta ikusi bideoa<\/p>\n<p><a href=\"https:\/\/drive.google.com\/file\/d\/1x0m0amzd6jQHaoL6FHQ4JP7QWCarBMft\/view?usp=sharing\"><img decoding=\"async\" loading=\"lazy\" class=\"wp-image-22904 size-medium\" src=\"https:\/\/baztan-bidasoa.com\/desarrollo\/wp-content\/uploads\/2020\/04\/IMG_1171-2-300x200.jpg\" alt=\"Ixiart, tienda de artesan\u00eda\" width=\"300\" height=\"200\" srcset=\"https:\/\/baztan-bidasoa.com\/desarrollo\/wp-content\/uploads\/2020\/04\/IMG_1171-2-300x200.jpg 300w, https:\/\/baztan-bidasoa.com\/desarrollo\/wp-content\/uploads\/2020\/04\/IMG_1171-2-1024x682.jpg 1024w, https:\/\/baztan-bidasoa.com\/desarrollo\/wp-content\/uploads\/2020\/04\/IMG_1171-2-768x511.jpg 768w, https:\/\/baztan-bidasoa.com\/desarrollo\/wp-content\/uploads\/2020\/04\/IMG_1171-2-1536x1023.jpg 1536w, https:\/\/baztan-bidasoa.com\/desarrollo\/wp-content\/uploads\/2020\/04\/IMG_1171-2-2048x1364.jpg 2048w, https:\/\/baztan-bidasoa.com\/desarrollo\/wp-content\/uploads\/2020\/04\/IMG_1171-2-600x399.jpg 600w\" sizes=\"(max-width: 300px) 100vw, 300px\" \/><\/a><\/p>\n<p>Ixiart, Euskal artisautza<\/p>\n<p>&nbsp;<\/p>\n<p><strong>3. Autxitxia Gasnategia<\/strong>. Autxitxia gasnategia eta denda Elizondon dago, Ziga margolariaren plazan, Muniartea zubitik hurbil. Itxita egon arren, Ramon egunero joaten da bertara gasnak mimoz zaintzera.<\/p>\n<p>Egin klik argazkian eta ikusi bideoa<\/p>\n<figure id=\"attachment_22366\" aria-describedby=\"caption-attachment-22366\" style=\"width: 295px\" class=\"wp-caption alignnone\"><a href=\"https:\/\/drive.google.com\/file\/d\/1reLX8Q6Gc5ZGq1mLujRz5oxbmXifGCrg\/view?usp=sharing\"><img decoding=\"async\" loading=\"lazy\" class=\"wp-image-22366\" src=\"https:\/\/baztan-bidasoa.com\/desarrollo\/wp-content\/uploads\/2020\/04\/Autxitxia-denda-II-2.jpg\" alt=\"Queser\u00eda Autxitxia Gasnategia\" width=\"295\" height=\"196\" \/><\/a><figcaption id=\"caption-attachment-22366\" class=\"wp-caption-text\">Autxitxia Gasnategia<\/figcaption><\/figure>\n<p>&nbsp;<\/p>\n<p><strong>4. Malkorra Gozotegia.<\/strong> Pertsiana jaitsita dago Malkorra gozotegian eta txokolatea egiteko makinak geldirik. . Pello Ala\u00f1a gozogilearekin izan gara.<\/p>\n<p>Egin klik argazkian eta ikusi bideoa<\/p>\n<figure id=\"attachment_5767\" aria-describedby=\"caption-attachment-5767\" style=\"width: 300px\" class=\"wp-caption alignnone\"><a href=\"https:\/\/drive.google.com\/file\/d\/1BXeFxI6mPPjSVjp8ez4-WdD7Z1F5zDSE\/view?usp=sharing\"><img decoding=\"async\" loading=\"lazy\" class=\"wp-image-5767 size-medium\" src=\"https:\/\/baztan-bidasoa.com\/desarrollo\/wp-content\/uploads\/2019\/12\/malkorra-ezliondo2-600x400-300x200.jpg\" alt=\"Pasteler\u00eda Malkorra Gozotegia\" width=\"300\" height=\"200\" srcset=\"https:\/\/baztan-bidasoa.com\/desarrollo\/wp-content\/uploads\/2019\/12\/malkorra-ezliondo2-600x400-300x200.jpg 300w, https:\/\/baztan-bidasoa.com\/desarrollo\/wp-content\/uploads\/2019\/12\/malkorra-ezliondo2-600x400.jpg 600w\" sizes=\"(max-width: 300px) 100vw, 300px\" \/><\/a><figcaption id=\"caption-attachment-5767\" class=\"wp-caption-text\">Malkorra Gozotegia<\/figcaption><\/figure>\n<p>&nbsp;<\/p>\n<p><strong>5. Etxalarko Herriko Ostatua<\/strong>. Ez dago jai girorik Etxalarko Herriko Ostatuan. Ateak itxita, Axunek lanean jarraitzen du, batez ere asteburuetan. Pizzak etxera eramateko eskaintza jarri du martxan (Etxalarren bertan).<\/p>\n<p>Egin klik argazkian eta ikusi bideoa<\/p>\n<figure id=\"attachment_6081\" aria-describedby=\"caption-attachment-6081\" style=\"width: 300px\" class=\"wp-caption alignleft\"><a href=\"https:\/\/drive.google.com\/file\/d\/1yTw2H_oNczjaKevn8wL7SCBFjRi0cspO\/view\"><img decoding=\"async\" loading=\"lazy\" class=\"wp-image-6081 size-medium\" src=\"https:\/\/baztan-bidasoa.com\/desarrollo\/wp-content\/uploads\/2019\/12\/HerrikoOstatuaEtxalar2-300x200.jpg\" alt=\"Herriko Ostatua Etxalar\" width=\"300\" height=\"200\" srcset=\"https:\/\/baztan-bidasoa.com\/desarrollo\/wp-content\/uploads\/2019\/12\/HerrikoOstatuaEtxalar2-300x200.jpg 300w, https:\/\/baztan-bidasoa.com\/desarrollo\/wp-content\/uploads\/2019\/12\/HerrikoOstatuaEtxalar2.jpg 600w\" sizes=\"(max-width: 300px) 100vw, 300px\" \/><\/a><figcaption id=\"caption-attachment-6081\" class=\"wp-caption-text\">Herriko Ostatua Etxalar<\/figcaption><\/figure>\n<p>&nbsp;<\/p>\n<p>&nbsp;<\/p>\n<p>&nbsp;<\/p>\n<p>&nbsp;<\/p>\n<p>&nbsp;<\/p>\n<p>&nbsp;<\/p>\n<p>&nbsp;<\/p>\n<p><strong>6. Elbeteko Posada<\/strong>. Elbeteko Posadan jatetxea itxita dago, baina Belenek, Carlosek eta haien seme-alabek badute lana baratzean. Belen gainera ari da plater berriak asmatzen.. Probatzeko irrikitan gaude!<\/p>\n<p>Egin klik argazkian eta ikusi bideoa<\/p>\n<figure id=\"attachment_22184\" aria-describedby=\"caption-attachment-22184\" style=\"width: 267px\" class=\"wp-caption alignnone\"><a href=\"https:\/\/drive.google.com\/file\/d\/1Tg2paZva3XbTMBqfup369iiJLowwEztP\/view?usp=sharing\"><img decoding=\"async\" loading=\"lazy\" class=\"wp-image-22184 \" src=\"https:\/\/baztan-bidasoa.com\/desarrollo\/wp-content\/uploads\/2020\/04\/posada-elbete-1-300x225.jpg\" alt=\"Elbeteko Posada \" width=\"267\" height=\"200\" srcset=\"https:\/\/baztan-bidasoa.com\/desarrollo\/wp-content\/uploads\/2020\/04\/posada-elbete-1-300x225.jpg 300w, https:\/\/baztan-bidasoa.com\/desarrollo\/wp-content\/uploads\/2020\/04\/posada-elbete-1-768x576.jpg 768w, https:\/\/baztan-bidasoa.com\/desarrollo\/wp-content\/uploads\/2020\/04\/posada-elbete-1-600x450.jpg 600w, https:\/\/baztan-bidasoa.com\/desarrollo\/wp-content\/uploads\/2020\/04\/posada-elbete-1.jpg 900w\" sizes=\"(max-width: 267px) 100vw, 267px\" \/><\/a><figcaption id=\"caption-attachment-22184\" class=\"wp-caption-text\">Elbeteko Posada<\/figcaption><\/figure>\n<p>&nbsp;<\/p>\n<p><strong>7. Iratxekoberea #landetxea (Bera)<\/strong>. Maitetxu Leonis eta haren familia Iratxekoberea landetxea eta inguru guztia mimoz zaintzen ari dira. Larun mendira igotzeko bidean dago Iratxekoberea, naturaz iguratutako parajean.<\/p>\n<p>Egin klik argazkian eta ikusi bideoa<\/p>\n<figure id=\"attachment_23262\" aria-describedby=\"caption-attachment-23262\" style=\"width: 273px\" class=\"wp-caption alignnone\"><a href=\"https:\/\/drive.google.com\/file\/d\/1wxqOhd7yKls3veCwnDK2CWg9Tqa2ekDp\/view?usp=sharing\"><img decoding=\"async\" loading=\"lazy\" class=\"wp-image-23262\" src=\"https:\/\/baztan-bidasoa.com\/desarrollo\/wp-content\/uploads\/2020\/04\/Pottokas-en-Larun-5-300x225.jpg\" alt=\"Monte Larun\" width=\"273\" height=\"205\" srcset=\"https:\/\/baztan-bidasoa.com\/desarrollo\/wp-content\/uploads\/2020\/04\/Pottokas-en-Larun-5-300x225.jpg 300w, https:\/\/baztan-bidasoa.com\/desarrollo\/wp-content\/uploads\/2020\/04\/Pottokas-en-Larun-5-1024x768.jpg 1024w, https:\/\/baztan-bidasoa.com\/desarrollo\/wp-content\/uploads\/2020\/04\/Pottokas-en-Larun-5-768x576.jpg 768w, https:\/\/baztan-bidasoa.com\/desarrollo\/wp-content\/uploads\/2020\/04\/Pottokas-en-Larun-5-1536x1152.jpg 1536w, https:\/\/baztan-bidasoa.com\/desarrollo\/wp-content\/uploads\/2020\/04\/Pottokas-en-Larun-5-2048x1536.jpg 2048w, https:\/\/baztan-bidasoa.com\/desarrollo\/wp-content\/uploads\/2020\/04\/Pottokas-en-Larun-5-600x450.jpg 600w\" sizes=\"(max-width: 273px) 100vw, 273px\" \/><\/a><figcaption id=\"caption-attachment-23262\" class=\"wp-caption-text\">Ba al zenekien Iratxekobereatik bertatik Larunera igo ahal zarela?<\/figcaption><\/figure>\n<p>&nbsp;<\/p>\n<p><strong>8. Orbela aterpetxea.<\/strong> Beintza-Labaiengo Orbela aterpetxean ez dira haurren ahotsak entzuten, ez dago kurtso bukaerako kanpaldirik. Mikelek eta Idoiak udako kanpaldiak egin ahal izatea espero dute, euren aterpetxeko ateak lehen bait lehen zabaldu ahal izatea. Inguruko parajeak eta haiek eskaintzen duten tratu xamurra da bezeroek gehien estimatzen dutena.<\/p>\n<p>Egin klik argazkian eta ikusi bideoa<\/p>\n<p><a href=\"https:\/\/drive.google.com\/file\/d\/1AOML1vGr3UKlFr--mlbrUQp_xYzW_zvN\/view?usp=sharing\"><img decoding=\"async\" loading=\"lazy\" class=\"wp-image-22881\" src=\"https:\/\/baztan-bidasoa.com\/desarrollo\/wp-content\/uploads\/2020\/04\/orbela-1-300x300.jpg\" alt=\"Leurtzako urtegia\" width=\"258\" height=\"258\" srcset=\"https:\/\/baztan-bidasoa.com\/desarrollo\/wp-content\/uploads\/2020\/04\/orbela-1-300x300.jpg 300w, https:\/\/baztan-bidasoa.com\/desarrollo\/wp-content\/uploads\/2020\/04\/orbela-1-150x150.jpg 150w, https:\/\/baztan-bidasoa.com\/desarrollo\/wp-content\/uploads\/2020\/04\/orbela-1-230x230.jpg 230w, https:\/\/baztan-bidasoa.com\/desarrollo\/wp-content\/uploads\/2020\/04\/orbela-1-400x400.jpg 400w, https:\/\/baztan-bidasoa.com\/desarrollo\/wp-content\/uploads\/2020\/04\/orbela-1.jpg 450w\" sizes=\"(max-width: 258px) 100vw, 258px\" \/><\/a><\/p>\n<p>Beintza-Labaiengo Orbela aterpetxean kanpaldia<\/p>\n<p>&nbsp;<\/p>\n<p><strong>9.\u00a0 Trinkete Antxitonea hostal.<\/strong>\u00a0 Elizondoko Txokoto auzoan, Baztan bailaran dago Antxitonea hostala. Egun pertsianak eta leihoak itxita ditu. Frantzis, jabeak, erreserba guztiak bertan behera utzi behar izan dituztela kontatu digu. Halere, baikorra da, eta udan lana egin ahal izatea espero du.<\/p>\n<p>Egin klik argazkian eta ikusi bideoa<\/p>\n<figure id=\"attachment_22943\" aria-describedby=\"caption-attachment-22943\" style=\"width: 288px\" class=\"wp-caption alignnone\"><a href=\"https:\/\/drive.google.com\/file\/d\/1RcjLSTQZGtSOvIeuEIMTuNjgBWzQbeNr\/view?usp=sharing\"><img decoding=\"async\" loading=\"lazy\" class=\"wp-image-22943\" src=\"https:\/\/baztan-bidasoa.com\/desarrollo\/wp-content\/uploads\/2020\/04\/elizondo-baztan2-2-300x225.jpg\" alt=\"Presa de Txokoto\" width=\"288\" height=\"216\" srcset=\"https:\/\/baztan-bidasoa.com\/desarrollo\/wp-content\/uploads\/2020\/04\/elizondo-baztan2-2-300x225.jpg 300w, https:\/\/baztan-bidasoa.com\/desarrollo\/wp-content\/uploads\/2020\/04\/elizondo-baztan2-2-1024x768.jpg 1024w, https:\/\/baztan-bidasoa.com\/desarrollo\/wp-content\/uploads\/2020\/04\/elizondo-baztan2-2-768x576.jpg 768w, https:\/\/baztan-bidasoa.com\/desarrollo\/wp-content\/uploads\/2020\/04\/elizondo-baztan2-2-600x450.jpg 600w, https:\/\/baztan-bidasoa.com\/desarrollo\/wp-content\/uploads\/2020\/04\/elizondo-baztan2-2.jpg 1200w\" sizes=\"(max-width: 288px) 100vw, 288px\" \/><\/a><figcaption id=\"caption-attachment-22943\" class=\"wp-caption-text\">Txokotoko presa<\/figcaption><\/figure>\n<p><strong>10. Jauregia Esnekiak. <\/strong><span data-offset-key=\"aq8ou-0-0\">Gasna, yogurt, eneski ekologikoak. Krisiari aurre egiteko etxez-etxeko banaketari ekin diote. Mikel Azkaratek gasnategiko ateak zabaldu dizkugu euren lana erakusteko. Sartu eta ikusi!<\/span><\/p>\n<p><span data-offset-key=\"aq8ou-0-0\">Bertako produktuen kontsumoaren alde, bertako ekonomia berpizteko!<\/span><\/p>\n<p>Egin klik argazkian eta ikusi bideoa<\/p>\n<figure id=\"attachment_22097\" aria-describedby=\"caption-attachment-22097\" style=\"width: 300px\" class=\"wp-caption alignnone\"><a href=\"https:\/\/drive.google.com\/file\/d\/1DoSnxybvviOHQhlKL0RBM14Btf10JC5_\/view?usp=sharing\"><img decoding=\"async\" loading=\"lazy\" class=\"wp-image-22097 size-medium\" src=\"https:\/\/baztan-bidasoa.com\/desarrollo\/wp-content\/uploads\/2020\/04\/jauregia-queseria3-1-300x225.jpg\" alt=\"Jauregia Esnekiak\" width=\"300\" height=\"225\" srcset=\"https:\/\/baztan-bidasoa.com\/desarrollo\/wp-content\/uploads\/2020\/04\/jauregia-queseria3-1-300x225.jpg 300w, https:\/\/baztan-bidasoa.com\/desarrollo\/wp-content\/uploads\/2020\/04\/jauregia-queseria3-1-768x576.jpg 768w, https:\/\/baztan-bidasoa.com\/desarrollo\/wp-content\/uploads\/2020\/04\/jauregia-queseria3-1-600x450.jpg 600w, https:\/\/baztan-bidasoa.com\/desarrollo\/wp-content\/uploads\/2020\/04\/jauregia-queseria3-1.jpg 1000w\" sizes=\"(max-width: 300px) 100vw, 300px\" \/><\/a><figcaption id=\"caption-attachment-22097\" class=\"wp-caption-text\">Jauregia e Esnekiak<\/figcaption><\/figure>\n<p>&nbsp;<\/p>\n<p><strong>11. Gainkoborda #landetxea (Etxalar).<\/strong> Patxiku Irisarri Gainkobordako nagusiak, liburuak oinarri, eta liburuaren eguna abiapuntu, istorio polit bat proposatzen digu. Amaiera zure esku dago. Konfinamenduak fisikoki mugatu egiten gaitu, baina sormena iratzartzeko eta egoeraz ausnartzeko aukera ere ematen digu. Baliatu dezagun!<\/p>\n<p>Egin klik argazkian eta ikusi bideoa<\/p>\n<figure id=\"attachment_26311\" aria-describedby=\"caption-attachment-26311\" style=\"width: 300px\" class=\"wp-caption alignnone\"><a href=\"https:\/\/drive.google.com\/file\/d\/1Zn80UjNtKlqRbM-DgfkLn09mLWjOnLAh\/view?usp=sharing\"><img decoding=\"async\" loading=\"lazy\" class=\"wp-image-26311 size-medium\" src=\"https:\/\/baztan-bidasoa.com\/desarrollo\/wp-content\/uploads\/2020\/04\/Etxalar-II-300x225.jpg\" alt=\"Etxalar\" width=\"300\" height=\"225\" srcset=\"https:\/\/baztan-bidasoa.com\/desarrollo\/wp-content\/uploads\/2020\/04\/Etxalar-II-300x225.jpg 300w, https:\/\/baztan-bidasoa.com\/desarrollo\/wp-content\/uploads\/2020\/04\/Etxalar-II-1024x768.jpg 1024w, https:\/\/baztan-bidasoa.com\/desarrollo\/wp-content\/uploads\/2020\/04\/Etxalar-II-768x576.jpg 768w, https:\/\/baztan-bidasoa.com\/desarrollo\/wp-content\/uploads\/2020\/04\/Etxalar-II-1536x1152.jpg 1536w, https:\/\/baztan-bidasoa.com\/desarrollo\/wp-content\/uploads\/2020\/04\/Etxalar-II-2048x1536.jpg 2048w, https:\/\/baztan-bidasoa.com\/desarrollo\/wp-content\/uploads\/2020\/04\/Etxalar-II-600x450.jpg 600w\" sizes=\"(max-width: 300px) 100vw, 300px\" \/><\/a><figcaption id=\"caption-attachment-26311\" class=\"wp-caption-text\">Etxalar<\/figcaption><\/figure>\n<p><strong>12. Alkeberea #landetxea (Bera).<\/strong>\u00a0 Laster ikusiko dugulakoan!<\/p>\n<p>Egin klik argazkian eta ikusi bideoa<\/p>\n<p>&nbsp;<\/p>\n<figure id=\"attachment_26628\" aria-describedby=\"caption-attachment-26628\" style=\"width: 364px\" class=\"wp-caption alignnone\"><a href=\"https:\/\/drive.google.com\/file\/d\/1CoHgsycgW2nEmQBuria0AaMh6zomIzR3\/view?usp=sharing\"><img decoding=\"async\" loading=\"lazy\" class=\"wp-image-26628 \" src=\"https:\/\/baztan-bidasoa.com\/desarrollo\/wp-content\/uploads\/2020\/04\/Alkeberea-1-300x196.jpg\" alt=\"ALKEBEREA\" width=\"364\" height=\"238\" srcset=\"https:\/\/baztan-bidasoa.com\/desarrollo\/wp-content\/uploads\/2020\/04\/Alkeberea-1-300x196.jpg 300w, https:\/\/baztan-bidasoa.com\/desarrollo\/wp-content\/uploads\/2020\/04\/Alkeberea-1-1024x670.jpg 1024w, https:\/\/baztan-bidasoa.com\/desarrollo\/wp-content\/uploads\/2020\/04\/Alkeberea-1-768x502.jpg 768w, https:\/\/baztan-bidasoa.com\/desarrollo\/wp-content\/uploads\/2020\/04\/Alkeberea-1-1536x1005.jpg 1536w, https:\/\/baztan-bidasoa.com\/desarrollo\/wp-content\/uploads\/2020\/04\/Alkeberea-1-600x392.jpg 600w, https:\/\/baztan-bidasoa.com\/desarrollo\/wp-content\/uploads\/2020\/04\/Alkeberea-1.jpg 1743w\" sizes=\"(max-width: 364px) 100vw, 364px\" \/><\/a><figcaption id=\"caption-attachment-26628\" class=\"wp-caption-text\">Alkeberea (Bera)<\/figcaption><\/figure>\n<p>&nbsp;<\/p>\n<p><strong>13. Istarbey #landetxea #Elizondo<\/strong>. Karmelek eta Txumak euren landetxeko ateak itxita dauzkate konfinamendua\u00a0 hasi zenetik.Orain, berriro zabaldu ahal izateko prestatzen ari dira.<\/p>\n<p>Egin klik argazkian eta ikusi bideoa<\/p>\n<figure id=\"attachment_26629\" aria-describedby=\"caption-attachment-26629\" style=\"width: 300px\" class=\"wp-caption alignnone\"><a href=\"https:\/\/drive.google.com\/file\/d\/1QIHCTa6F9bwLrLleIljIKBOHuk2qSA7e\/view?usp=sharing\"><img decoding=\"async\" loading=\"lazy\" class=\"wp-image-26629 size-medium\" src=\"https:\/\/baztan-bidasoa.com\/desarrollo\/wp-content\/uploads\/2020\/04\/P1060019-300x225.jpg\" alt=\"Istarbey landetxea\" width=\"300\" height=\"225\" srcset=\"https:\/\/baztan-bidasoa.com\/desarrollo\/wp-content\/uploads\/2020\/04\/P1060019-300x225.jpg 300w, https:\/\/baztan-bidasoa.com\/desarrollo\/wp-content\/uploads\/2020\/04\/P1060019-1024x768.jpg 1024w, https:\/\/baztan-bidasoa.com\/desarrollo\/wp-content\/uploads\/2020\/04\/P1060019-768x576.jpg 768w, https:\/\/baztan-bidasoa.com\/desarrollo\/wp-content\/uploads\/2020\/04\/P1060019-1536x1152.jpg 1536w, https:\/\/baztan-bidasoa.com\/desarrollo\/wp-content\/uploads\/2020\/04\/P1060019-2048x1536.jpg 2048w, https:\/\/baztan-bidasoa.com\/desarrollo\/wp-content\/uploads\/2020\/04\/P1060019-600x450.jpg 600w\" sizes=\"(max-width: 300px) 100vw, 300px\" \/><\/a><figcaption id=\"caption-attachment-26629\" class=\"wp-caption-text\">Istarbey landetxea (Elizondo, Baztan)<\/figcaption><\/figure>\n<p>&nbsp;<\/p>\n<p><strong>14.\u00a0 Arkupe Gozotegia<\/strong>\u00a0 maiatzaren 12an Elizondoko gozotegia zabalduko du eta maiatzaren 15ean Iruritakoa. Elizonokoan egunero lan eginen dute, goizez eta Iruritakoan asteburutan. Horrelako albiste goxoak maite ditugu. eta zuk?<\/p>\n<p>Egin klik argazkian eta ikusi bideoa<\/p>\n<figure id=\"attachment_22170\" aria-describedby=\"caption-attachment-22170\" style=\"width: 297px\" class=\"wp-caption alignnone\"><a href=\"https:\/\/drive.google.com\/file\/d\/1eKAyxELLci3dos-TFgnymR-67hFoq-q8\/view?usp=sharing\"><img decoding=\"async\" loading=\"lazy\" class=\"wp-image-22170 size-medium\" src=\"https:\/\/baztan-bidasoa.com\/desarrollo\/wp-content\/uploads\/2020\/04\/pasteleria-arkupe3-297x300.jpg\" alt=\"TXOKOLATEA EGITEN\" width=\"297\" height=\"300\" srcset=\"https:\/\/baztan-bidasoa.com\/desarrollo\/wp-content\/uploads\/2020\/04\/pasteleria-arkupe3-297x300.jpg 297w, https:\/\/baztan-bidasoa.com\/desarrollo\/wp-content\/uploads\/2020\/04\/pasteleria-arkupe3-768x776.jpg 768w, https:\/\/baztan-bidasoa.com\/desarrollo\/wp-content\/uploads\/2020\/04\/pasteleria-arkupe3-600x606.jpg 600w, https:\/\/baztan-bidasoa.com\/desarrollo\/wp-content\/uploads\/2020\/04\/pasteleria-arkupe3.jpg 850w\" sizes=\"(max-width: 297px) 100vw, 297px\" \/><\/a><figcaption id=\"caption-attachment-22170\" class=\"wp-caption-text\">Pasteler\u00eda Arkupe Gozotegia (Elizondo\/ Irurita)<\/figcaption><\/figure>\n<p><strong>15.\u00a0 Ordoki erretegiak<\/strong> (Ordoki auzoa, Arizkun) maiatzaren 25ean irekiko ditu ateak. Mariak eta Txusek, erretegian lan egiten duten langileekin batera bideotxo hau bidali digute. Lanean hasteko irrikitan daude! Aupa familia!<\/p>\n<p>Egin klik argazkian eta ikusi bideoa<\/p>\n<figure id=\"attachment_26632\" aria-describedby=\"caption-attachment-26632\" style=\"width: 300px\" class=\"wp-caption alignnone\"><a href=\"https:\/\/drive.google.com\/file\/d\/1SypbrUTqvrhk70ogetlnJc83aAbTIvv3\/view?usp=sharing\"><img decoding=\"async\" loading=\"lazy\" class=\"wp-image-26632 size-medium\" src=\"https:\/\/baztan-bidasoa.com\/desarrollo\/wp-content\/uploads\/2020\/04\/Ordokibrasa-300x225.jpg\" alt=\"Asador Ordoki Erretegia\" width=\"300\" height=\"225\" srcset=\"https:\/\/baztan-bidasoa.com\/desarrollo\/wp-content\/uploads\/2020\/04\/Ordokibrasa-300x225.jpg 300w, https:\/\/baztan-bidasoa.com\/desarrollo\/wp-content\/uploads\/2020\/04\/Ordokibrasa-1024x768.jpg 1024w, https:\/\/baztan-bidasoa.com\/desarrollo\/wp-content\/uploads\/2020\/04\/Ordokibrasa-768x576.jpg 768w, https:\/\/baztan-bidasoa.com\/desarrollo\/wp-content\/uploads\/2020\/04\/Ordokibrasa-1536x1152.jpg 1536w, https:\/\/baztan-bidasoa.com\/desarrollo\/wp-content\/uploads\/2020\/04\/Ordokibrasa-2048x1536.jpg 2048w, https:\/\/baztan-bidasoa.com\/desarrollo\/wp-content\/uploads\/2020\/04\/Ordokibrasa-600x450.jpg 600w\" sizes=\"(max-width: 300px) 100vw, 300px\" \/><\/a><figcaption id=\"caption-attachment-26632\" class=\"wp-caption-text\">Asador Ordoki Erretegia<\/figcaption><\/figure>\n<p>&nbsp;<\/p>\n<p>Gure aktibitatea ezagutzeko sare sozialetan jarratu ahal diguzu eta Elkartearen eta eskualdeko albisteak etxean jaso nahi izanez gero, eman izena gure web guneko <a href=\"https:\/\/baztan-bidasoa.us20.list-manage.com\/subscribe\/post?u=7c9a2797de204416f96164681&amp;id=06742fad06\">Newsletter<\/a>-ean eta bi astetik behin gure berri izanen duzu.<\/p>\n<p><strong>\u00a0COVID&#8217;19tik BAZTAN-BIDASOA&#8217;20ra<\/strong><\/p>\n<p>&nbsp;<\/p>\n","protected":false},"excerpt":{"rendered":"<p>Ezagutu gaitzazu! Horixe, Baztan-Bidasoa Turismo Elkarteak derrigorrezko etxeratze honetan abian jarri duen\u00a0 kanpaina. Zu ezin zara gu bisitatzera etorri, baina gu zure etxean sar gaitezke. Sare sozialak baliatuko ditugu gure kideak nortzuk diren eta konfinamendu egoera hau nola jasaten ari diren ezagutu dezazun. Zure baimenarekin&#8230;zure etxean sartuko gara! Landetxeak, hotelak, kanpinak, jatetxeak, aktibitate eta zerbitzu [&hellip;]<\/p>\n","protected":false},"author":5,"featured_media":26292,"comment_status":"open","ping_status":"open","sticky":false,"template":"","format":"standard","meta":[],"categories":[23],"tags":[1203,1201,1166,1205],"acf":[],"yoast_head":"<!-- This site is optimized with the Yoast SEO plugin v19.10 - https:\/\/yoast.com\/wordpress\/plugins\/seo\/ -->\n<title>Ezagutu gaitzazu! Kanpaina - Baztan Bidasoa Turismoa<\/title>\n<meta name=\"description\" content=\"\u00a1Con\u00f3cenos! Ezagutu gaitzazu! es la nueva campa\u00f1a de la Asociaci\u00f3n Tur\u00edstica Baztan-Bidasoa Turismoa. Consiste en la difusi\u00f3n de v\u00eddeos cortos.\" \/>\n<meta name=\"robots\" content=\"index, follow, max-snippet:-1, max-image-preview:large, max-video-preview:-1\" \/>\n<link rel=\"canonical\" href=\"https:\/\/baztan-bidasoa.com\/desarrollo\/eu\/ezagutu-gaitzazu-kanpaina\/\" \/>\n<meta property=\"og:locale\" content=\"es_ES\" \/>\n<meta property=\"og:type\" content=\"article\" \/>\n<meta property=\"og:title\" content=\"Ezagutu gaitzazu! Kanpaina - Baztan Bidasoa Turismoa\" \/>\n<meta property=\"og:description\" content=\"\u00a1Con\u00f3cenos! Ezagutu gaitzazu! es la nueva campa\u00f1a de la Asociaci\u00f3n Tur\u00edstica Baztan-Bidasoa Turismoa. Consiste en la difusi\u00f3n de v\u00eddeos cortos.\" \/>\n<meta property=\"og:url\" content=\"https:\/\/baztan-bidasoa.com\/desarrollo\/eu\/ezagutu-gaitzazu-kanpaina\/\" \/>\n<meta property=\"og:site_name\" content=\"Baztan Bidasoa Turismoa\" \/>\n<meta property=\"article:published_time\" content=\"2020-04-21T11:05:07+00:00\" \/>\n<meta property=\"article:modified_time\" content=\"2020-05-21T09:30:23+00:00\" \/>\n<meta property=\"og:image\" content=\"https:\/\/baztan-bidasoa.com\/desarrollo\/wp-content\/uploads\/2020\/04\/Kartela-bideoak.jpg\" \/>\n\t<meta property=\"og:image:width\" content=\"940\" \/>\n\t<meta property=\"og:image:height\" content=\"788\" \/>\n\t<meta property=\"og:image:type\" content=\"image\/jpeg\" \/>\n<meta name=\"author\" content=\"Administratzailea\" \/>\n<meta name=\"twitter:card\" content=\"summary_large_image\" \/>\n<meta name=\"twitter:label1\" content=\"Escrito por\" \/>\n\t<meta name=\"twitter:data1\" content=\"Administratzailea\" \/>\n\t<meta name=\"twitter:label2\" content=\"Tiempo de lectura\" \/>\n\t<meta name=\"twitter:data2\" content=\"4 minutos\" \/>\n<script type=\"application\/ld+json\" class=\"yoast-schema-graph\">{\"@context\":\"https:\/\/schema.org\",\"@graph\":[{\"@type\":\"WebPage\",\"@id\":\"https:\/\/baztan-bidasoa.com\/desarrollo\/eu\/ezagutu-gaitzazu-kanpaina\/\",\"url\":\"https:\/\/baztan-bidasoa.com\/desarrollo\/eu\/ezagutu-gaitzazu-kanpaina\/\",\"name\":\"Ezagutu gaitzazu! Kanpaina - Baztan Bidasoa Turismoa\",\"isPartOf\":{\"@id\":\"https:\/\/baztan-bidasoa.com\/desarrollo\/#website\"},\"datePublished\":\"2020-04-21T11:05:07+00:00\",\"dateModified\":\"2020-05-21T09:30:23+00:00\",\"author\":{\"@id\":\"https:\/\/baztan-bidasoa.com\/desarrollo\/#\/schema\/person\/452c612bf12670972cc98425f3134f51\"},\"description\":\"\u00a1Con\u00f3cenos! Ezagutu gaitzazu! es la nueva campa\u00f1a de la Asociaci\u00f3n Tur\u00edstica Baztan-Bidasoa Turismoa. Consiste en la difusi\u00f3n de v\u00eddeos cortos.\",\"breadcrumb\":{\"@id\":\"https:\/\/baztan-bidasoa.com\/desarrollo\/eu\/ezagutu-gaitzazu-kanpaina\/#breadcrumb\"},\"inLanguage\":\"es\",\"potentialAction\":[{\"@type\":\"ReadAction\",\"target\":[\"https:\/\/baztan-bidasoa.com\/desarrollo\/eu\/ezagutu-gaitzazu-kanpaina\/\"]}]},{\"@type\":\"BreadcrumbList\",\"@id\":\"https:\/\/baztan-bidasoa.com\/desarrollo\/eu\/ezagutu-gaitzazu-kanpaina\/#breadcrumb\",\"itemListElement\":[{\"@type\":\"ListItem\",\"position\":1,\"name\":\"Portada\",\"item\":\"https:\/\/baztan-bidasoa.com\/desarrollo\/\"},{\"@type\":\"ListItem\",\"position\":2,\"name\":\"Ezagutu gaitzazu! Kanpaina\"}]},{\"@type\":\"WebSite\",\"@id\":\"https:\/\/baztan-bidasoa.com\/desarrollo\/#website\",\"url\":\"https:\/\/baztan-bidasoa.com\/desarrollo\/\",\"name\":\"Baztan Bidasoa Turismoa\",\"description\":\"Asociaci\u00f3n Tur\u00edstica Baztan-Bidasoa Turismo Elkartea\",\"potentialAction\":[{\"@type\":\"SearchAction\",\"target\":{\"@type\":\"EntryPoint\",\"urlTemplate\":\"https:\/\/baztan-bidasoa.com\/desarrollo\/?s={search_term_string}\"},\"query-input\":\"required name=search_term_string\"}],\"inLanguage\":\"es\"},{\"@type\":\"Person\",\"@id\":\"https:\/\/baztan-bidasoa.com\/desarrollo\/#\/schema\/person\/452c612bf12670972cc98425f3134f51\",\"name\":\"Administratzailea\",\"image\":{\"@type\":\"ImageObject\",\"inLanguage\":\"es\",\"@id\":\"https:\/\/baztan-bidasoa.com\/desarrollo\/#\/schema\/person\/image\/\",\"url\":\"https:\/\/secure.gravatar.com\/avatar\/29c2982caf469d456254077da7668825?s=96&d=mm&r=g\",\"contentUrl\":\"https:\/\/secure.gravatar.com\/avatar\/29c2982caf469d456254077da7668825?s=96&d=mm&r=g\",\"caption\":\"Administratzailea\"}}]}<\/script>\n<!-- \/ Yoast SEO plugin. -->","yoast_head_json":{"title":"Ezagutu gaitzazu! Kanpaina - Baztan Bidasoa Turismoa","description":"\u00a1Con\u00f3cenos! Ezagutu gaitzazu! es la nueva campa\u00f1a de la Asociaci\u00f3n Tur\u00edstica Baztan-Bidasoa Turismoa. Consiste en la difusi\u00f3n de v\u00eddeos cortos.","robots":{"index":"index","follow":"follow","max-snippet":"max-snippet:-1","max-image-preview":"max-image-preview:large","max-video-preview":"max-video-preview:-1"},"canonical":"https:\/\/baztan-bidasoa.com\/desarrollo\/eu\/ezagutu-gaitzazu-kanpaina\/","og_locale":"es_ES","og_type":"article","og_title":"Ezagutu gaitzazu! Kanpaina - Baztan Bidasoa Turismoa","og_description":"\u00a1Con\u00f3cenos! Ezagutu gaitzazu! es la nueva campa\u00f1a de la Asociaci\u00f3n Tur\u00edstica Baztan-Bidasoa Turismoa. Consiste en la difusi\u00f3n de v\u00eddeos cortos.","og_url":"https:\/\/baztan-bidasoa.com\/desarrollo\/eu\/ezagutu-gaitzazu-kanpaina\/","og_site_name":"Baztan Bidasoa Turismoa","article_published_time":"2020-04-21T11:05:07+00:00","article_modified_time":"2020-05-21T09:30:23+00:00","og_image":[{"width":940,"height":788,"url":"https:\/\/baztan-bidasoa.com\/desarrollo\/wp-content\/uploads\/2020\/04\/Kartela-bideoak.jpg","type":"image\/jpeg"}],"author":"Administratzailea","twitter_card":"summary_large_image","twitter_misc":{"Escrito por":"Administratzailea","Tiempo de lectura":"4 minutos"},"schema":{"@context":"https:\/\/schema.org","@graph":[{"@type":"WebPage","@id":"https:\/\/baztan-bidasoa.com\/desarrollo\/eu\/ezagutu-gaitzazu-kanpaina\/","url":"https:\/\/baztan-bidasoa.com\/desarrollo\/eu\/ezagutu-gaitzazu-kanpaina\/","name":"Ezagutu gaitzazu! Kanpaina - Baztan Bidasoa Turismoa","isPartOf":{"@id":"https:\/\/baztan-bidasoa.com\/desarrollo\/#website"},"datePublished":"2020-04-21T11:05:07+00:00","dateModified":"2020-05-21T09:30:23+00:00","author":{"@id":"https:\/\/baztan-bidasoa.com\/desarrollo\/#\/schema\/person\/452c612bf12670972cc98425f3134f51"},"description":"\u00a1Con\u00f3cenos! Ezagutu gaitzazu! es la nueva campa\u00f1a de la Asociaci\u00f3n Tur\u00edstica Baztan-Bidasoa Turismoa. Consiste en la difusi\u00f3n de v\u00eddeos cortos.","breadcrumb":{"@id":"https:\/\/baztan-bidasoa.com\/desarrollo\/eu\/ezagutu-gaitzazu-kanpaina\/#breadcrumb"},"inLanguage":"es","potentialAction":[{"@type":"ReadAction","target":["https:\/\/baztan-bidasoa.com\/desarrollo\/eu\/ezagutu-gaitzazu-kanpaina\/"]}]},{"@type":"BreadcrumbList","@id":"https:\/\/baztan-bidasoa.com\/desarrollo\/eu\/ezagutu-gaitzazu-kanpaina\/#breadcrumb","itemListElement":[{"@type":"ListItem","position":1,"name":"Portada","item":"https:\/\/baztan-bidasoa.com\/desarrollo\/"},{"@type":"ListItem","position":2,"name":"Ezagutu gaitzazu! Kanpaina"}]},{"@type":"WebSite","@id":"https:\/\/baztan-bidasoa.com\/desarrollo\/#website","url":"https:\/\/baztan-bidasoa.com\/desarrollo\/","name":"Baztan Bidasoa Turismoa","description":"Asociaci\u00f3n Tur\u00edstica Baztan-Bidasoa Turismo Elkartea","potentialAction":[{"@type":"SearchAction","target":{"@type":"EntryPoint","urlTemplate":"https:\/\/baztan-bidasoa.com\/desarrollo\/?s={search_term_string}"},"query-input":"required name=search_term_string"}],"inLanguage":"es"},{"@type":"Person","@id":"https:\/\/baztan-bidasoa.com\/desarrollo\/#\/schema\/person\/452c612bf12670972cc98425f3134f51","name":"Administratzailea","image":{"@type":"ImageObject","inLanguage":"es","@id":"https:\/\/baztan-bidasoa.com\/desarrollo\/#\/schema\/person\/image\/","url":"https:\/\/secure.gravatar.com\/avatar\/29c2982caf469d456254077da7668825?s=96&d=mm&r=g","contentUrl":"https:\/\/secure.gravatar.com\/avatar\/29c2982caf469d456254077da7668825?s=96&d=mm&r=g","caption":"Administratzailea"}}]}},"_links":{"self":[{"href":"https:\/\/baztan-bidasoa.com\/desarrollo\/wp-json\/wp\/v2\/posts\/26291"}],"collection":[{"href":"https:\/\/baztan-bidasoa.com\/desarrollo\/wp-json\/wp\/v2\/posts"}],"about":[{"href":"https:\/\/baztan-bidasoa.com\/desarrollo\/wp-json\/wp\/v2\/types\/post"}],"author":[{"embeddable":true,"href":"https:\/\/baztan-bidasoa.com\/desarrollo\/wp-json\/wp\/v2\/users\/5"}],"replies":[{"embeddable":true,"href":"https:\/\/baztan-bidasoa.com\/desarrollo\/wp-json\/wp\/v2\/comments?post=26291"}],"version-history":[{"count":5,"href":"https:\/\/baztan-bidasoa.com\/desarrollo\/wp-json\/wp\/v2\/posts\/26291\/revisions"}],"predecessor-version":[{"id":26633,"href":"https:\/\/baztan-bidasoa.com\/desarrollo\/wp-json\/wp\/v2\/posts\/26291\/revisions\/26633"}],"wp:featuredmedia":[{"embeddable":true,"href":"https:\/\/baztan-bidasoa.com\/desarrollo\/wp-json\/wp\/v2\/media\/26292"}],"wp:attachment":[{"href":"https:\/\/baztan-bidasoa.com\/desarrollo\/wp-json\/wp\/v2\/media?parent=26291"}],"wp:term":[{"taxonomy":"category","embeddable":true,"href":"https:\/\/baztan-bidasoa.com\/desarrollo\/wp-json\/wp\/v2\/categories?post=26291"},{"taxonomy":"post_tag","embeddable":true,"href":"https:\/\/baztan-bidasoa.com\/desarrollo\/wp-json\/wp\/v2\/tags?post=26291"}],"curies":[{"name":"wp","href":"https:\/\/api.w.org\/{rel}","templated":true}]}}