{"id":26275,"date":"2020-04-20T11:43:09","date_gmt":"2020-04-20T11:43:09","guid":{"rendered":"https:\/\/baztan-bidasoa.com\/desarrollo\/?p=26275"},"modified":"2020-05-21T09:36:03","modified_gmt":"2020-05-21T09:36:03","slug":"conocenos-ezagutu-gaitzazu","status":"publish","type":"post","link":"https:\/\/baztan-bidasoa.com\/desarrollo\/conocenos-ezagutu-gaitzazu\/","title":{"rendered":"\u00a1Con\u00f3cenos! Ezagutu gaitzazu!"},"content":{"rendered":"<p>\u00a1Con\u00f3cenos! Ezagutu gaitzazu! es la nueva campa\u00f1a que ha puesto en marcha la Asociaci\u00f3n Tur\u00edstica Baztan-Bidasoa Turismoa.<\/p>\n<p>Una campa\u00f1a que consiste en la difusi\u00f3n de varios v\u00eddeos cortos en los que nuestr@s asociad@s se \u00abcuelan\u00bb en tu casa y te muestran c\u00f3mo est\u00e1n llevando esta situaci\u00f3n de confinamiento, crisis y alarma. Una situaci\u00f3n nunca vivida hasta ahora que les ha obligado a cerrar las puertas de sus establecimientos. Casas rurales, hoteles, albergues, campins, restaurantes, empresas de servicios y actividades cuelgan el cartel de CERRADO. No obstante, no est\u00e1n parad@s y siguen preparando la vuelta, est\u00e1n adaptando sus negocios para que cuando puedas venir, todo est\u00e9 a punto y poder recibirte con total garant\u00eda.<\/p>\n<p>Cada d\u00eda hemos colgado un v\u00eddeo en <a href=\"https:\/\/www.facebook.com\/baztanbidasoaturismo\/?ref=bookmarks\">Facebook<\/a> y <a href=\"https:\/\/twitter.com\/Baztan_Bidasoa\">Twitter<\/a>, donde puedes seguirnos si te interesa.<\/p>\n<p>Tambi\u00e9n puedes apuntarte a la <a href=\"https:\/\/baztan-bidasoa.us20.list-manage.com\/subscribe\/post?u=7c9a2797de204416f96164681&amp;id=06742fad06\">Newsletter<\/a> de Baztan-Bidasoa Turismoa y cada 15 d\u00edas recibir\u00e1s noticias nuestras.<\/p>\n<p>#Yomequedoencasa<\/p>\n<p>De COVID&#8217;19 a BAZTAN-BIDASOA&#8217;20<\/p>\n<p>Aqu\u00ed te dejamos los enlaces de los v\u00eddeos editados, para que los disfrutes cuando quieras. Haz clic en la imagen para ver el v\u00eddeo:<\/p>\n<p><strong>1.\u00bbPuesta a punto<\/strong>\u00ab.\u00a0 Mientras mirando por la ventana, en la calle, parece que el mundo se ha parado,\u00a0 en nuestras #casasrurales la actividad es fren\u00e9tica. Haz clic en la imagen para ver el v\u00eddeo.<\/p>\n<figure id=\"attachment_22160\" aria-describedby=\"caption-attachment-22160\" style=\"width: 295px\" class=\"wp-caption alignnone\"><a href=\"https:\/\/drive.google.com\/file\/d\/1Wua2r5EPRLcwB5EusJhzOzYL_2XDQO2L\/view?usp=sharing\"><img decoding=\"async\" loading=\"lazy\" class=\"wp-image-22160\" src=\"https:\/\/baztan-bidasoa.com\/desarrollo\/wp-content\/uploads\/2020\/04\/mirador-de-igantzi-1-300x182.jpg\" alt=\"&quot;Puesta a punto&quot;\" width=\"295\" height=\"179\" srcset=\"https:\/\/baztan-bidasoa.com\/desarrollo\/wp-content\/uploads\/2020\/04\/mirador-de-igantzi-1-300x182.jpg 300w, https:\/\/baztan-bidasoa.com\/desarrollo\/wp-content\/uploads\/2020\/04\/mirador-de-igantzi-1-768x466.jpg 768w, https:\/\/baztan-bidasoa.com\/desarrollo\/wp-content\/uploads\/2020\/04\/mirador-de-igantzi-1-600x364.jpg 600w, https:\/\/baztan-bidasoa.com\/desarrollo\/wp-content\/uploads\/2020\/04\/mirador-de-igantzi-1.jpg 900w\" sizes=\"(max-width: 295px) 100vw, 295px\" \/><\/a><figcaption id=\"caption-attachment-22160\" class=\"wp-caption-text\">\u00abPuesta a punto\u00bb<\/figcaption><\/figure>\n<p>&nbsp;<\/p>\n<p><strong>2. Ixiart, Euskal Artisautza<\/strong>. La tienda de artesan\u00eda #Ixiart, Euskal Atisautza,\u00a0 sita en Bertiz, en el edificio de Turismo Rural, est\u00e1 cerrada desde el 14 de marzo. No obstante Itziar Mielgo, sigue trabajando la madera en el taller de su casa.<\/p>\n<p>Haz clic en la imagen para ver el v\u00eddeo<\/p>\n<p><a href=\"https:\/\/drive.google.com\/file\/d\/1x0m0amzd6jQHaoL6FHQ4JP7QWCarBMft\/view?usp=sharing\"><img decoding=\"async\" loading=\"lazy\" class=\"wp-image-22904 size-medium\" src=\"https:\/\/baztan-bidasoa.com\/desarrollo\/wp-content\/uploads\/2020\/04\/IMG_1171-2-300x200.jpg\" alt=\"Ixiart, tienda de artesan\u00eda\" width=\"300\" height=\"200\" srcset=\"https:\/\/baztan-bidasoa.com\/desarrollo\/wp-content\/uploads\/2020\/04\/IMG_1171-2-300x200.jpg 300w, https:\/\/baztan-bidasoa.com\/desarrollo\/wp-content\/uploads\/2020\/04\/IMG_1171-2-1024x682.jpg 1024w, https:\/\/baztan-bidasoa.com\/desarrollo\/wp-content\/uploads\/2020\/04\/IMG_1171-2-768x511.jpg 768w, https:\/\/baztan-bidasoa.com\/desarrollo\/wp-content\/uploads\/2020\/04\/IMG_1171-2-1536x1023.jpg 1536w, https:\/\/baztan-bidasoa.com\/desarrollo\/wp-content\/uploads\/2020\/04\/IMG_1171-2-2048x1364.jpg 2048w, https:\/\/baztan-bidasoa.com\/desarrollo\/wp-content\/uploads\/2020\/04\/IMG_1171-2-600x399.jpg 600w\" sizes=\"(max-width: 300px) 100vw, 300px\" \/><\/a><\/p>\n<p>Ixiart, Euskal artisautza<\/p>\n<p>&nbsp;<\/p>\n<p><strong>3. Queser\u00eda Autxitxia Gasnategia<\/strong>. La queser\u00eda Autxitxia, obrador y tienda, sita en Elizondo est\u00e1 cerrada, pero Ram\u00f3n se acerca a diario a mimar los quesos.<\/p>\n<p>Haz clic en la imagen para ver el v\u00eddeo<\/p>\n<figure id=\"attachment_22366\" aria-describedby=\"caption-attachment-22366\" style=\"width: 295px\" class=\"wp-caption alignnone\"><a href=\"https:\/\/drive.google.com\/file\/d\/1reLX8Q6Gc5ZGq1mLujRz5oxbmXifGCrg\/view?usp=sharing\"><img decoding=\"async\" loading=\"lazy\" class=\"wp-image-22366\" src=\"https:\/\/baztan-bidasoa.com\/desarrollo\/wp-content\/uploads\/2020\/04\/Autxitxia-denda-II-2.jpg\" alt=\"Queser\u00eda Autxitxia Gasnategia\" width=\"295\" height=\"196\" \/><\/a><figcaption id=\"caption-attachment-22366\" class=\"wp-caption-text\">Queser\u00eda Autxitxia Gasnategia<\/figcaption><\/figure>\n<p>&nbsp;<\/p>\n<p><strong>4. Pasteler\u00eda Malkorra Gozotegia.<\/strong> Con la persiana echada, en Malkorra las m\u00e1quinas de hacer chocolate est\u00e1n paradas. Pello Ala\u00f1a, el pastelero, es optimista y sostiene que de esta se saldr\u00e1, aunque habr\u00e1 que adaptarse a las nuevas medidas sanitarias.<\/p>\n<p>Haz clic en la imagen para ver el v\u00eddeo<\/p>\n<figure id=\"attachment_5767\" aria-describedby=\"caption-attachment-5767\" style=\"width: 300px\" class=\"wp-caption alignnone\"><a href=\"https:\/\/drive.google.com\/file\/d\/1BXeFxI6mPPjSVjp8ez4-WdD7Z1F5zDSE\/view?usp=sharing\"><img decoding=\"async\" loading=\"lazy\" class=\"wp-image-5767 size-medium\" src=\"https:\/\/baztan-bidasoa.com\/desarrollo\/wp-content\/uploads\/2019\/12\/malkorra-ezliondo2-600x400-300x200.jpg\" alt=\"Pasteler\u00eda Malkorra Gozotegia\" width=\"300\" height=\"200\" srcset=\"https:\/\/baztan-bidasoa.com\/desarrollo\/wp-content\/uploads\/2019\/12\/malkorra-ezliondo2-600x400-300x200.jpg 300w, https:\/\/baztan-bidasoa.com\/desarrollo\/wp-content\/uploads\/2019\/12\/malkorra-ezliondo2-600x400.jpg 600w\" sizes=\"(max-width: 300px) 100vw, 300px\" \/><\/a><figcaption id=\"caption-attachment-5767\" class=\"wp-caption-text\">Pasteler\u00eda Malkorra Gozotegia<\/figcaption><\/figure>\n<p>&nbsp;<\/p>\n<p><strong>5. Etxalarko Herriko Ostatua<\/strong>. Ya no suena la \u00abtrikitixa\u00bb en el Herriko de Etxalar, aunque Axun sigue haciendo pizzas para llevar los fines de\u00a0 semana. Si vives en Etxalar ya sabes que cenar el \u00abfinde\u00bb.<\/p>\n<p>Haz clic en la imagen para ver el v\u00eddeo<\/p>\n<figure id=\"attachment_6081\" aria-describedby=\"caption-attachment-6081\" style=\"width: 300px\" class=\"wp-caption alignleft\"><a href=\"https:\/\/drive.google.com\/file\/d\/1yTw2H_oNczjaKevn8wL7SCBFjRi0cspO\/view\"><img decoding=\"async\" loading=\"lazy\" class=\"wp-image-6081 size-medium\" src=\"https:\/\/baztan-bidasoa.com\/desarrollo\/wp-content\/uploads\/2019\/12\/HerrikoOstatuaEtxalar2-300x200.jpg\" alt=\"Herriko Ostatua Etxalar\" width=\"300\" height=\"200\" srcset=\"https:\/\/baztan-bidasoa.com\/desarrollo\/wp-content\/uploads\/2019\/12\/HerrikoOstatuaEtxalar2-300x200.jpg 300w, https:\/\/baztan-bidasoa.com\/desarrollo\/wp-content\/uploads\/2019\/12\/HerrikoOstatuaEtxalar2.jpg 600w\" sizes=\"(max-width: 300px) 100vw, 300px\" \/><\/a><figcaption id=\"caption-attachment-6081\" class=\"wp-caption-text\">Herriko Ostatua Etxalar<\/figcaption><\/figure>\n<p>&nbsp;<\/p>\n<p>&nbsp;<\/p>\n<p>&nbsp;<\/p>\n<p>&nbsp;<\/p>\n<p>&nbsp;<\/p>\n<p>&nbsp;<\/p>\n<p>&nbsp;<\/p>\n<p><strong>6. Elbeteko Posada<\/strong>. La Posada de Elbete est\u00e1 cerrada, pero Bel\u00e9n y Carlos siguen cuidando la huerta. Bel\u00e9n tambi\u00e9n est\u00e1 pensando en platos nuevos con los que sorprenderte cuando pueda volver a cocinar en el restaurante.<\/p>\n<p>Haz clic en la imagen para ver el v\u00eddeo<\/p>\n<p><a href=\"https:\/\/drive.google.com\/file\/d\/1Tg2paZva3XbTMBqfup369iiJLowwEztP\/view?usp=sharing\"><img decoding=\"async\" loading=\"lazy\" class=\"wp-image-22184 size-medium\" src=\"https:\/\/baztan-bidasoa.com\/desarrollo\/wp-content\/uploads\/2020\/04\/posada-elbete-1-300x225.jpg\" alt=\"Elbeteko Posada \" width=\"300\" height=\"225\" srcset=\"https:\/\/baztan-bidasoa.com\/desarrollo\/wp-content\/uploads\/2020\/04\/posada-elbete-1-300x225.jpg 300w, https:\/\/baztan-bidasoa.com\/desarrollo\/wp-content\/uploads\/2020\/04\/posada-elbete-1-768x576.jpg 768w, https:\/\/baztan-bidasoa.com\/desarrollo\/wp-content\/uploads\/2020\/04\/posada-elbete-1-600x450.jpg 600w, https:\/\/baztan-bidasoa.com\/desarrollo\/wp-content\/uploads\/2020\/04\/posada-elbete-1.jpg 900w\" sizes=\"(max-width: 300px) 100vw, 300px\" \/><\/a><\/p>\n<p>Posada Elbete<\/p>\n<p>&nbsp;<\/p>\n<p><strong>7. Iratxekoberea #casa rural<\/strong>. Maitetxu Leonis y su familia trabajan en el acondicionamiento de Iratxekoberea, una preciosa casa rural a las faldas del monte Larun, en Bera. Cuando todo pase quieren poder recibirte \u00aba lo grande\u00bb.<\/p>\n<p>Haz clic en la imagen para ver el v\u00eddeo<\/p>\n<figure id=\"attachment_23262\" aria-describedby=\"caption-attachment-23262\" style=\"width: 273px\" class=\"wp-caption alignnone\"><a href=\"https:\/\/drive.google.com\/file\/d\/1wxqOhd7yKls3veCwnDK2CWg9Tqa2ekDp\/view?usp=sharing\"><img decoding=\"async\" loading=\"lazy\" class=\"wp-image-23262\" src=\"https:\/\/baztan-bidasoa.com\/desarrollo\/wp-content\/uploads\/2020\/04\/Pottokas-en-Larun-5-300x225.jpg\" alt=\"Monte Larun\" width=\"273\" height=\"205\" srcset=\"https:\/\/baztan-bidasoa.com\/desarrollo\/wp-content\/uploads\/2020\/04\/Pottokas-en-Larun-5-300x225.jpg 300w, https:\/\/baztan-bidasoa.com\/desarrollo\/wp-content\/uploads\/2020\/04\/Pottokas-en-Larun-5-1024x768.jpg 1024w, https:\/\/baztan-bidasoa.com\/desarrollo\/wp-content\/uploads\/2020\/04\/Pottokas-en-Larun-5-768x576.jpg 768w, https:\/\/baztan-bidasoa.com\/desarrollo\/wp-content\/uploads\/2020\/04\/Pottokas-en-Larun-5-1536x1152.jpg 1536w, https:\/\/baztan-bidasoa.com\/desarrollo\/wp-content\/uploads\/2020\/04\/Pottokas-en-Larun-5-2048x1536.jpg 2048w, https:\/\/baztan-bidasoa.com\/desarrollo\/wp-content\/uploads\/2020\/04\/Pottokas-en-Larun-5-600x450.jpg 600w\" sizes=\"(max-width: 273px) 100vw, 273px\" \/><\/a><figcaption id=\"caption-attachment-23262\" class=\"wp-caption-text\">\u00bfSab\u00edas que desde Iratxekoberea puedes iniciar la ruta hacia el monte Larun?<\/figcaption><\/figure>\n<p>&nbsp;<\/p>\n<p><strong>8. Orbela aterpetxea.<\/strong> En el albergue de Beintza-Labaien no se escuchan las voces de l@ chaval@s. No hay campamentos de fin de curso. Mikel e Idoia esperan poder realizar los campamentos de verano y abrir las puertas de su establecimiento lo antes posible. La Naturaleza del entorno y su trato cercano y familiar\u00a0 son sus fortalezas.<\/p>\n<p>Haz clic en la imagen para ver el v\u00eddeo<\/p>\n<figure id=\"attachment_22881\" aria-describedby=\"caption-attachment-22881\" style=\"width: 221px\" class=\"wp-caption alignnone\"><a href=\"https:\/\/drive.google.com\/file\/d\/1AOML1vGr3UKlFr--mlbrUQp_xYzW_zvN\/view?usp=sharing\"><img decoding=\"async\" loading=\"lazy\" class=\"wp-image-22881\" src=\"https:\/\/baztan-bidasoa.com\/desarrollo\/wp-content\/uploads\/2020\/04\/orbela-1-300x300.jpg\" alt=\"Leurtzako urtegia\" width=\"221\" height=\"221\" srcset=\"https:\/\/baztan-bidasoa.com\/desarrollo\/wp-content\/uploads\/2020\/04\/orbela-1-300x300.jpg 300w, https:\/\/baztan-bidasoa.com\/desarrollo\/wp-content\/uploads\/2020\/04\/orbela-1-150x150.jpg 150w, https:\/\/baztan-bidasoa.com\/desarrollo\/wp-content\/uploads\/2020\/04\/orbela-1-230x230.jpg 230w, https:\/\/baztan-bidasoa.com\/desarrollo\/wp-content\/uploads\/2020\/04\/orbela-1-400x400.jpg 400w, https:\/\/baztan-bidasoa.com\/desarrollo\/wp-content\/uploads\/2020\/04\/orbela-1.jpg 450w\" sizes=\"(max-width: 221px) 100vw, 221px\" \/><\/a><figcaption id=\"caption-attachment-22881\" class=\"wp-caption-text\">Campamento en Beintza-Labaien<\/figcaption><\/figure>\n<p>&nbsp;<\/p>\n<p><strong>9. Hostal Trinkete Antxitonea.<\/strong> En pleno coraz\u00f3n de Elizondo, en el Valle de Baztan, en el m\u00edtico barrio de \u00abTxokoto\u00bb est\u00e1 el Hostal Trinkete Antxitonea. Puertas y persianas cerradas en plena temporada. Francis, el propietario, sostiene que nunca hab\u00eda vivido algo parecido, pero quiere ser optimista y pensar que podr\u00e1 trabajar este verano.<\/p>\n<p>Haz clic en la imagen para ver el v\u00eddeo<\/p>\n<figure id=\"attachment_22943\" aria-describedby=\"caption-attachment-22943\" style=\"width: 243px\" class=\"wp-caption alignnone\"><a href=\"https:\/\/drive.google.com\/file\/d\/1RcjLSTQZGtSOvIeuEIMTuNjgBWzQbeNr\/view?usp=sharing\"><img decoding=\"async\" loading=\"lazy\" class=\"wp-image-22943\" src=\"https:\/\/baztan-bidasoa.com\/desarrollo\/wp-content\/uploads\/2020\/04\/elizondo-baztan2-2-300x225.jpg\" alt=\"Presa de Txokoto\" width=\"243\" height=\"182\" srcset=\"https:\/\/baztan-bidasoa.com\/desarrollo\/wp-content\/uploads\/2020\/04\/elizondo-baztan2-2-300x225.jpg 300w, https:\/\/baztan-bidasoa.com\/desarrollo\/wp-content\/uploads\/2020\/04\/elizondo-baztan2-2-1024x768.jpg 1024w, https:\/\/baztan-bidasoa.com\/desarrollo\/wp-content\/uploads\/2020\/04\/elizondo-baztan2-2-768x576.jpg 768w, https:\/\/baztan-bidasoa.com\/desarrollo\/wp-content\/uploads\/2020\/04\/elizondo-baztan2-2-600x450.jpg 600w, https:\/\/baztan-bidasoa.com\/desarrollo\/wp-content\/uploads\/2020\/04\/elizondo-baztan2-2.jpg 1200w\" sizes=\"(max-width: 243px) 100vw, 243px\" \/><\/a><figcaption id=\"caption-attachment-22943\" class=\"wp-caption-text\">Presa de Txokoto<\/figcaption><\/figure>\n<p><strong>10. Jauregia esnekiak: <\/strong><span data-offset-key=\"aq8ou-0-0\">Queso, yogurt, batido,&#8230; ecol\u00f3gico. <\/span><span class=\"_247o\" spellcheck=\"false\" data-offset-key=\"aq8ou-1-0\"><span data-offset-key=\"aq8ou-1-0\">Jauregia Esnekiak<\/span><\/span><span data-offset-key=\"aq8ou-2-0\"> ha decidido dar un paso al frente para combatir la crisis y ha comenzado con el reparto a domicilio. Mikel Azkarate nos cuenta c\u00f3mo trabajan en la queser\u00eda para seguir con la producci\u00f3n. Ahora m\u00e1s que nunca, consumamos nuestros productos, los de nuestros baserritarras. Consumo local para regenerar la econom\u00eda local.<\/span><\/p>\n<p>Haz clic en la imagen para ver el v\u00eddeo<\/p>\n<div class=\"\" data-block=\"true\" data-editor=\"1bj4s\" data-offset-key=\"93sce-0-0\"><\/div>\n<div class=\"\" data-block=\"true\" data-editor=\"1bj4s\" data-offset-key=\"a5c37-0-0\">\n<div class=\"_1mf _1mj\" data-offset-key=\"a5c37-0-0\"><\/div>\n<\/div>\n<figure id=\"attachment_22097\" aria-describedby=\"caption-attachment-22097\" style=\"width: 300px\" class=\"wp-caption alignnone\"><a href=\"https:\/\/drive.google.com\/file\/d\/1DoSnxybvviOHQhlKL0RBM14Btf10JC5_\/view?usp=sharing\"><img decoding=\"async\" loading=\"lazy\" class=\"wp-image-22097 size-medium\" src=\"https:\/\/baztan-bidasoa.com\/desarrollo\/wp-content\/uploads\/2020\/04\/jauregia-queseria3-1-300x225.jpg\" alt=\"Jauregia Esnekiak\" width=\"300\" height=\"225\" srcset=\"https:\/\/baztan-bidasoa.com\/desarrollo\/wp-content\/uploads\/2020\/04\/jauregia-queseria3-1-300x225.jpg 300w, https:\/\/baztan-bidasoa.com\/desarrollo\/wp-content\/uploads\/2020\/04\/jauregia-queseria3-1-768x576.jpg 768w, https:\/\/baztan-bidasoa.com\/desarrollo\/wp-content\/uploads\/2020\/04\/jauregia-queseria3-1-600x450.jpg 600w, https:\/\/baztan-bidasoa.com\/desarrollo\/wp-content\/uploads\/2020\/04\/jauregia-queseria3-1.jpg 1000w\" sizes=\"(max-width: 300px) 100vw, 300px\" \/><\/a><figcaption id=\"caption-attachment-22097\" class=\"wp-caption-text\">Jauregia e Esnekiak<\/figcaption><\/figure>\n<p><strong>11. Gainkoborda #casarural (Etxalar).<\/strong>\u00a0 \u00a1D\u00e9jame que te cuente un cuento! \u00a0Casa rural <a class=\"profileLink\" href=\"https:\/\/www.facebook.com\/gainkoborda.etxalar\/?__tn__=K-R&amp;eid=ARAmihA8cD1HmA1aVCK93CLiZetX_p7kp6azhXdirNgYhNJ-ZWDUQ-1EoK6OfTBHyp4JzasBA4ScWhiE&amp;fref=mentions&amp;__xts__%5B0%5D=68.ARCBTY1RIisqlWVYEI01RaYZvdJDhBMdhwEN6ncJL6KgzYqxTC9DOOKgavyeD1V0KDiWaG3bVoauJ7p1b8QRpO65maspRsOQZVWRFSKdcEX0eSgh_LyakO31W7Dv_3wjDuIDpOlXiEQYFBRmsgpoSsqFGEQ8uXJuaOJ94aksoRRkQXiKVkYcC5Kh0cUEJzMYNy7OVULCQCC5ZmTnauBqCj56Lhs0h2pOcv-A5GunR2GADsublLDBpElW47_UOgJhAIXK1IqBn0aj0DPebHr8erCNnTsA1iADv66dYxiY0pozaTlGrzideMwl2vm9zHQqwB8-I4VAtQJjWh91oWJiCqUFTL-U4EUnXIj3EdlTJDSmr72kQYnO7L2RrqT4VGoV053wmsIa2IkNw62DkZWS4NSeCgLHKM7LsVnhp_wxAFHspjTyzX__P7d6vhhEH6TlLYBz3WerbQsVB-mKBeGtD-6QRZ07RnXBr2Tt4HleHEEMabuqImKhBb67V2htVa-U5B4J7kieh20CyYPDHx5MP1Ti4txgxvtTNd3zVEURs8Gkr7IHIFubCqQifE8H4775RE3FlXQmUZP3r2O3QEKIF-2CEyvAKLs3wlL2J6d42u9ljsxijFUB02Mq293J2y-jW1dxfBV3Aia2zZbEqU_0naPhnvKHqlXrUkhDJ45RCsIxZrVHwArjhSI3DLo\" data-hovercard=\"\/ajax\/hovercard\/page.php?id=736759099725606&amp;extragetparams=%7B%22__tn__%22%3A%22%2CdK-R-R%22%2C%22eid%22%3A%22ARAmihA8cD1HmA1aVCK93CLiZetX_p7kp6azhXdirNgYhNJ-ZWDUQ-1EoK6OfTBHyp4JzasBA4ScWhiE%22%2C%22fref%22%3A%22mentions%22%7D\" data-hovercard-prefer-more-content-show=\"1\">Etxalar Gainkoborda<\/a>\u00a0nos propone una bonita historia a trav\u00e9s de los libros. Porque el confinamiento tambi\u00e9n deja la puerta abierta a la creaci\u00f3n y a la esperanza.<\/p>\n<p>Haz clic en la imagen para ver el v\u00eddeo<\/p>\n<figure id=\"attachment_22947\" aria-describedby=\"caption-attachment-22947\" style=\"width: 296px\" class=\"wp-caption alignnone\"><a href=\"https:\/\/drive.google.com\/file\/d\/1kUymSQ2NPlUqw6Pyrf63EeplKI1YXNim\/view?usp=sharing\"><img decoding=\"async\" loading=\"lazy\" class=\"wp-image-22947\" src=\"https:\/\/baztan-bidasoa.com\/desarrollo\/wp-content\/uploads\/2020\/04\/etxalar-4-300x225.jpg\" alt=\"Etxalar\" width=\"296\" height=\"222\" srcset=\"https:\/\/baztan-bidasoa.com\/desarrollo\/wp-content\/uploads\/2020\/04\/etxalar-4-300x225.jpg 300w, https:\/\/baztan-bidasoa.com\/desarrollo\/wp-content\/uploads\/2020\/04\/etxalar-4-768x576.jpg 768w, https:\/\/baztan-bidasoa.com\/desarrollo\/wp-content\/uploads\/2020\/04\/etxalar-4-600x450.jpg 600w, https:\/\/baztan-bidasoa.com\/desarrollo\/wp-content\/uploads\/2020\/04\/etxalar-4.jpg 1000w\" sizes=\"(max-width: 296px) 100vw, 296px\" \/><\/a><figcaption id=\"caption-attachment-22947\" class=\"wp-caption-text\">Etxalar<\/figcaption><\/figure>\n<p><strong>12. Alkeberea #casarural (Etxalar).<\/strong>\u00a0 \u00a1Nos vemos pronto!<\/p>\n<p>Haz clic en la imagen para ver el v\u00eddeo<\/p>\n<figure id=\"attachment_26628\" aria-describedby=\"caption-attachment-26628\" style=\"width: 300px\" class=\"wp-caption alignnone\"><a href=\"https:\/\/drive.google.com\/file\/d\/1CoHgsycgW2nEmQBuria0AaMh6zomIzR3\/view?usp=sharing\"><img decoding=\"async\" loading=\"lazy\" class=\"wp-image-26628 size-medium\" src=\"https:\/\/baztan-bidasoa.com\/desarrollo\/wp-content\/uploads\/2020\/04\/Alkeberea-1-300x196.jpg\" alt=\"ALKEBEREA\" width=\"300\" height=\"196\" srcset=\"https:\/\/baztan-bidasoa.com\/desarrollo\/wp-content\/uploads\/2020\/04\/Alkeberea-1-300x196.jpg 300w, https:\/\/baztan-bidasoa.com\/desarrollo\/wp-content\/uploads\/2020\/04\/Alkeberea-1-1024x670.jpg 1024w, https:\/\/baztan-bidasoa.com\/desarrollo\/wp-content\/uploads\/2020\/04\/Alkeberea-1-768x502.jpg 768w, https:\/\/baztan-bidasoa.com\/desarrollo\/wp-content\/uploads\/2020\/04\/Alkeberea-1-1536x1005.jpg 1536w, https:\/\/baztan-bidasoa.com\/desarrollo\/wp-content\/uploads\/2020\/04\/Alkeberea-1-600x392.jpg 600w, https:\/\/baztan-bidasoa.com\/desarrollo\/wp-content\/uploads\/2020\/04\/Alkeberea-1.jpg 1743w\" sizes=\"(max-width: 300px) 100vw, 300px\" \/><\/a><figcaption id=\"caption-attachment-26628\" class=\"wp-caption-text\">Alkeberea (Bera)<\/figcaption><\/figure>\n<p><strong>13. Istarbey #casarural #Elizondo<\/strong>. Karmele y Txuma han tenido la casa cerrada desde el inicio del confinamiento. Han aprovechado el par\u00f3n para acondicionar los alrededores. \u00a1S\u00f3lo esperan poder abrir las puertas de su casa cuanto antes para poder acogerte!<\/p>\n<p>Haz clic en la imagen para ver el v\u00eddeo<\/p>\n<figure id=\"attachment_26629\" aria-describedby=\"caption-attachment-26629\" style=\"width: 300px\" class=\"wp-caption alignnone\"><a href=\"https:\/\/drive.google.com\/file\/d\/1QIHCTa6F9bwLrLleIljIKBOHuk2qSA7e\/view?usp=sharing\"><img decoding=\"async\" loading=\"lazy\" class=\"wp-image-26629 size-medium\" src=\"https:\/\/baztan-bidasoa.com\/desarrollo\/wp-content\/uploads\/2020\/04\/P1060019-300x225.jpg\" alt=\"\" width=\"300\" height=\"225\" srcset=\"https:\/\/baztan-bidasoa.com\/desarrollo\/wp-content\/uploads\/2020\/04\/P1060019-300x225.jpg 300w, https:\/\/baztan-bidasoa.com\/desarrollo\/wp-content\/uploads\/2020\/04\/P1060019-1024x768.jpg 1024w, https:\/\/baztan-bidasoa.com\/desarrollo\/wp-content\/uploads\/2020\/04\/P1060019-768x576.jpg 768w, https:\/\/baztan-bidasoa.com\/desarrollo\/wp-content\/uploads\/2020\/04\/P1060019-1536x1152.jpg 1536w, https:\/\/baztan-bidasoa.com\/desarrollo\/wp-content\/uploads\/2020\/04\/P1060019-2048x1536.jpg 2048w, https:\/\/baztan-bidasoa.com\/desarrollo\/wp-content\/uploads\/2020\/04\/P1060019-600x450.jpg 600w\" sizes=\"(max-width: 300px) 100vw, 300px\" \/><\/a><figcaption id=\"caption-attachment-26629\" class=\"wp-caption-text\">Casa rural en Elizondo, Baztan<\/figcaption><\/figure>\n<p>&nbsp;<\/p>\n<p><strong>14. Pasteler\u00eda Arkupe<\/strong> vuelve a abrir sus puertas. El 12 de mayo abre la Pasteler\u00eda de Elizondo y el 15 de mayo, la de Irurita. Por las ma\u00f1anas. \u00a1Dulces noticias con las que se nos hace la boca agua!<\/p>\n<p>Haz clic en la imagen para ver el v\u00eddeo<\/p>\n<figure id=\"attachment_22170\" aria-describedby=\"caption-attachment-22170\" style=\"width: 297px\" class=\"wp-caption alignnone\"><a href=\"https:\/\/drive.google.com\/file\/d\/1eKAyxELLci3dos-TFgnymR-67hFoq-q8\/view?usp=sharing\"><img decoding=\"async\" loading=\"lazy\" class=\"wp-image-22170 size-medium\" src=\"https:\/\/baztan-bidasoa.com\/desarrollo\/wp-content\/uploads\/2020\/04\/pasteleria-arkupe3-297x300.jpg\" alt=\"TXOKOLATEA EGITEN\" width=\"297\" height=\"300\" srcset=\"https:\/\/baztan-bidasoa.com\/desarrollo\/wp-content\/uploads\/2020\/04\/pasteleria-arkupe3-297x300.jpg 297w, https:\/\/baztan-bidasoa.com\/desarrollo\/wp-content\/uploads\/2020\/04\/pasteleria-arkupe3-768x776.jpg 768w, https:\/\/baztan-bidasoa.com\/desarrollo\/wp-content\/uploads\/2020\/04\/pasteleria-arkupe3-600x606.jpg 600w, https:\/\/baztan-bidasoa.com\/desarrollo\/wp-content\/uploads\/2020\/04\/pasteleria-arkupe3.jpg 850w\" sizes=\"(max-width: 297px) 100vw, 297px\" \/><\/a><figcaption id=\"caption-attachment-22170\" class=\"wp-caption-text\">Pasteler\u00eda Arkupe Gozotegia (Elizondo\/ Irurita)<\/figcaption><\/figure>\n<p><strong>15. Asador Ordoki Erretegia<\/strong> (Ordoki auzoa, Arizkun) abre sus puertas el 25 de mayo. Maria y Txus, junto a l@s trabajadores del establecimiento te env\u00edan este v\u00eddeo invit\u00e1ndote a venir a Ordoki. \u00a1Est\u00e1n deseando volver a verte!<\/p>\n<p>Haz clic en la imagen para ver el v\u00eddeo<\/p>\n<figure id=\"attachment_26632\" aria-describedby=\"caption-attachment-26632\" style=\"width: 300px\" class=\"wp-caption alignnone\"><a href=\"https:\/\/drive.google.com\/file\/d\/1SypbrUTqvrhk70ogetlnJc83aAbTIvv3\/view?usp=sharing\"><img decoding=\"async\" loading=\"lazy\" class=\"wp-image-26632 size-medium\" src=\"https:\/\/baztan-bidasoa.com\/desarrollo\/wp-content\/uploads\/2020\/04\/Ordokibrasa-300x225.jpg\" alt=\"Asador Ordoki Erretegia\" width=\"300\" height=\"225\" srcset=\"https:\/\/baztan-bidasoa.com\/desarrollo\/wp-content\/uploads\/2020\/04\/Ordokibrasa-300x225.jpg 300w, https:\/\/baztan-bidasoa.com\/desarrollo\/wp-content\/uploads\/2020\/04\/Ordokibrasa-1024x768.jpg 1024w, https:\/\/baztan-bidasoa.com\/desarrollo\/wp-content\/uploads\/2020\/04\/Ordokibrasa-768x576.jpg 768w, https:\/\/baztan-bidasoa.com\/desarrollo\/wp-content\/uploads\/2020\/04\/Ordokibrasa-1536x1152.jpg 1536w, https:\/\/baztan-bidasoa.com\/desarrollo\/wp-content\/uploads\/2020\/04\/Ordokibrasa-2048x1536.jpg 2048w, https:\/\/baztan-bidasoa.com\/desarrollo\/wp-content\/uploads\/2020\/04\/Ordokibrasa-600x450.jpg 600w\" sizes=\"(max-width: 300px) 100vw, 300px\" \/><\/a><figcaption id=\"caption-attachment-26632\" class=\"wp-caption-text\">Asador Ordoki Erretegia<\/figcaption><\/figure>\n<p>&nbsp;<\/p>\n<p>&nbsp;<\/p>\n<p>Cada d\u00eda hemos colgamos un v\u00eddeo en<a href=\"https:\/\/www.facebook.com\/baztanbidasoaturismo\/\"> Facebook<\/a> y <a href=\"https:\/\/twitter.com\/Baztan_Bidasoa\">Twitter<\/a>, donde puedes seguirnos si te interesa.<\/p>\n<p>Tambi\u00e9n puedes apuntarte a la <a href=\"https:\/\/baztan-bidasoa.us20.list-manage.com\/subscribe\/post?u=7c9a2797de204416f96164681&amp;id=06742fad06\">Newsletter<\/a> de Baztan-Bidasoa Turismoa y cada 15 d\u00edas recibir\u00e1s noticias nuestras.<\/p>\n<p>#Yomequedoencasa<\/p>\n<p>De COVID&#8217;19 a BAZTAN-BIDASOA&#8217;20<\/p>\n<p>&nbsp;<\/p>\n<p>&nbsp;<\/p>\n","protected":false},"excerpt":{"rendered":"<p>\u00a1Con\u00f3cenos! Ezagutu gaitzazu! es la nueva campa\u00f1a que ha puesto en marcha la Asociaci\u00f3n Tur\u00edstica Baztan-Bidasoa Turismoa. Una campa\u00f1a que consiste en la difusi\u00f3n de varios v\u00eddeos cortos en los que nuestr@s asociad@s se \u00abcuelan\u00bb en tu casa y te muestran c\u00f3mo est\u00e1n llevando esta situaci\u00f3n de confinamiento, crisis y alarma. Una situaci\u00f3n nunca vivida [&hellip;]<\/p>\n","protected":false},"author":5,"featured_media":26276,"comment_status":"open","ping_status":"open","sticky":false,"template":"","format":"standard","meta":[],"categories":[235,738],"tags":[351,343,1209,1207,570],"acf":[],"yoast_head":"<!-- This site is optimized with the Yoast SEO plugin v19.10 - https:\/\/yoast.com\/wordpress\/plugins\/seo\/ -->\n<title>\u00a1Con\u00f3cenos! Ezagutu gaitzazu! - Baztan Bidasoa Turismoa<\/title>\n<meta name=\"description\" content=\"\u00a1Con\u00f3cenos! Ezagutu gaitzazu! es la nueva campa\u00f1a de la Asociaci\u00f3n Tur\u00edstica Baztan-Bidasoa Turismoa. Consiste en la difusi\u00f3n de v\u00eddeos cortos.\" \/>\n<meta name=\"robots\" content=\"index, follow, max-snippet:-1, max-image-preview:large, max-video-preview:-1\" \/>\n<link rel=\"canonical\" href=\"https:\/\/baztan-bidasoa.com\/desarrollo\/conocenos-ezagutu-gaitzazu\/\" \/>\n<meta property=\"og:locale\" content=\"es_ES\" \/>\n<meta property=\"og:type\" content=\"article\" \/>\n<meta property=\"og:title\" content=\"\u00a1Con\u00f3cenos! Ezagutu gaitzazu! - Baztan Bidasoa Turismoa\" \/>\n<meta property=\"og:description\" content=\"\u00a1Con\u00f3cenos! Ezagutu gaitzazu! es la nueva campa\u00f1a de la Asociaci\u00f3n Tur\u00edstica Baztan-Bidasoa Turismoa. Consiste en la difusi\u00f3n de v\u00eddeos cortos.\" \/>\n<meta property=\"og:url\" content=\"https:\/\/baztan-bidasoa.com\/desarrollo\/conocenos-ezagutu-gaitzazu\/\" \/>\n<meta property=\"og:site_name\" content=\"Baztan Bidasoa Turismoa\" \/>\n<meta property=\"article:published_time\" content=\"2020-04-20T11:43:09+00:00\" \/>\n<meta property=\"article:modified_time\" content=\"2020-05-21T09:36:03+00:00\" \/>\n<meta property=\"og:image\" content=\"https:\/\/baztan-bidasoa.com\/desarrollo\/wp-content\/uploads\/2020\/04\/Cartel-Videos-de-Asociados.jpg\" \/>\n\t<meta property=\"og:image:width\" content=\"940\" \/>\n\t<meta property=\"og:image:height\" content=\"788\" \/>\n\t<meta property=\"og:image:type\" content=\"image\/jpeg\" \/>\n<meta name=\"author\" content=\"Administratzailea\" \/>\n<meta name=\"twitter:card\" content=\"summary_large_image\" \/>\n<meta name=\"twitter:label1\" content=\"Escrito por\" \/>\n\t<meta name=\"twitter:data1\" content=\"Administratzailea\" \/>\n\t<meta name=\"twitter:label2\" content=\"Tiempo de lectura\" \/>\n\t<meta name=\"twitter:data2\" content=\"6 minutos\" \/>\n<script type=\"application\/ld+json\" class=\"yoast-schema-graph\">{\"@context\":\"https:\/\/schema.org\",\"@graph\":[{\"@type\":\"WebPage\",\"@id\":\"https:\/\/baztan-bidasoa.com\/desarrollo\/conocenos-ezagutu-gaitzazu\/\",\"url\":\"https:\/\/baztan-bidasoa.com\/desarrollo\/conocenos-ezagutu-gaitzazu\/\",\"name\":\"\u00a1Con\u00f3cenos! Ezagutu gaitzazu! - Baztan Bidasoa Turismoa\",\"isPartOf\":{\"@id\":\"https:\/\/baztan-bidasoa.com\/desarrollo\/#website\"},\"datePublished\":\"2020-04-20T11:43:09+00:00\",\"dateModified\":\"2020-05-21T09:36:03+00:00\",\"author\":{\"@id\":\"https:\/\/baztan-bidasoa.com\/desarrollo\/#\/schema\/person\/452c612bf12670972cc98425f3134f51\"},\"description\":\"\u00a1Con\u00f3cenos! Ezagutu gaitzazu! es la nueva campa\u00f1a de la Asociaci\u00f3n Tur\u00edstica Baztan-Bidasoa Turismoa. Consiste en la difusi\u00f3n de v\u00eddeos cortos.\",\"breadcrumb\":{\"@id\":\"https:\/\/baztan-bidasoa.com\/desarrollo\/conocenos-ezagutu-gaitzazu\/#breadcrumb\"},\"inLanguage\":\"es\",\"potentialAction\":[{\"@type\":\"ReadAction\",\"target\":[\"https:\/\/baztan-bidasoa.com\/desarrollo\/conocenos-ezagutu-gaitzazu\/\"]}]},{\"@type\":\"BreadcrumbList\",\"@id\":\"https:\/\/baztan-bidasoa.com\/desarrollo\/conocenos-ezagutu-gaitzazu\/#breadcrumb\",\"itemListElement\":[{\"@type\":\"ListItem\",\"position\":1,\"name\":\"Portada\",\"item\":\"https:\/\/baztan-bidasoa.com\/desarrollo\/\"},{\"@type\":\"ListItem\",\"position\":2,\"name\":\"\u00a1Con\u00f3cenos! Ezagutu gaitzazu!\"}]},{\"@type\":\"WebSite\",\"@id\":\"https:\/\/baztan-bidasoa.com\/desarrollo\/#website\",\"url\":\"https:\/\/baztan-bidasoa.com\/desarrollo\/\",\"name\":\"Baztan Bidasoa Turismoa\",\"description\":\"Asociaci\u00f3n Tur\u00edstica Baztan-Bidasoa Turismo Elkartea\",\"potentialAction\":[{\"@type\":\"SearchAction\",\"target\":{\"@type\":\"EntryPoint\",\"urlTemplate\":\"https:\/\/baztan-bidasoa.com\/desarrollo\/?s={search_term_string}\"},\"query-input\":\"required name=search_term_string\"}],\"inLanguage\":\"es\"},{\"@type\":\"Person\",\"@id\":\"https:\/\/baztan-bidasoa.com\/desarrollo\/#\/schema\/person\/452c612bf12670972cc98425f3134f51\",\"name\":\"Administratzailea\",\"image\":{\"@type\":\"ImageObject\",\"inLanguage\":\"es\",\"@id\":\"https:\/\/baztan-bidasoa.com\/desarrollo\/#\/schema\/person\/image\/\",\"url\":\"https:\/\/secure.gravatar.com\/avatar\/29c2982caf469d456254077da7668825?s=96&d=mm&r=g\",\"contentUrl\":\"https:\/\/secure.gravatar.com\/avatar\/29c2982caf469d456254077da7668825?s=96&d=mm&r=g\",\"caption\":\"Administratzailea\"}}]}<\/script>\n<!-- \/ Yoast SEO plugin. -->","yoast_head_json":{"title":"\u00a1Con\u00f3cenos! Ezagutu gaitzazu! - Baztan Bidasoa Turismoa","description":"\u00a1Con\u00f3cenos! Ezagutu gaitzazu! es la nueva campa\u00f1a de la Asociaci\u00f3n Tur\u00edstica Baztan-Bidasoa Turismoa. Consiste en la difusi\u00f3n de v\u00eddeos cortos.","robots":{"index":"index","follow":"follow","max-snippet":"max-snippet:-1","max-image-preview":"max-image-preview:large","max-video-preview":"max-video-preview:-1"},"canonical":"https:\/\/baztan-bidasoa.com\/desarrollo\/conocenos-ezagutu-gaitzazu\/","og_locale":"es_ES","og_type":"article","og_title":"\u00a1Con\u00f3cenos! Ezagutu gaitzazu! - Baztan Bidasoa Turismoa","og_description":"\u00a1Con\u00f3cenos! Ezagutu gaitzazu! es la nueva campa\u00f1a de la Asociaci\u00f3n Tur\u00edstica Baztan-Bidasoa Turismoa. Consiste en la difusi\u00f3n de v\u00eddeos cortos.","og_url":"https:\/\/baztan-bidasoa.com\/desarrollo\/conocenos-ezagutu-gaitzazu\/","og_site_name":"Baztan Bidasoa Turismoa","article_published_time":"2020-04-20T11:43:09+00:00","article_modified_time":"2020-05-21T09:36:03+00:00","og_image":[{"width":940,"height":788,"url":"https:\/\/baztan-bidasoa.com\/desarrollo\/wp-content\/uploads\/2020\/04\/Cartel-Videos-de-Asociados.jpg","type":"image\/jpeg"}],"author":"Administratzailea","twitter_card":"summary_large_image","twitter_misc":{"Escrito por":"Administratzailea","Tiempo de lectura":"6 minutos"},"schema":{"@context":"https:\/\/schema.org","@graph":[{"@type":"WebPage","@id":"https:\/\/baztan-bidasoa.com\/desarrollo\/conocenos-ezagutu-gaitzazu\/","url":"https:\/\/baztan-bidasoa.com\/desarrollo\/conocenos-ezagutu-gaitzazu\/","name":"\u00a1Con\u00f3cenos! Ezagutu gaitzazu! - Baztan Bidasoa Turismoa","isPartOf":{"@id":"https:\/\/baztan-bidasoa.com\/desarrollo\/#website"},"datePublished":"2020-04-20T11:43:09+00:00","dateModified":"2020-05-21T09:36:03+00:00","author":{"@id":"https:\/\/baztan-bidasoa.com\/desarrollo\/#\/schema\/person\/452c612bf12670972cc98425f3134f51"},"description":"\u00a1Con\u00f3cenos! Ezagutu gaitzazu! es la nueva campa\u00f1a de la Asociaci\u00f3n Tur\u00edstica Baztan-Bidasoa Turismoa. Consiste en la difusi\u00f3n de v\u00eddeos cortos.","breadcrumb":{"@id":"https:\/\/baztan-bidasoa.com\/desarrollo\/conocenos-ezagutu-gaitzazu\/#breadcrumb"},"inLanguage":"es","potentialAction":[{"@type":"ReadAction","target":["https:\/\/baztan-bidasoa.com\/desarrollo\/conocenos-ezagutu-gaitzazu\/"]}]},{"@type":"BreadcrumbList","@id":"https:\/\/baztan-bidasoa.com\/desarrollo\/conocenos-ezagutu-gaitzazu\/#breadcrumb","itemListElement":[{"@type":"ListItem","position":1,"name":"Portada","item":"https:\/\/baztan-bidasoa.com\/desarrollo\/"},{"@type":"ListItem","position":2,"name":"\u00a1Con\u00f3cenos! Ezagutu gaitzazu!"}]},{"@type":"WebSite","@id":"https:\/\/baztan-bidasoa.com\/desarrollo\/#website","url":"https:\/\/baztan-bidasoa.com\/desarrollo\/","name":"Baztan Bidasoa Turismoa","description":"Asociaci\u00f3n Tur\u00edstica Baztan-Bidasoa Turismo Elkartea","potentialAction":[{"@type":"SearchAction","target":{"@type":"EntryPoint","urlTemplate":"https:\/\/baztan-bidasoa.com\/desarrollo\/?s={search_term_string}"},"query-input":"required name=search_term_string"}],"inLanguage":"es"},{"@type":"Person","@id":"https:\/\/baztan-bidasoa.com\/desarrollo\/#\/schema\/person\/452c612bf12670972cc98425f3134f51","name":"Administratzailea","image":{"@type":"ImageObject","inLanguage":"es","@id":"https:\/\/baztan-bidasoa.com\/desarrollo\/#\/schema\/person\/image\/","url":"https:\/\/secure.gravatar.com\/avatar\/29c2982caf469d456254077da7668825?s=96&d=mm&r=g","contentUrl":"https:\/\/secure.gravatar.com\/avatar\/29c2982caf469d456254077da7668825?s=96&d=mm&r=g","caption":"Administratzailea"}}]}},"_links":{"self":[{"href":"https:\/\/baztan-bidasoa.com\/desarrollo\/wp-json\/wp\/v2\/posts\/26275"}],"collection":[{"href":"https:\/\/baztan-bidasoa.com\/desarrollo\/wp-json\/wp\/v2\/posts"}],"about":[{"href":"https:\/\/baztan-bidasoa.com\/desarrollo\/wp-json\/wp\/v2\/types\/post"}],"author":[{"embeddable":true,"href":"https:\/\/baztan-bidasoa.com\/desarrollo\/wp-json\/wp\/v2\/users\/5"}],"replies":[{"embeddable":true,"href":"https:\/\/baztan-bidasoa.com\/desarrollo\/wp-json\/wp\/v2\/comments?post=26275"}],"version-history":[{"count":5,"href":"https:\/\/baztan-bidasoa.com\/desarrollo\/wp-json\/wp\/v2\/posts\/26275\/revisions"}],"predecessor-version":[{"id":26634,"href":"https:\/\/baztan-bidasoa.com\/desarrollo\/wp-json\/wp\/v2\/posts\/26275\/revisions\/26634"}],"wp:featuredmedia":[{"embeddable":true,"href":"https:\/\/baztan-bidasoa.com\/desarrollo\/wp-json\/wp\/v2\/media\/26276"}],"wp:attachment":[{"href":"https:\/\/baztan-bidasoa.com\/desarrollo\/wp-json\/wp\/v2\/media?parent=26275"}],"wp:term":[{"taxonomy":"category","embeddable":true,"href":"https:\/\/baztan-bidasoa.com\/desarrollo\/wp-json\/wp\/v2\/categories?post=26275"},{"taxonomy":"post_tag","embeddable":true,"href":"https:\/\/baztan-bidasoa.com\/desarrollo\/wp-json\/wp\/v2\/tags?post=26275"}],"curies":[{"name":"wp","href":"https:\/\/api.w.org\/{rel}","templated":true}]}}