{"id":22863,"date":"2020-03-06T00:00:00","date_gmt":"2020-03-06T00:00:00","guid":{"rendered":"https:\/\/baztan-bidasoa.com\/desarrollo\/euskarazblai-campamentos-de-verano-en-euskara\/"},"modified":"2020-04-20T09:00:48","modified_gmt":"2020-04-20T09:00:48","slug":"euskarazblai-campamentos-de-verano-en-euskara","status":"publish","type":"post","link":"https:\/\/baztan-bidasoa.com\/desarrollo\/euskarazblai-campamentos-de-verano-en-euskara\/","title":{"rendered":"\u00a1Euskarazblai, campamentos de verano en euskara!"},"content":{"rendered":"<article class=\"l-section for_blogpost preview_none post-13532 post type-post status-publish format-standard has-post-thumbnail hentry category-noticias tag-canmpamento tag-euskara tag-familia tag-juegos tag-naturaleza tag-navarra tag-ninos tag-visitnavarra\">\n<div class=\"l-section-h i-cf\">\n<div class=\"w-blogpost\">\n<div class=\"w-blogpost-body\">\n<h1 class=\"w-blogpost-title entry-title\">\u00a1Inscr\u00edbete!\u00a1No te quedes sin plaza!<\/h1>\n<\/div>\n<\/div>\n<\/div>\n<\/article>\n<section class=\"l-section\">\n<div class=\"l-section-h i-cf\">\n<h4>\u00a1Disfruta este verano en Baztan-Bidasoa con los campamentos Euskaraz Blai!<\/h4>\n<\/div>\n<p>Si quieres que tu hijo disfrute de un verano diferente e inolvidable \u00a1ap\u00fantale\u00a0 <a href=\"https:\/\/euskarazblaiudalekuak.com\/\">\u00abEuskarazblai 2020\u00bb!<\/a> Campamentos en euskara, organizados por los Albergues de Beintza Labaien y Arantzako Aterpe con la colaboraci\u00f3n de la asociaci\u00f3n Tur\u00edstica Baztan-Bidasoa Turismoa.<\/p>\n<div class=\"l-section-h i-cf\">\n<p>Ya se ha presentado la nueva edici\u00f3n de Euskaraz blai Udalekuak, los campamentos de verano que permitir\u00e1n a tu hij@ disfrutar de unas vacaciones inolvidables y en euskara.<\/p>\n<p>M\u00e1s de\u00a0<span style=\"font-size: 18px;\">600 plazas en los albergues de Beintza-Labaien y Arantza. Oferta variada y diferente seg\u00fan la edad de l@s ni\u00f1@s.\u00a0<\/span><\/p>\n<p>Grupos divididos por edades. Nacid@s entre los a\u00f1os 2006-2008 y 2009-2012.<\/p>\n<p>&nbsp;<\/p>\n<p><a href=\"https:\/\/baztan-bidasoa.com\/desarrollo\/wp-content\/uploads\/2020\/04\/EuskarazBlai-I.jpg\"><img decoding=\"async\" loading=\"lazy\" class=\"wp-image-17745 alignleft\" src=\"https:\/\/baztan-bidasoa.com\/desarrollo\/wp-content\/uploads\/2020\/04\/EuskarazBlai-I.jpg\" alt=\"\" width=\"381\" height=\"540\" data-wp-pid=\"17745\" \/><\/a><a href=\"https:\/\/baztan-bidasoa.com\/desarrollo\/wp-content\/uploads\/2020\/04\/EuskarazBali-II.jpg\"><img decoding=\"async\" loading=\"lazy\" class=\"wp-image-17747 alignleft\" src=\"https:\/\/baztan-bidasoa.com\/desarrollo\/wp-content\/uploads\/2020\/04\/EuskarazBali-II.jpg\" alt=\"\" width=\"385\" height=\"546\" data-wp-pid=\"17747\" \/><\/a><\/p>\n<p>&nbsp;<\/p>\n<\/div>\n<p>&nbsp;<\/p>\n<div class=\"l-section-h i-cf\">\n<p>&nbsp;<\/p>\n<p>&nbsp;<\/p>\n<\/div>\n<\/section>\n<section class=\"l-section\">\n<div class=\"l-section-h i-cf\">\n<div><\/div>\n<div><\/div>\n<div><\/div>\n<div><\/div>\n<div><\/div>\n<div><\/div>\n<div><\/div>\n<div><\/div>\n<div><\/div>\n<h6><\/h6>\n<h6><\/h6>\n<\/div>\n<\/section>\n<h6><\/h6>\n<p>&nbsp;<\/p>\n<p><span style=\"font-size: 18px;\">El objetivo de estos campamentos es VIVIR en euskara, que el uso de nuestra lengua no quede limitado \u00fanicamente a las aulas, que sea nuestro idioma tambi\u00e9n en el ocio y en nuestro tiempo libre, que el euskara sirva para comunicarnos en el d\u00edas a d\u00eda para, disfrutar, jugar , relacionarnos,&#8230;<\/span><\/p>\n<p><span style=\"font-size: 18px;\">En estancias de una semana, vuestr@s hij@s realizar\u00e1n diferentes actividades como senderismo, espeleolog\u00eda, visitas al caser\u00edo, trepar por los \u00e1rboles, nadar en un pantano\u2026y sobre todo, podr\u00e1n convivir con otr@s ni\u00f1@s y disfrutar del verano en plena Naturaleza y en euskara.\u00a0<\/span><\/p>\n<section class=\"l-section\">\n<div class=\"l-section-h i-cf\">\n<p>Descargar folleto\u00a0<a href=\"https:\/\/baztan-bidasoa.com\/desarrollo\/wp-content\/uploads\/2020\/03\/euskarazblai_udalekuak.pdf\">AQU\u00cd<\/a><\/p>\n<\/div>\n<\/section>\n<p>&nbsp;<\/p>\n<section class=\"l-section\">\n<div class=\"l-section-h i-cf\">\n<p>Tandas:<\/p>\n<ul>\n<li>1. tanda:\u00a021 junio \u2013 27 Junio<\/li>\n<li>2. tanda: 28 junio \u2013 4 Julio<\/li>\n<li>3. tanda: 5 \u2013 11 Julio<\/li>\n<li>4. tanda: 12 \u2013 18 Julio<\/li>\n<li>5. tanda: 19 \u2013 25 Julio<\/li>\n<li>6. tanda:\u00a0 26 Julio \u2013 1 Agosto<\/li>\n<li>7. tanda: 2 Agosto &#8211; 8 Agosto<\/li>\n<\/ul>\n<h2>Por los caminos del contrabando<\/h2>\n<p>En esta edici\u00f3n tendr\u00e1 continuidad tambi\u00e9n \u201cKONTRABANDISTEN BIDEA, UDALEKU IBILTARIA\u201d o \u201cCampamento andante por los caminos de los contrabandistas\u201d, dirigido a j\u00f3venes de\u00a0entre 14 y 17 a\u00f1os (2016-2013) y que discurre por los caminos de contrabando del S. XX entre los albergues de Arritxulo (Oiartzun), Aterpe de Arantza y Beintza, y con diversas actividades en la Naturaleza.<\/p>\n<p>Tandas:<\/p>\n<p>1\u00aa tanda: del 2 al 8 de agosto (20 plazas)<\/p>\n<p>2\u00aa tanda: del 16 al 22 de agosto (20 plazas)<\/p>\n<p>Descargar folleto\u00a0<a href=\"https:\/\/baztan-bidasoa.com\/desarrollo\/wp-content\/uploads\/2020\/03\/udaleku_ibiltaria.pdf\">AQU\u00cd<\/a><\/p>\n<p>Informaci\u00f3n e inscripciones:\u00a0https:\/\/euskarazblaiudalekuak.com\/<\/p>\n<p>Atenci\u00f3n tel\u00e9f\u00f3nica: Ma\u00f1anas: 948 59 23 23 (09:00-13:00)<\/p>\n<p>Tardes: 622 72 89 84 ( 17:00-21:00)<\/p>\n<p>E-mail: info@euskarazblaiudalekuak.com<\/p>\n<p>&nbsp;<\/p>\n<p>&nbsp;<\/p>\n<p>&nbsp;<\/p>\n<\/div>\n<\/section>\n","protected":false},"excerpt":{"rendered":"<p>\u00a1Inscr\u00edbete!\u00a1No te quedes sin plaza! \u00a1Disfruta este verano en Baztan-Bidasoa con los campamentos Euskaraz Blai! Si quieres que tu hijo disfrute de un verano diferente e inolvidable \u00a1ap\u00fantale\u00a0 \u00abEuskarazblai 2020\u00bb! Campamentos en euskara, organizados por los Albergues de Beintza Labaien y Arantzako Aterpe con la colaboraci\u00f3n de la asociaci\u00f3n Tur\u00edstica Baztan-Bidasoa Turismoa. Ya se ha [&hellip;]<\/p>\n","protected":false},"author":3,"featured_media":22866,"comment_status":"open","ping_status":"open","sticky":false,"template":"","format":"standard","meta":[],"categories":[235],"tags":[896,512,419,660,898],"acf":[],"yoast_head":"<!-- This site is optimized with the Yoast SEO plugin v19.10 - https:\/\/yoast.com\/wordpress\/plugins\/seo\/ -->\n<title>Campamentos de verano en euskara - Baztan Bidasoa Turismoa<\/title>\n<meta name=\"description\" content=\"Campamentos de verano Euskarazblai en Baztan y Bidasoa. Ya est\u00e1 abierto el plazo de inscripci\u00f3n para los campamentos en Euskara Euskarazblai 2020.\" \/>\n<meta name=\"robots\" content=\"index, follow, max-snippet:-1, max-image-preview:large, max-video-preview:-1\" \/>\n<link rel=\"canonical\" href=\"https:\/\/baztan-bidasoa.com\/desarrollo\/euskarazblai-campamentos-de-verano-en-euskara\/\" \/>\n<meta property=\"og:locale\" content=\"es_ES\" \/>\n<meta property=\"og:type\" content=\"article\" \/>\n<meta property=\"og:title\" content=\"Campamentos de verano en euskara - Baztan Bidasoa Turismoa\" \/>\n<meta property=\"og:description\" content=\"Campamentos de verano Euskarazblai en Baztan y Bidasoa. Ya est\u00e1 abierto el plazo de inscripci\u00f3n para los campamentos en Euskara Euskarazblai 2020.\" \/>\n<meta property=\"og:url\" content=\"https:\/\/baztan-bidasoa.com\/desarrollo\/euskarazblai-campamentos-de-verano-en-euskara\/\" \/>\n<meta property=\"og:site_name\" content=\"Baztan Bidasoa Turismoa\" \/>\n<meta property=\"article:published_time\" content=\"2020-03-06T00:00:00+00:00\" \/>\n<meta property=\"article:modified_time\" content=\"2020-04-20T09:00:48+00:00\" \/>\n<meta property=\"og:image\" content=\"https:\/\/baztan-bidasoa.com\/desarrollo\/wp-content\/uploads\/2020\/04\/\u00a1Apuntate-ya-Ez-zaitez-lekurik-gabe-geratu-1.jpg\" \/>\n\t<meta property=\"og:image:width\" content=\"940\" \/>\n\t<meta property=\"og:image:height\" content=\"788\" \/>\n\t<meta property=\"og:image:type\" content=\"image\/jpeg\" \/>\n<meta name=\"author\" content=\"mktpamplona2\" \/>\n<meta name=\"twitter:card\" content=\"summary_large_image\" \/>\n<meta name=\"twitter:label1\" content=\"Escrito por\" \/>\n\t<meta name=\"twitter:data1\" content=\"mktpamplona2\" \/>\n\t<meta name=\"twitter:label2\" content=\"Tiempo de lectura\" \/>\n\t<meta name=\"twitter:data2\" content=\"2 minutos\" \/>\n<script type=\"application\/ld+json\" class=\"yoast-schema-graph\">{\"@context\":\"https:\/\/schema.org\",\"@graph\":[{\"@type\":\"WebPage\",\"@id\":\"https:\/\/baztan-bidasoa.com\/desarrollo\/euskarazblai-campamentos-de-verano-en-euskara\/\",\"url\":\"https:\/\/baztan-bidasoa.com\/desarrollo\/euskarazblai-campamentos-de-verano-en-euskara\/\",\"name\":\"Campamentos de verano en euskara - Baztan Bidasoa Turismoa\",\"isPartOf\":{\"@id\":\"https:\/\/baztan-bidasoa.com\/desarrollo\/#website\"},\"datePublished\":\"2020-03-06T00:00:00+00:00\",\"dateModified\":\"2020-04-20T09:00:48+00:00\",\"author\":{\"@id\":\"https:\/\/baztan-bidasoa.com\/desarrollo\/#\/schema\/person\/ec297d7c7c08a77e7ac6292c2b940e42\"},\"description\":\"Campamentos de verano Euskarazblai en Baztan y Bidasoa. Ya est\u00e1 abierto el plazo de inscripci\u00f3n para los campamentos en Euskara Euskarazblai 2020.\",\"breadcrumb\":{\"@id\":\"https:\/\/baztan-bidasoa.com\/desarrollo\/euskarazblai-campamentos-de-verano-en-euskara\/#breadcrumb\"},\"inLanguage\":\"es\",\"potentialAction\":[{\"@type\":\"ReadAction\",\"target\":[\"https:\/\/baztan-bidasoa.com\/desarrollo\/euskarazblai-campamentos-de-verano-en-euskara\/\"]}]},{\"@type\":\"BreadcrumbList\",\"@id\":\"https:\/\/baztan-bidasoa.com\/desarrollo\/euskarazblai-campamentos-de-verano-en-euskara\/#breadcrumb\",\"itemListElement\":[{\"@type\":\"ListItem\",\"position\":1,\"name\":\"Portada\",\"item\":\"https:\/\/baztan-bidasoa.com\/desarrollo\/\"},{\"@type\":\"ListItem\",\"position\":2,\"name\":\"\u00a1Euskarazblai, campamentos de verano en euskara!\"}]},{\"@type\":\"WebSite\",\"@id\":\"https:\/\/baztan-bidasoa.com\/desarrollo\/#website\",\"url\":\"https:\/\/baztan-bidasoa.com\/desarrollo\/\",\"name\":\"Baztan Bidasoa Turismoa\",\"description\":\"Asociaci\u00f3n Tur\u00edstica Baztan-Bidasoa Turismo Elkartea\",\"potentialAction\":[{\"@type\":\"SearchAction\",\"target\":{\"@type\":\"EntryPoint\",\"urlTemplate\":\"https:\/\/baztan-bidasoa.com\/desarrollo\/?s={search_term_string}\"},\"query-input\":\"required name=search_term_string\"}],\"inLanguage\":\"es\"},{\"@type\":\"Person\",\"@id\":\"https:\/\/baztan-bidasoa.com\/desarrollo\/#\/schema\/person\/ec297d7c7c08a77e7ac6292c2b940e42\",\"name\":\"mktpamplona2\",\"image\":{\"@type\":\"ImageObject\",\"inLanguage\":\"es\",\"@id\":\"https:\/\/baztan-bidasoa.com\/desarrollo\/#\/schema\/person\/image\/\",\"url\":\"https:\/\/secure.gravatar.com\/avatar\/132223b7affa4daaa3f3ea2b5597a64f?s=96&d=mm&r=g\",\"contentUrl\":\"https:\/\/secure.gravatar.com\/avatar\/132223b7affa4daaa3f3ea2b5597a64f?s=96&d=mm&r=g\",\"caption\":\"mktpamplona2\"}}]}<\/script>\n<!-- \/ Yoast SEO plugin. -->","yoast_head_json":{"title":"Campamentos de verano en euskara - Baztan Bidasoa Turismoa","description":"Campamentos de verano Euskarazblai en Baztan y Bidasoa. Ya est\u00e1 abierto el plazo de inscripci\u00f3n para los campamentos en Euskara Euskarazblai 2020.","robots":{"index":"index","follow":"follow","max-snippet":"max-snippet:-1","max-image-preview":"max-image-preview:large","max-video-preview":"max-video-preview:-1"},"canonical":"https:\/\/baztan-bidasoa.com\/desarrollo\/euskarazblai-campamentos-de-verano-en-euskara\/","og_locale":"es_ES","og_type":"article","og_title":"Campamentos de verano en euskara - Baztan Bidasoa Turismoa","og_description":"Campamentos de verano Euskarazblai en Baztan y Bidasoa. Ya est\u00e1 abierto el plazo de inscripci\u00f3n para los campamentos en Euskara Euskarazblai 2020.","og_url":"https:\/\/baztan-bidasoa.com\/desarrollo\/euskarazblai-campamentos-de-verano-en-euskara\/","og_site_name":"Baztan Bidasoa Turismoa","article_published_time":"2020-03-06T00:00:00+00:00","article_modified_time":"2020-04-20T09:00:48+00:00","og_image":[{"width":940,"height":788,"url":"https:\/\/baztan-bidasoa.com\/desarrollo\/wp-content\/uploads\/2020\/04\/\u00a1Apuntate-ya-Ez-zaitez-lekurik-gabe-geratu-1.jpg","type":"image\/jpeg"}],"author":"mktpamplona2","twitter_card":"summary_large_image","twitter_misc":{"Escrito por":"mktpamplona2","Tiempo de lectura":"2 minutos"},"schema":{"@context":"https:\/\/schema.org","@graph":[{"@type":"WebPage","@id":"https:\/\/baztan-bidasoa.com\/desarrollo\/euskarazblai-campamentos-de-verano-en-euskara\/","url":"https:\/\/baztan-bidasoa.com\/desarrollo\/euskarazblai-campamentos-de-verano-en-euskara\/","name":"Campamentos de verano en euskara - Baztan Bidasoa Turismoa","isPartOf":{"@id":"https:\/\/baztan-bidasoa.com\/desarrollo\/#website"},"datePublished":"2020-03-06T00:00:00+00:00","dateModified":"2020-04-20T09:00:48+00:00","author":{"@id":"https:\/\/baztan-bidasoa.com\/desarrollo\/#\/schema\/person\/ec297d7c7c08a77e7ac6292c2b940e42"},"description":"Campamentos de verano Euskarazblai en Baztan y Bidasoa. Ya est\u00e1 abierto el plazo de inscripci\u00f3n para los campamentos en Euskara Euskarazblai 2020.","breadcrumb":{"@id":"https:\/\/baztan-bidasoa.com\/desarrollo\/euskarazblai-campamentos-de-verano-en-euskara\/#breadcrumb"},"inLanguage":"es","potentialAction":[{"@type":"ReadAction","target":["https:\/\/baztan-bidasoa.com\/desarrollo\/euskarazblai-campamentos-de-verano-en-euskara\/"]}]},{"@type":"BreadcrumbList","@id":"https:\/\/baztan-bidasoa.com\/desarrollo\/euskarazblai-campamentos-de-verano-en-euskara\/#breadcrumb","itemListElement":[{"@type":"ListItem","position":1,"name":"Portada","item":"https:\/\/baztan-bidasoa.com\/desarrollo\/"},{"@type":"ListItem","position":2,"name":"\u00a1Euskarazblai, campamentos de verano en euskara!"}]},{"@type":"WebSite","@id":"https:\/\/baztan-bidasoa.com\/desarrollo\/#website","url":"https:\/\/baztan-bidasoa.com\/desarrollo\/","name":"Baztan Bidasoa Turismoa","description":"Asociaci\u00f3n Tur\u00edstica Baztan-Bidasoa Turismo Elkartea","potentialAction":[{"@type":"SearchAction","target":{"@type":"EntryPoint","urlTemplate":"https:\/\/baztan-bidasoa.com\/desarrollo\/?s={search_term_string}"},"query-input":"required name=search_term_string"}],"inLanguage":"es"},{"@type":"Person","@id":"https:\/\/baztan-bidasoa.com\/desarrollo\/#\/schema\/person\/ec297d7c7c08a77e7ac6292c2b940e42","name":"mktpamplona2","image":{"@type":"ImageObject","inLanguage":"es","@id":"https:\/\/baztan-bidasoa.com\/desarrollo\/#\/schema\/person\/image\/","url":"https:\/\/secure.gravatar.com\/avatar\/132223b7affa4daaa3f3ea2b5597a64f?s=96&d=mm&r=g","contentUrl":"https:\/\/secure.gravatar.com\/avatar\/132223b7affa4daaa3f3ea2b5597a64f?s=96&d=mm&r=g","caption":"mktpamplona2"}}]}},"_links":{"self":[{"href":"https:\/\/baztan-bidasoa.com\/desarrollo\/wp-json\/wp\/v2\/posts\/22863"}],"collection":[{"href":"https:\/\/baztan-bidasoa.com\/desarrollo\/wp-json\/wp\/v2\/posts"}],"about":[{"href":"https:\/\/baztan-bidasoa.com\/desarrollo\/wp-json\/wp\/v2\/types\/post"}],"author":[{"embeddable":true,"href":"https:\/\/baztan-bidasoa.com\/desarrollo\/wp-json\/wp\/v2\/users\/3"}],"replies":[{"embeddable":true,"href":"https:\/\/baztan-bidasoa.com\/desarrollo\/wp-json\/wp\/v2\/comments?post=22863"}],"version-history":[{"count":2,"href":"https:\/\/baztan-bidasoa.com\/desarrollo\/wp-json\/wp\/v2\/posts\/22863\/revisions"}],"predecessor-version":[{"id":26261,"href":"https:\/\/baztan-bidasoa.com\/desarrollo\/wp-json\/wp\/v2\/posts\/22863\/revisions\/26261"}],"wp:featuredmedia":[{"embeddable":true,"href":"https:\/\/baztan-bidasoa.com\/desarrollo\/wp-json\/wp\/v2\/media\/22866"}],"wp:attachment":[{"href":"https:\/\/baztan-bidasoa.com\/desarrollo\/wp-json\/wp\/v2\/media?parent=22863"}],"wp:term":[{"taxonomy":"category","embeddable":true,"href":"https:\/\/baztan-bidasoa.com\/desarrollo\/wp-json\/wp\/v2\/categories?post=22863"},{"taxonomy":"post_tag","embeddable":true,"href":"https:\/\/baztan-bidasoa.com\/desarrollo\/wp-json\/wp\/v2\/tags?post=22863"}],"curies":[{"name":"wp","href":"https:\/\/api.w.org\/{rel}","templated":true}]}}