{"id":22817,"date":"2019-11-28T00:00:00","date_gmt":"2019-11-28T00:00:00","guid":{"rendered":"https:\/\/baztan-bidasoa.com\/desarrollo\/irrisarri-land-enciende-la-carbonera\/"},"modified":"2019-11-28T00:00:00","modified_gmt":"2019-11-28T00:00:00","slug":"irrisarri-land-enciende-la-carbonera","status":"publish","type":"post","link":"https:\/\/baztan-bidasoa.com\/desarrollo\/irrisarri-land-enciende-la-carbonera\/","title":{"rendered":"IrriSarri Land enciende la carbonera"},"content":{"rendered":"<h2>\u00bfCu\u00e1ndo llega Olentzero?<\/h2>\n<h4>Se acerca la Navidad y en IrriSarri Land se nota. El aroma a le\u00f1a, a brasa y a carb\u00f3n nos indica la pronta llegada de Olentzero.<\/h4>\n<p><a href=\"https:\/\/baztan-bidasoa.com\/desarrollo\/wp-content\/uploads\/2020\/01\/Irrisarri-txondorra.jpg\"><img decoding=\"async\" loading=\"lazy\" class=\"wp-image-16248 aligncenter\" src=\"https:\/\/baztan-bidasoa.com\/desarrollo\/wp-content\/uploads\/2020\/01\/Irrisarri-txondorra.jpg\" alt=\"\" width=\"933\" height=\"343\" data-wp-pid=\"16248\" \/><\/a><\/p>\n<p>El s\u00e1bado 30 de noviembre, a las 18:00h. Irrisarri Land enciende la carbonera.<\/p>\n<p>El encendido de la \u00abtxondorra\u00bb se ha convertido ya en un acto oficial en IrriSarri Land. Este a\u00f1o cumple su VI edici\u00f3n y en esta ocasi\u00f3n\u00a0la encargada del encendido ser\u00e1 la escritora\u00a0Itziar Sistiaga, por su contribuci\u00f3n a la cultura vasca. Sistiaga dejar\u00e1 su huella en un tronco de la Ikaztegia \u2013 Museo del Carb\u00f3n, como ya hicieron en ediciones anteriores\u00a0 I\u00f1aki Perurena, Xabier Euzkitze, Xabier Agote, Toti Mart\u00ednez de Lezea y Aizpea Goenaga.<\/p>\n<p>Durante el encendido habr\u00e1 una actuaci\u00f3n musical de la mano del cantautor Gorka Zabaleta.<\/p>\n<figure id=\"attachment_12938\" aria-describedby=\"caption-attachment-12938\" style=\"width: 586px\" class=\"wp-caption alignleft\"><a href=\"https:\/\/baztan-bidasoa.com\/desarrollo\/wp-content\/uploads\/2020\/01\/totitxondorra-scaled.jpg\"><img decoding=\"async\" loading=\"lazy\" class=\" wp-image-12938\" src=\"https:\/\/baztan-bidasoa.com\/desarrollo\/wp-content\/uploads\/2020\/01\/totitxondorra-scaled.jpg\" alt=\"Encendido de la carbonera 2017. Toti Mart\u00ednez de Lezea enciende la txondorra de Irrisarri Land\" width=\"586\" height=\"390\" data-wp-pid=\"12938\" \/><\/a><figcaption id=\"caption-attachment-12938\" class=\"wp-caption-text\">Encendido de la carbonera 2017. Toti Mart\u00ednez de Lezea enciende la txondorra de Irrisarri Land<\/figcaption><\/figure>\n<h4>Esperando a Olentzero<\/h4>\n<p>Con el encendido de la txondorra se inician una serie de actividades culturales y l\u00fadicas en ese<br \/>\nespacio. Una de las que m\u00e1s expectaci\u00f3n conlleva es la visita de Olentzero.<\/p>\n<p><strong>El 21 de diciembre Olentzero visitar\u00e1 IrriSarri Land para recoger las cartas de los ni\u00f1os y ni\u00f1as, a las 15 h. en la<\/strong><br \/>\n<strong>Carbonera y a las 17 h. en el Jolastoki.<\/strong><\/p>\n<h4><\/h4>\n<h4><\/h4>\n<h4>18.000 kilos de le\u00f1a<\/h4>\n<p>La construcci\u00f3n de la carbonera ha sido un trabajo de un mes y se han utilizado 18.000 kilos de le\u00f1a de los alrededores del parque,\u00a0\u00a0casta\u00f1o y roble en su mayor\u00eda.<\/p>\n<p>Una vez encendida la carbonera, personas voluntarias de IrriSarri Land cuidar\u00e1n de la \u00abtxondorra\u00bb para que todo vaya bien y, si est\u00e1 todo<br \/>\ncorrecto, poder empezar a obtener carb\u00f3n a principios de enero. Se espera conseguir alrededor de 5.000 kg de carb\u00f3n que estar\u00e1 listo seguramente para el final de las navidades. Este carb\u00f3n se utiliza casi en su totalidad en las parrillas de los restaurantes del parque.<\/p>\n<p>Desde este s\u00e1bado y hasta el 30 de diciembre se podr\u00e1 visitar la carbonera que se encuentra en el Museo del Carb\u00f3n Vegetal \u2013 Ikaztegia en el que se muestra, con reproducciones a tama\u00f1o natural, el proceso de construcci\u00f3n de las \u00abtxondorras\u00bb y la forma de vida de los antiguos\u00a0carboneros.<\/p>\n<p>Durante todo el mes de diciembre habr\u00e1 visitas guiadas a la carbonera para conocer al carbonero y su trabajo. Para ello el parque dispone de una ruta interpretativa que pasa por Ikaztegia-Museo del Carb\u00f3n, donde se ha construido la carbonera. A su vez, un tren, acercar\u00e1 a los visitantes hasta el museo del carb\u00f3n, haciendo las delicias de ni\u00f1os, ni\u00f1as y mayores.<\/p>\n<p><strong>Abierto hasta el 30 de diciembre<\/strong><br \/>\n<a href=\"https:\/\/baztan-bidasoa.com\/desarrollo\/irrisarri-land-tu-parque-de-aventura\/\">El parque<\/a> permanecer\u00e1 abierto todos los fin de semanas de diciembre y durante el periodo de<br \/>\nnavidades tambi\u00e9n estar\u00e1 abierto <strong>todos los d\u00edas de 10.00 a 18.00, excepto el 24 y 25 de<\/strong><br \/>\n<strong>diciembre.<\/strong><\/p>\n<p><strong>\u00bfSab\u00edas que la gran familia Irisarri se re\u00fane todos los a\u00f1os en el parque?<\/strong>\u00a0El 30 de noviembre se celebrar\u00e1 \u00a0el 5\u00aa encuentro de la Saga de los Irisarri. Para la participaci\u00f3n es necesario acreditar, primer o segundo apellido Irisarri o cualquiera de sus variantes; Yrisarri,<br \/>\nIrizarri, Irisarri, Irissarri, Yrisarri\u2026etc. Durante todo el d\u00eda est\u00e1n organizados muchas actividades para la familia Irisarri.<\/p>\n","protected":false},"excerpt":{"rendered":"<p>\u00bfCu\u00e1ndo llega Olentzero? Se acerca la Navidad y en IrriSarri Land se nota. El aroma a le\u00f1a, a brasa y a carb\u00f3n nos indica la pronta llegada de Olentzero. El s\u00e1bado 30 de noviembre, a las 18:00h. Irrisarri Land enciende la carbonera. El encendido de la \u00abtxondorra\u00bb se ha convertido ya en un acto oficial [&hellip;]<\/p>\n","protected":false},"author":3,"featured_media":20671,"comment_status":"open","ping_status":"open","sticky":false,"template":"","format":"standard","meta":[],"categories":[237,235,738],"tags":[856,582,285,592,858,345,724,317],"acf":[],"yoast_head":"<!-- This site is optimized with the Yoast SEO plugin v19.10 - https:\/\/yoast.com\/wordpress\/plugins\/seo\/ -->\n<title>IrriSarri Land enciende la carbonera - Baztan Bidasoa Turismoa<\/title>\n<meta name=\"description\" content=\"IrriSarri Land enciende la carbonera y arranca la temporada navide\u00f1a. Olentzero llegar\u00e1 al Parque el 21 de diciembre para recoger las cartas de los ni\u00f1@s\" \/>\n<meta name=\"robots\" content=\"index, follow, max-snippet:-1, max-image-preview:large, max-video-preview:-1\" \/>\n<link rel=\"canonical\" href=\"https:\/\/baztan-bidasoa.com\/desarrollo\/irrisarri-land-enciende-la-carbonera\/\" \/>\n<meta property=\"og:locale\" content=\"es_ES\" \/>\n<meta property=\"og:type\" content=\"article\" \/>\n<meta property=\"og:title\" content=\"IrriSarri Land enciende la carbonera - Baztan Bidasoa Turismoa\" \/>\n<meta property=\"og:description\" content=\"IrriSarri Land enciende la carbonera y arranca la temporada navide\u00f1a. Olentzero llegar\u00e1 al Parque el 21 de diciembre para recoger las cartas de los ni\u00f1@s\" \/>\n<meta property=\"og:url\" content=\"https:\/\/baztan-bidasoa.com\/desarrollo\/irrisarri-land-enciende-la-carbonera\/\" \/>\n<meta property=\"og:site_name\" content=\"Baztan Bidasoa Turismoa\" \/>\n<meta property=\"article:published_time\" content=\"2019-11-28T00:00:00+00:00\" \/>\n<meta property=\"og:image\" content=\"https:\/\/baztan-bidasoa.com\/desarrollo\/wp-content\/uploads\/2020\/04\/Txondorra.jpg\" \/>\n\t<meta property=\"og:image:width\" content=\"1200\" \/>\n\t<meta property=\"og:image:height\" content=\"1600\" \/>\n\t<meta property=\"og:image:type\" content=\"image\/jpeg\" \/>\n<meta name=\"author\" content=\"mktpamplona2\" \/>\n<meta name=\"twitter:card\" content=\"summary_large_image\" \/>\n<meta name=\"twitter:label1\" content=\"Escrito por\" \/>\n\t<meta name=\"twitter:data1\" content=\"mktpamplona2\" \/>\n\t<meta name=\"twitter:label2\" content=\"Tiempo de lectura\" \/>\n\t<meta name=\"twitter:data2\" content=\"3 minutos\" \/>\n<script type=\"application\/ld+json\" class=\"yoast-schema-graph\">{\"@context\":\"https:\/\/schema.org\",\"@graph\":[{\"@type\":\"WebPage\",\"@id\":\"https:\/\/baztan-bidasoa.com\/desarrollo\/irrisarri-land-enciende-la-carbonera\/\",\"url\":\"https:\/\/baztan-bidasoa.com\/desarrollo\/irrisarri-land-enciende-la-carbonera\/\",\"name\":\"IrriSarri Land enciende la carbonera - Baztan Bidasoa Turismoa\",\"isPartOf\":{\"@id\":\"https:\/\/baztan-bidasoa.com\/desarrollo\/#website\"},\"datePublished\":\"2019-11-28T00:00:00+00:00\",\"dateModified\":\"2019-11-28T00:00:00+00:00\",\"author\":{\"@id\":\"https:\/\/baztan-bidasoa.com\/desarrollo\/#\/schema\/person\/ec297d7c7c08a77e7ac6292c2b940e42\"},\"description\":\"IrriSarri Land enciende la carbonera y arranca la temporada navide\u00f1a. Olentzero llegar\u00e1 al Parque el 21 de diciembre para recoger las cartas de los ni\u00f1@s\",\"breadcrumb\":{\"@id\":\"https:\/\/baztan-bidasoa.com\/desarrollo\/irrisarri-land-enciende-la-carbonera\/#breadcrumb\"},\"inLanguage\":\"es\",\"potentialAction\":[{\"@type\":\"ReadAction\",\"target\":[\"https:\/\/baztan-bidasoa.com\/desarrollo\/irrisarri-land-enciende-la-carbonera\/\"]}]},{\"@type\":\"BreadcrumbList\",\"@id\":\"https:\/\/baztan-bidasoa.com\/desarrollo\/irrisarri-land-enciende-la-carbonera\/#breadcrumb\",\"itemListElement\":[{\"@type\":\"ListItem\",\"position\":1,\"name\":\"Portada\",\"item\":\"https:\/\/baztan-bidasoa.com\/desarrollo\/\"},{\"@type\":\"ListItem\",\"position\":2,\"name\":\"IrriSarri Land enciende la carbonera\"}]},{\"@type\":\"WebSite\",\"@id\":\"https:\/\/baztan-bidasoa.com\/desarrollo\/#website\",\"url\":\"https:\/\/baztan-bidasoa.com\/desarrollo\/\",\"name\":\"Baztan Bidasoa Turismoa\",\"description\":\"Asociaci\u00f3n Tur\u00edstica Baztan-Bidasoa Turismo Elkartea\",\"potentialAction\":[{\"@type\":\"SearchAction\",\"target\":{\"@type\":\"EntryPoint\",\"urlTemplate\":\"https:\/\/baztan-bidasoa.com\/desarrollo\/?s={search_term_string}\"},\"query-input\":\"required name=search_term_string\"}],\"inLanguage\":\"es\"},{\"@type\":\"Person\",\"@id\":\"https:\/\/baztan-bidasoa.com\/desarrollo\/#\/schema\/person\/ec297d7c7c08a77e7ac6292c2b940e42\",\"name\":\"mktpamplona2\",\"image\":{\"@type\":\"ImageObject\",\"inLanguage\":\"es\",\"@id\":\"https:\/\/baztan-bidasoa.com\/desarrollo\/#\/schema\/person\/image\/\",\"url\":\"https:\/\/secure.gravatar.com\/avatar\/132223b7affa4daaa3f3ea2b5597a64f?s=96&d=mm&r=g\",\"contentUrl\":\"https:\/\/secure.gravatar.com\/avatar\/132223b7affa4daaa3f3ea2b5597a64f?s=96&d=mm&r=g\",\"caption\":\"mktpamplona2\"}}]}<\/script>\n<!-- \/ Yoast SEO plugin. -->","yoast_head_json":{"title":"IrriSarri Land enciende la carbonera - Baztan Bidasoa Turismoa","description":"IrriSarri Land enciende la carbonera y arranca la temporada navide\u00f1a. Olentzero llegar\u00e1 al Parque el 21 de diciembre para recoger las cartas de los ni\u00f1@s","robots":{"index":"index","follow":"follow","max-snippet":"max-snippet:-1","max-image-preview":"max-image-preview:large","max-video-preview":"max-video-preview:-1"},"canonical":"https:\/\/baztan-bidasoa.com\/desarrollo\/irrisarri-land-enciende-la-carbonera\/","og_locale":"es_ES","og_type":"article","og_title":"IrriSarri Land enciende la carbonera - Baztan Bidasoa Turismoa","og_description":"IrriSarri Land enciende la carbonera y arranca la temporada navide\u00f1a. Olentzero llegar\u00e1 al Parque el 21 de diciembre para recoger las cartas de los ni\u00f1@s","og_url":"https:\/\/baztan-bidasoa.com\/desarrollo\/irrisarri-land-enciende-la-carbonera\/","og_site_name":"Baztan Bidasoa Turismoa","article_published_time":"2019-11-28T00:00:00+00:00","og_image":[{"width":1200,"height":1600,"url":"https:\/\/baztan-bidasoa.com\/desarrollo\/wp-content\/uploads\/2020\/04\/Txondorra.jpg","type":"image\/jpeg"}],"author":"mktpamplona2","twitter_card":"summary_large_image","twitter_misc":{"Escrito por":"mktpamplona2","Tiempo de lectura":"3 minutos"},"schema":{"@context":"https:\/\/schema.org","@graph":[{"@type":"WebPage","@id":"https:\/\/baztan-bidasoa.com\/desarrollo\/irrisarri-land-enciende-la-carbonera\/","url":"https:\/\/baztan-bidasoa.com\/desarrollo\/irrisarri-land-enciende-la-carbonera\/","name":"IrriSarri Land enciende la carbonera - Baztan Bidasoa Turismoa","isPartOf":{"@id":"https:\/\/baztan-bidasoa.com\/desarrollo\/#website"},"datePublished":"2019-11-28T00:00:00+00:00","dateModified":"2019-11-28T00:00:00+00:00","author":{"@id":"https:\/\/baztan-bidasoa.com\/desarrollo\/#\/schema\/person\/ec297d7c7c08a77e7ac6292c2b940e42"},"description":"IrriSarri Land enciende la carbonera y arranca la temporada navide\u00f1a. Olentzero llegar\u00e1 al Parque el 21 de diciembre para recoger las cartas de los ni\u00f1@s","breadcrumb":{"@id":"https:\/\/baztan-bidasoa.com\/desarrollo\/irrisarri-land-enciende-la-carbonera\/#breadcrumb"},"inLanguage":"es","potentialAction":[{"@type":"ReadAction","target":["https:\/\/baztan-bidasoa.com\/desarrollo\/irrisarri-land-enciende-la-carbonera\/"]}]},{"@type":"BreadcrumbList","@id":"https:\/\/baztan-bidasoa.com\/desarrollo\/irrisarri-land-enciende-la-carbonera\/#breadcrumb","itemListElement":[{"@type":"ListItem","position":1,"name":"Portada","item":"https:\/\/baztan-bidasoa.com\/desarrollo\/"},{"@type":"ListItem","position":2,"name":"IrriSarri Land enciende la carbonera"}]},{"@type":"WebSite","@id":"https:\/\/baztan-bidasoa.com\/desarrollo\/#website","url":"https:\/\/baztan-bidasoa.com\/desarrollo\/","name":"Baztan Bidasoa Turismoa","description":"Asociaci\u00f3n Tur\u00edstica Baztan-Bidasoa Turismo Elkartea","potentialAction":[{"@type":"SearchAction","target":{"@type":"EntryPoint","urlTemplate":"https:\/\/baztan-bidasoa.com\/desarrollo\/?s={search_term_string}"},"query-input":"required name=search_term_string"}],"inLanguage":"es"},{"@type":"Person","@id":"https:\/\/baztan-bidasoa.com\/desarrollo\/#\/schema\/person\/ec297d7c7c08a77e7ac6292c2b940e42","name":"mktpamplona2","image":{"@type":"ImageObject","inLanguage":"es","@id":"https:\/\/baztan-bidasoa.com\/desarrollo\/#\/schema\/person\/image\/","url":"https:\/\/secure.gravatar.com\/avatar\/132223b7affa4daaa3f3ea2b5597a64f?s=96&d=mm&r=g","contentUrl":"https:\/\/secure.gravatar.com\/avatar\/132223b7affa4daaa3f3ea2b5597a64f?s=96&d=mm&r=g","caption":"mktpamplona2"}}]}},"_links":{"self":[{"href":"https:\/\/baztan-bidasoa.com\/desarrollo\/wp-json\/wp\/v2\/posts\/22817"}],"collection":[{"href":"https:\/\/baztan-bidasoa.com\/desarrollo\/wp-json\/wp\/v2\/posts"}],"about":[{"href":"https:\/\/baztan-bidasoa.com\/desarrollo\/wp-json\/wp\/v2\/types\/post"}],"author":[{"embeddable":true,"href":"https:\/\/baztan-bidasoa.com\/desarrollo\/wp-json\/wp\/v2\/users\/3"}],"replies":[{"embeddable":true,"href":"https:\/\/baztan-bidasoa.com\/desarrollo\/wp-json\/wp\/v2\/comments?post=22817"}],"version-history":[{"count":0,"href":"https:\/\/baztan-bidasoa.com\/desarrollo\/wp-json\/wp\/v2\/posts\/22817\/revisions"}],"wp:featuredmedia":[{"embeddable":true,"href":"https:\/\/baztan-bidasoa.com\/desarrollo\/wp-json\/wp\/v2\/media\/20671"}],"wp:attachment":[{"href":"https:\/\/baztan-bidasoa.com\/desarrollo\/wp-json\/wp\/v2\/media?parent=22817"}],"wp:term":[{"taxonomy":"category","embeddable":true,"href":"https:\/\/baztan-bidasoa.com\/desarrollo\/wp-json\/wp\/v2\/categories?post=22817"},{"taxonomy":"post_tag","embeddable":true,"href":"https:\/\/baztan-bidasoa.com\/desarrollo\/wp-json\/wp\/v2\/tags?post=22817"}],"curies":[{"name":"wp","href":"https:\/\/api.w.org\/{rel}","templated":true}]}}