{"id":22795,"date":"2019-10-21T00:00:00","date_gmt":"2019-10-21T00:00:00","guid":{"rendered":"https:\/\/baztan-bidasoa.com\/desarrollo\/lan-gaua-2019-homenaje-a-ls-contrabandistas\/"},"modified":"2019-10-21T00:00:00","modified_gmt":"2019-10-21T00:00:00","slug":"lan-gaua-2019-homenaje-a-ls-contrabandistas","status":"publish","type":"post","link":"https:\/\/baztan-bidasoa.com\/desarrollo\/lan-gaua-2019-homenaje-a-ls-contrabandistas\/","title":{"rendered":"LAN GAUA 2019, homenaje a l@s contrabandistas"},"content":{"rendered":"<h3><span style=\"color: #008000;\">LAN GAUA, una excursi\u00f3n a la luz de la luna<\/span><\/h3>\n<figure id=\"attachment_15782\" aria-describedby=\"caption-attachment-15782\" style=\"width: 492px\" class=\"wp-caption alignleft\"><a href=\"https:\/\/baztan-bidasoa.com\/desarrollo\/wp-content\/uploads\/2020\/04\/Lan-gaua-Joxepi.jpg\"><img decoding=\"async\" loading=\"lazy\" class=\"wp-image-15782\" src=\"https:\/\/baztan-bidasoa.com\/desarrollo\/wp-content\/uploads\/2020\/04\/Lan-gaua-Joxepi.jpg\" alt=\"Joxepi Miura, del caser\u00edo Urruska. Ella nos contar\u00e1 las historias de contrabando.\" width=\"492\" height=\"656\" data-wp-pid=\"15782\" \/><\/a><figcaption id=\"caption-attachment-15782\" class=\"wp-caption-text\">Joxepi Miura, del caser\u00edo Urruska. Ella nos contar\u00e1 las historias de contrabando.<\/figcaption><\/figure>\n<h1><strong>\u00a1ATENT@S!!<\/strong><\/h1>\n<p>Baztan-Bidasoa Turismoa ya tiene todo preparado para la excursi\u00f3n \u00abLan Gaua 2019\u00bb <strong>del 14 de diciembre.<\/strong> Prevista en un inicio para el 9 de noviembre y aplazada debido al mal tiempo, la excursi\u00f3n por los caminos del contrabando se realizar\u00e1 la noche del 14 de diciembre, coincidiendo con la luna llena.<\/p>\n<p>Un ruta de monta\u00f1a a la luz de la luna que este a\u00f1o se desarrollar\u00e1 en las inmediaciones de Beartzun (Elizondo, Baztan). Adem\u00e1s, por primera vez, una mujer ser\u00e1 quien nos cuente sus vivencias de aquella \u00e9poca. Joxepi Miura, del Caser\u00edo Urruska, particip\u00f3 en este trabajo de supervivencia en el que eran c\u00f3mplices todos los de la familia, del barrio y hasta algunos carabineros.<\/p>\n<p><strong>Lan Gaua:<\/strong>\u00a014 de diciembre<\/p>\n<p><strong>Recorrido:<\/strong>\u00a0Beartzun \u2013Koartela\u2013 Arlegi &#8211; Urruska Etxea &#8211; Berderiz \u2013 Belaun &#8211; Beartzun<\/p>\n<p><strong>Distancia:<\/strong> 10,750 \/Duraci\u00f3n: -\/+: 3 horas 15&#8242;<\/p>\n<p><strong>Inscripciones:<\/strong>\u00a0hasta el 12 de diciembre<\/p>\n<p><strong>Tel\u00e9fono:<\/strong> 948 59 23 23\/ 608 544 800 ( 09:00h\/ 13:00h)<\/p>\n<p><strong>E-mail<\/strong>: info@baztan-bidasoa.com<\/p>\n<p>M\u00e1s informaci\u00f3n\u00a0<a href=\"https:\/\/baztan-bidasoa.com\/desarrollo\/wp-content\/uploads\/2019\/10\/LAN-GAUA-2019-Gaztelania-BAI-.pdf\">AQU\u00cd\u00a0<\/a><\/p>\n<p>(\u00a1Aviso! Aunque en el documento de informaci\u00f3n pone fecha de 9 de noviembre, Lan Gaua 209 tendr\u00e1 lugar el 14 de diciembre)<\/p>\n<p>&nbsp;<\/p>\n<h3>El Contrabando en Baztan-Bidasoa<\/h3>\n<p>No fueron a\u00f1os f\u00e1ciles los de postguerra, familias numerosas y poco que llevarse a la boca. La escasez era grande y algo hab\u00eda que hacer para alimentar a todos los hij@s y poder salir adelante.<\/p>\n<p>El contrabando, \u201cGau lana\u201d, fue una \u201cayuda\u201d econ\u00f3mica para la subsistencia de muchas familias de Baztan-Bidasoa. Durante el d\u00eda trabajaban en el caser\u00edo, en el campo,\u2026durante la noche lo hac\u00edan en el monte, con grandes sacos a la espalda cargados de mercanc\u00edas \u201cprohibidas\u201d. Aprovechando la cercan\u00eda de la muga, pasaban de uno a otro lado de la frontera rodamientos, puntillas, licores, tabaco, caf\u00e9,.. familias enteras, como en el caso de la familia de Joxepi, participaban en esta actividad clandestina, de la que todos sab\u00edan, pero nadie hablaba.<\/p>\n<div class=\"wpsso-ssb wpsso-ssb-content\"><\/div>\n<p>&nbsp;<\/p>\n<p>&nbsp;<\/p>\n<p>&nbsp;<\/p>\n","protected":false},"excerpt":{"rendered":"<p>LAN GAUA, una excursi\u00f3n a la luz de la luna \u00a1ATENT@S!! Baztan-Bidasoa Turismoa ya tiene todo preparado para la excursi\u00f3n \u00abLan Gaua 2019\u00bb del 14 de diciembre. Prevista en un inicio para el 9 de noviembre y aplazada debido al mal tiempo, la excursi\u00f3n por los caminos del contrabando se realizar\u00e1 la noche del 14 [&hellip;]<\/p>\n","protected":false},"author":3,"featured_media":22797,"comment_status":"open","ping_status":"open","sticky":false,"template":"","format":"standard","meta":[],"categories":[237,235,738],"tags":[351,275,834,836,838,504,840],"acf":[],"yoast_head":"<!-- This site is optimized with the Yoast SEO plugin v19.10 - https:\/\/yoast.com\/wordpress\/plugins\/seo\/ -->\n<title>Gau Lana 2019 - Historias de contrabando - Baztan Bidasoa Turismoa<\/title>\n<meta name=\"description\" content=\"Gau Lana 2019 se desarrollar\u00e1 el 9 de noviembre de 2019 por el barrio de Beartzun. Josepi Miura, del caser\u00edo Urruska nos contar\u00e1 sus vivencias.\" \/>\n<meta name=\"robots\" content=\"index, follow, max-snippet:-1, max-image-preview:large, max-video-preview:-1\" \/>\n<link rel=\"canonical\" href=\"https:\/\/baztan-bidasoa.com\/desarrollo\/lan-gaua-2019-homenaje-a-ls-contrabandistas\/\" \/>\n<meta property=\"og:locale\" content=\"es_ES\" \/>\n<meta property=\"og:type\" content=\"article\" \/>\n<meta property=\"og:title\" content=\"Gau Lana 2019 - Historias de contrabando - Baztan Bidasoa Turismoa\" \/>\n<meta property=\"og:description\" content=\"Gau Lana 2019 se desarrollar\u00e1 el 9 de noviembre de 2019 por el barrio de Beartzun. Josepi Miura, del caser\u00edo Urruska nos contar\u00e1 sus vivencias.\" \/>\n<meta property=\"og:url\" content=\"https:\/\/baztan-bidasoa.com\/desarrollo\/lan-gaua-2019-homenaje-a-ls-contrabandistas\/\" \/>\n<meta property=\"og:site_name\" content=\"Baztan Bidasoa Turismoa\" \/>\n<meta property=\"article:published_time\" content=\"2019-10-21T00:00:00+00:00\" \/>\n<meta property=\"og:image\" content=\"https:\/\/baztan-bidasoa.com\/desarrollo\/wp-content\/uploads\/2020\/04\/LAN-GAUA-2019-Abenduak-14-BAI-scaled.jpg\" \/>\n\t<meta property=\"og:image:width\" content=\"1810\" \/>\n\t<meta property=\"og:image:height\" content=\"2560\" \/>\n\t<meta property=\"og:image:type\" content=\"image\/jpeg\" \/>\n<meta name=\"author\" content=\"mktpamplona2\" \/>\n<meta name=\"twitter:card\" content=\"summary_large_image\" \/>\n<meta name=\"twitter:label1\" content=\"Escrito por\" \/>\n\t<meta name=\"twitter:data1\" content=\"mktpamplona2\" \/>\n\t<meta name=\"twitter:label2\" content=\"Tiempo de lectura\" \/>\n\t<meta name=\"twitter:data2\" content=\"2 minutos\" \/>\n<script type=\"application\/ld+json\" class=\"yoast-schema-graph\">{\"@context\":\"https:\/\/schema.org\",\"@graph\":[{\"@type\":\"WebPage\",\"@id\":\"https:\/\/baztan-bidasoa.com\/desarrollo\/lan-gaua-2019-homenaje-a-ls-contrabandistas\/\",\"url\":\"https:\/\/baztan-bidasoa.com\/desarrollo\/lan-gaua-2019-homenaje-a-ls-contrabandistas\/\",\"name\":\"Gau Lana 2019 - Historias de contrabando - Baztan Bidasoa Turismoa\",\"isPartOf\":{\"@id\":\"https:\/\/baztan-bidasoa.com\/desarrollo\/#website\"},\"datePublished\":\"2019-10-21T00:00:00+00:00\",\"dateModified\":\"2019-10-21T00:00:00+00:00\",\"author\":{\"@id\":\"https:\/\/baztan-bidasoa.com\/desarrollo\/#\/schema\/person\/ec297d7c7c08a77e7ac6292c2b940e42\"},\"description\":\"Gau Lana 2019 se desarrollar\u00e1 el 9 de noviembre de 2019 por el barrio de Beartzun. Josepi Miura, del caser\u00edo Urruska nos contar\u00e1 sus vivencias.\",\"breadcrumb\":{\"@id\":\"https:\/\/baztan-bidasoa.com\/desarrollo\/lan-gaua-2019-homenaje-a-ls-contrabandistas\/#breadcrumb\"},\"inLanguage\":\"es\",\"potentialAction\":[{\"@type\":\"ReadAction\",\"target\":[\"https:\/\/baztan-bidasoa.com\/desarrollo\/lan-gaua-2019-homenaje-a-ls-contrabandistas\/\"]}]},{\"@type\":\"BreadcrumbList\",\"@id\":\"https:\/\/baztan-bidasoa.com\/desarrollo\/lan-gaua-2019-homenaje-a-ls-contrabandistas\/#breadcrumb\",\"itemListElement\":[{\"@type\":\"ListItem\",\"position\":1,\"name\":\"Portada\",\"item\":\"https:\/\/baztan-bidasoa.com\/desarrollo\/\"},{\"@type\":\"ListItem\",\"position\":2,\"name\":\"LAN GAUA 2019, homenaje a l@s contrabandistas\"}]},{\"@type\":\"WebSite\",\"@id\":\"https:\/\/baztan-bidasoa.com\/desarrollo\/#website\",\"url\":\"https:\/\/baztan-bidasoa.com\/desarrollo\/\",\"name\":\"Baztan Bidasoa Turismoa\",\"description\":\"Asociaci\u00f3n Tur\u00edstica Baztan-Bidasoa Turismo Elkartea\",\"potentialAction\":[{\"@type\":\"SearchAction\",\"target\":{\"@type\":\"EntryPoint\",\"urlTemplate\":\"https:\/\/baztan-bidasoa.com\/desarrollo\/?s={search_term_string}\"},\"query-input\":\"required name=search_term_string\"}],\"inLanguage\":\"es\"},{\"@type\":\"Person\",\"@id\":\"https:\/\/baztan-bidasoa.com\/desarrollo\/#\/schema\/person\/ec297d7c7c08a77e7ac6292c2b940e42\",\"name\":\"mktpamplona2\",\"image\":{\"@type\":\"ImageObject\",\"inLanguage\":\"es\",\"@id\":\"https:\/\/baztan-bidasoa.com\/desarrollo\/#\/schema\/person\/image\/\",\"url\":\"https:\/\/secure.gravatar.com\/avatar\/132223b7affa4daaa3f3ea2b5597a64f?s=96&d=mm&r=g\",\"contentUrl\":\"https:\/\/secure.gravatar.com\/avatar\/132223b7affa4daaa3f3ea2b5597a64f?s=96&d=mm&r=g\",\"caption\":\"mktpamplona2\"}}]}<\/script>\n<!-- \/ Yoast SEO plugin. -->","yoast_head_json":{"title":"Gau Lana 2019 - Historias de contrabando - Baztan Bidasoa Turismoa","description":"Gau Lana 2019 se desarrollar\u00e1 el 9 de noviembre de 2019 por el barrio de Beartzun. Josepi Miura, del caser\u00edo Urruska nos contar\u00e1 sus vivencias.","robots":{"index":"index","follow":"follow","max-snippet":"max-snippet:-1","max-image-preview":"max-image-preview:large","max-video-preview":"max-video-preview:-1"},"canonical":"https:\/\/baztan-bidasoa.com\/desarrollo\/lan-gaua-2019-homenaje-a-ls-contrabandistas\/","og_locale":"es_ES","og_type":"article","og_title":"Gau Lana 2019 - Historias de contrabando - Baztan Bidasoa Turismoa","og_description":"Gau Lana 2019 se desarrollar\u00e1 el 9 de noviembre de 2019 por el barrio de Beartzun. Josepi Miura, del caser\u00edo Urruska nos contar\u00e1 sus vivencias.","og_url":"https:\/\/baztan-bidasoa.com\/desarrollo\/lan-gaua-2019-homenaje-a-ls-contrabandistas\/","og_site_name":"Baztan Bidasoa Turismoa","article_published_time":"2019-10-21T00:00:00+00:00","og_image":[{"width":1810,"height":2560,"url":"https:\/\/baztan-bidasoa.com\/desarrollo\/wp-content\/uploads\/2020\/04\/LAN-GAUA-2019-Abenduak-14-BAI-scaled.jpg","type":"image\/jpeg"}],"author":"mktpamplona2","twitter_card":"summary_large_image","twitter_misc":{"Escrito por":"mktpamplona2","Tiempo de lectura":"2 minutos"},"schema":{"@context":"https:\/\/schema.org","@graph":[{"@type":"WebPage","@id":"https:\/\/baztan-bidasoa.com\/desarrollo\/lan-gaua-2019-homenaje-a-ls-contrabandistas\/","url":"https:\/\/baztan-bidasoa.com\/desarrollo\/lan-gaua-2019-homenaje-a-ls-contrabandistas\/","name":"Gau Lana 2019 - Historias de contrabando - Baztan Bidasoa Turismoa","isPartOf":{"@id":"https:\/\/baztan-bidasoa.com\/desarrollo\/#website"},"datePublished":"2019-10-21T00:00:00+00:00","dateModified":"2019-10-21T00:00:00+00:00","author":{"@id":"https:\/\/baztan-bidasoa.com\/desarrollo\/#\/schema\/person\/ec297d7c7c08a77e7ac6292c2b940e42"},"description":"Gau Lana 2019 se desarrollar\u00e1 el 9 de noviembre de 2019 por el barrio de Beartzun. Josepi Miura, del caser\u00edo Urruska nos contar\u00e1 sus vivencias.","breadcrumb":{"@id":"https:\/\/baztan-bidasoa.com\/desarrollo\/lan-gaua-2019-homenaje-a-ls-contrabandistas\/#breadcrumb"},"inLanguage":"es","potentialAction":[{"@type":"ReadAction","target":["https:\/\/baztan-bidasoa.com\/desarrollo\/lan-gaua-2019-homenaje-a-ls-contrabandistas\/"]}]},{"@type":"BreadcrumbList","@id":"https:\/\/baztan-bidasoa.com\/desarrollo\/lan-gaua-2019-homenaje-a-ls-contrabandistas\/#breadcrumb","itemListElement":[{"@type":"ListItem","position":1,"name":"Portada","item":"https:\/\/baztan-bidasoa.com\/desarrollo\/"},{"@type":"ListItem","position":2,"name":"LAN GAUA 2019, homenaje a l@s contrabandistas"}]},{"@type":"WebSite","@id":"https:\/\/baztan-bidasoa.com\/desarrollo\/#website","url":"https:\/\/baztan-bidasoa.com\/desarrollo\/","name":"Baztan Bidasoa Turismoa","description":"Asociaci\u00f3n Tur\u00edstica Baztan-Bidasoa Turismo Elkartea","potentialAction":[{"@type":"SearchAction","target":{"@type":"EntryPoint","urlTemplate":"https:\/\/baztan-bidasoa.com\/desarrollo\/?s={search_term_string}"},"query-input":"required name=search_term_string"}],"inLanguage":"es"},{"@type":"Person","@id":"https:\/\/baztan-bidasoa.com\/desarrollo\/#\/schema\/person\/ec297d7c7c08a77e7ac6292c2b940e42","name":"mktpamplona2","image":{"@type":"ImageObject","inLanguage":"es","@id":"https:\/\/baztan-bidasoa.com\/desarrollo\/#\/schema\/person\/image\/","url":"https:\/\/secure.gravatar.com\/avatar\/132223b7affa4daaa3f3ea2b5597a64f?s=96&d=mm&r=g","contentUrl":"https:\/\/secure.gravatar.com\/avatar\/132223b7affa4daaa3f3ea2b5597a64f?s=96&d=mm&r=g","caption":"mktpamplona2"}}]}},"_links":{"self":[{"href":"https:\/\/baztan-bidasoa.com\/desarrollo\/wp-json\/wp\/v2\/posts\/22795"}],"collection":[{"href":"https:\/\/baztan-bidasoa.com\/desarrollo\/wp-json\/wp\/v2\/posts"}],"about":[{"href":"https:\/\/baztan-bidasoa.com\/desarrollo\/wp-json\/wp\/v2\/types\/post"}],"author":[{"embeddable":true,"href":"https:\/\/baztan-bidasoa.com\/desarrollo\/wp-json\/wp\/v2\/users\/3"}],"replies":[{"embeddable":true,"href":"https:\/\/baztan-bidasoa.com\/desarrollo\/wp-json\/wp\/v2\/comments?post=22795"}],"version-history":[{"count":0,"href":"https:\/\/baztan-bidasoa.com\/desarrollo\/wp-json\/wp\/v2\/posts\/22795\/revisions"}],"wp:featuredmedia":[{"embeddable":true,"href":"https:\/\/baztan-bidasoa.com\/desarrollo\/wp-json\/wp\/v2\/media\/22797"}],"wp:attachment":[{"href":"https:\/\/baztan-bidasoa.com\/desarrollo\/wp-json\/wp\/v2\/media?parent=22795"}],"wp:term":[{"taxonomy":"category","embeddable":true,"href":"https:\/\/baztan-bidasoa.com\/desarrollo\/wp-json\/wp\/v2\/categories?post=22795"},{"taxonomy":"post_tag","embeddable":true,"href":"https:\/\/baztan-bidasoa.com\/desarrollo\/wp-json\/wp\/v2\/tags?post=22795"}],"curies":[{"name":"wp","href":"https:\/\/api.w.org\/{rel}","templated":true}]}}