{"id":22788,"date":"2019-10-21T00:00:00","date_gmt":"2019-10-21T00:00:00","guid":{"rendered":"https:\/\/baztan-bidasoa.com\/desarrollo\/zugarramurdi-destino-magico\/"},"modified":"2019-10-21T00:00:00","modified_gmt":"2019-10-21T00:00:00","slug":"zugarramurdi-destino-magico","status":"publish","type":"post","link":"https:\/\/baztan-bidasoa.com\/desarrollo\/zugarramurdi-destino-magico\/","title":{"rendered":"Zugarramurdi, destino m\u00e1gico"},"content":{"rendered":"<h2>Brujer\u00eda, historia y leyendas convierten Zugarramurdi en destino l\u00edder<\/h2>\n<p>A\u00f1o tras a\u00f1o Zugarramurdi recibe miles de visitantes, atra\u00eddos por las cuevas y la historia de brujer\u00eda que impregna la localidad. Verano es temporada alta por excelencia, pero Zugarramurdi ya no recuerda aquellos d\u00edas en los que s\u00f3lo pasaban por las calles los vecinos del pueblo.<\/p>\n<p>Todas las estaciones tienen su encanto, y \u00a1qu\u00e9 decir el oto\u00f1o! En los meses de octubre y noviembre la comarca de Xareta huele a manzanas y casta\u00f1as asadas, a hongos y paloma, las hayas y robles se visten con su variedad de colores m\u00e1s espectacular. El flujo de visitantes que buscan el disfrute de la Naturaleza se mantiene, sobre todo los d\u00edas festivos. Por ejemplo, el d\u00eda de el Pilar, 1.300 personas han visitado la Cueva y 412, el Museo de las Brujas. M\u00e1s de la mitad preced\u00eda de comunidades lim\u00edtrofes y sobre todo hemos tenido visitantes vizca\u00ednos (un 28%).<\/p>\n<h2>\u00bfTe vienes?<\/h2>\n<p>La invitaci\u00f3n ahora es para acercarse en el\u00a0Puente de Todos los Santos. Tanto el <a href=\"https:\/\/baztan-bidasoa.com\/desarrollo\/museo-de-las-brujas-de-zugarramurdi\/\">Museo de las Brujas<\/a>, como la <a href=\"https:\/\/baztan-bidasoa.com\/desarrollo\/cuevas-de-zugarramurdi-historia-y-leyenda\/\">Cueva<\/a> ofrecer\u00e1n horarios especiales para que todo aquel que quiera conocerlos:<\/p>\n<ul>\n<li>A partir del cambio de hora, la Cueva cerrar\u00e1 a las 17:30, puesto que ya oscurecer\u00e1 muy temprano.<\/li>\n<li>El viernes 1 y s\u00e1bado 2 de noviembre la Cueva abrir\u00e1 de 11:00 a 17:30 y el Museo de las Brujas, de 11:00 a 19:30 (hora de cierre).<\/li>\n<\/ul>\n<h4><a href=\"https:\/\/baztan-bidasoa.com\/desarrollo\/wp-content\/uploads\/2020\/04\/Zugarramurdi-kontzertua-2019-1.jpg\"><img decoding=\"async\" loading=\"lazy\" class=\"wp-image-15702 alignleft\" src=\"https:\/\/baztan-bidasoa.com\/desarrollo\/wp-content\/uploads\/2020\/04\/Zugarramurdi-kontzertua-2019-1.jpg\" alt=\"\" width=\"414\" height=\"311\" data-wp-pid=\"15702\" \/><\/a><a href=\"https:\/\/baztan-bidasoa.com\/desarrollo\/wp-content\/uploads\/2020\/04\/Zugarramurdi-kontzertua-2019-2.jpg\"><img decoding=\"async\" loading=\"lazy\" class=\"wp-image-15704 alignleft\" src=\"https:\/\/baztan-bidasoa.com\/desarrollo\/wp-content\/uploads\/2020\/04\/Zugarramurdi-kontzertua-2019-2.jpg\" alt=\"\" width=\"419\" height=\"315\" data-wp-pid=\"15704\" \/><\/a>Noviembre, mes de la Memoria Hist\u00f3rica<\/h4>\n<p><strong>Zugarramurdi recordar\u00e1 en Logro\u00f1o a l@s vecin@s enjuiciados por la inquisici\u00f3n<\/strong><\/p>\n<p>Zugarramurdi recuerda su pasado brujeril y durante el mes de noviembre la historia de Zugarramurdi se recordar\u00e1 en Logro\u00f1o, all\u00e1 donde hace ahora 409 a\u00f1os, 31 zugarramurdiarras fueron acusados de practicar la brujer\u00eda y 11 de ellos fueron condenados a la hoguera.<\/p>\n<p>La Biblioteca de La Rioja acoger\u00e1 la exposici\u00f3n \u201cAuto de Fe de 1610, el proceso de la quema de brujas de Zugarramurdi\u201d. Este mismo edificio acoger\u00e1 tambi\u00e9n el 7 de noviembre un ciclo de conferencias, en el que participar\u00e1n autores tan conocidos como Toti Mart\u00ednez de Lezea (\u201cLa bruja\u201d) y Mikel Azurmendi (\u201cLas brujas de Zugarramurdi\u201d). Al d\u00eda siguiente, 8 de noviembre, las ponencias se trasladar\u00e1n a Centro Cultural La Merced, donde intervendr\u00e1n Marcelino Izquierdo (\u201cLa peste negra\u201d) y Federico Soldevilla (\u201cEl Auto de Fe de 1610\u201d). La entrada ser\u00e1 gratuita hasta completar el aforo.<\/p>\n<p>Tambi\u00e9n la Biblioteca de La Rioja ser\u00e1 el apropiado escenario para la presentaci\u00f3n de dos libros muy \u201cbrujeriles\u201d de la editorial Evidencia M\u00e9dica. El viernes 15 de noviembre, el m\u00e9dico navarro Javier \u00c1lvarez Caperochipi presentar\u00e1 su libro \u201cBrujas, historia natural: alucin\u00f3genos, afrodis\u00edacos y venenos\u201d e I\u00f1aki Uzt\u00e1rroz pondr\u00e1 el broche de oro a este mes dedicado a la memoria hist\u00f3rica con la presentaci\u00f3n de \u201cEl brujo de Bargota\u201d el 28 de noviembre.<\/p>\n<p><strong>Balance de los actos programados en oto\u00f1o<\/strong><\/p>\n<p>El \u00faltimo fin de semana de septiembre Zugarramurdi se sum\u00f3 a la iniciativa de <a href=\"http:\/\/ondarezain2017.blogspot.com\/\">Ondarezain<\/a> para celebrar conjuntamente con 35 peque\u00f1os museos, colecciones museogr\u00e1ficas permanentes y centros de exhibici\u00f3n p\u00fablica de Navarra las <strong>Jornadas Europeas del Patrimonio<\/strong>, propuestas por la Direcci\u00f3n General de Cultura \u2013 IPV bajo el lema \u201cOcio y arte\u201d. T\u00edteres y marionetas llenaron el programa zugarramurdiarra, recuperando una de las se\u00f1as de identidad de esta peque\u00f1a localidad. Aqu\u00ed se ubicaba el \u00fanico teatro permanente de t\u00edteres de Euskal Herria y fue durante toda una d\u00e9cada la sede del Encuentro Bianual de Titiriteros, que organizaban los vecinos en <em>auzolan<\/em>.<\/p>\n<p>Por su parte, ya por quinto a\u00f1o consecutivo y siguiendo esta l\u00ednea de oferta cultural dirigida especialmente a gente del entorno, Korrontzi, la trikitixa de Agus Barandiaran y un buen n\u00famero de singulares invitados ofrecieron a primeros de octubre\u00a0<strong>\u201cNafar Loreak\u201d<\/strong>, un gran espect\u00e1culo lleno de color y sorpresas en la Cueva de Zugarramurdi.<\/p>\n<p>M\u00e1s de hora y media de espect\u00e1culo que termin\u00f3 con el p\u00fablico en pie, pr\u00e1cticamente mezclado con el desfile de todos los dantzaris en la traca final. Para quien se haya quedado con la miel en los labios, la televisi\u00f3n auton\u00f3mica vasca emitir\u00e1 \u201cNafar Loreak\u201d el d\u00eda de A\u00f1o Nuevo.<\/p>\n<p>&nbsp;<\/p>\n<p>&nbsp;<\/p>\n<p>&nbsp;<\/p>\n<p>&nbsp;<\/p>\n<p>&nbsp;<\/p>\n","protected":false},"excerpt":{"rendered":"<p>Brujer\u00eda, historia y leyendas convierten Zugarramurdi en destino l\u00edder A\u00f1o tras a\u00f1o Zugarramurdi recibe miles de visitantes, atra\u00eddos por las cuevas y la historia de brujer\u00eda que impregna la localidad. Verano es temporada alta por excelencia, pero Zugarramurdi ya no recuerda aquellos d\u00edas en los que s\u00f3lo pasaban por las calles los vecinos del pueblo. [&hellip;]<\/p>\n","protected":false},"author":3,"featured_media":22791,"comment_status":"open","ping_status":"open","sticky":false,"template":"","format":"standard","meta":[],"categories":[237,235,738],"tags":[351,714,315,828,285,564,830,832,279,295,534],"acf":[],"yoast_head":"<!-- This site is optimized with the Yoast SEO plugin v19.10 - https:\/\/yoast.com\/wordpress\/plugins\/seo\/ -->\n<title>Zugarramurdi recuerda su pasado brujeril - Baztan Bidasoa Turismoa<\/title>\n<meta name=\"description\" content=\"Zugarramurdi recuerda su pasado brujeril en Logro\u00f1o y las Cuevas y el Museo de las Brujas ampl\u00edan sus horarios para dar a conocer la historia.\" \/>\n<meta name=\"robots\" content=\"index, follow, max-snippet:-1, max-image-preview:large, max-video-preview:-1\" \/>\n<link rel=\"canonical\" href=\"https:\/\/baztan-bidasoa.com\/desarrollo\/zugarramurdi-destino-magico\/\" \/>\n<meta property=\"og:locale\" content=\"es_ES\" \/>\n<meta property=\"og:type\" content=\"article\" \/>\n<meta property=\"og:title\" content=\"Zugarramurdi recuerda su pasado brujeril - Baztan Bidasoa Turismoa\" \/>\n<meta property=\"og:description\" content=\"Zugarramurdi recuerda su pasado brujeril en Logro\u00f1o y las Cuevas y el Museo de las Brujas ampl\u00edan sus horarios para dar a conocer la historia.\" \/>\n<meta property=\"og:url\" content=\"https:\/\/baztan-bidasoa.com\/desarrollo\/zugarramurdi-destino-magico\/\" \/>\n<meta property=\"og:site_name\" content=\"Baztan Bidasoa Turismoa\" \/>\n<meta property=\"article:published_time\" content=\"2019-10-21T00:00:00+00:00\" \/>\n<meta property=\"og:image\" content=\"https:\/\/baztan-bidasoa.com\/desarrollo\/wp-content\/uploads\/2020\/04\/Zugarramurdiko-behiak-26-scaled.jpg\" \/>\n\t<meta property=\"og:image:width\" content=\"2560\" \/>\n\t<meta property=\"og:image:height\" content=\"1920\" \/>\n\t<meta property=\"og:image:type\" content=\"image\/jpeg\" \/>\n<meta name=\"author\" content=\"mktpamplona2\" \/>\n<meta name=\"twitter:card\" content=\"summary_large_image\" \/>\n<meta name=\"twitter:label1\" content=\"Escrito por\" \/>\n\t<meta name=\"twitter:data1\" content=\"mktpamplona2\" \/>\n\t<meta name=\"twitter:label2\" content=\"Tiempo de lectura\" \/>\n\t<meta name=\"twitter:data2\" content=\"4 minutos\" \/>\n<script type=\"application\/ld+json\" class=\"yoast-schema-graph\">{\"@context\":\"https:\/\/schema.org\",\"@graph\":[{\"@type\":\"WebPage\",\"@id\":\"https:\/\/baztan-bidasoa.com\/desarrollo\/zugarramurdi-destino-magico\/\",\"url\":\"https:\/\/baztan-bidasoa.com\/desarrollo\/zugarramurdi-destino-magico\/\",\"name\":\"Zugarramurdi recuerda su pasado brujeril - Baztan Bidasoa Turismoa\",\"isPartOf\":{\"@id\":\"https:\/\/baztan-bidasoa.com\/desarrollo\/#website\"},\"datePublished\":\"2019-10-21T00:00:00+00:00\",\"dateModified\":\"2019-10-21T00:00:00+00:00\",\"author\":{\"@id\":\"https:\/\/baztan-bidasoa.com\/desarrollo\/#\/schema\/person\/ec297d7c7c08a77e7ac6292c2b940e42\"},\"description\":\"Zugarramurdi recuerda su pasado brujeril en Logro\u00f1o y las Cuevas y el Museo de las Brujas ampl\u00edan sus horarios para dar a conocer la historia.\",\"breadcrumb\":{\"@id\":\"https:\/\/baztan-bidasoa.com\/desarrollo\/zugarramurdi-destino-magico\/#breadcrumb\"},\"inLanguage\":\"es\",\"potentialAction\":[{\"@type\":\"ReadAction\",\"target\":[\"https:\/\/baztan-bidasoa.com\/desarrollo\/zugarramurdi-destino-magico\/\"]}]},{\"@type\":\"BreadcrumbList\",\"@id\":\"https:\/\/baztan-bidasoa.com\/desarrollo\/zugarramurdi-destino-magico\/#breadcrumb\",\"itemListElement\":[{\"@type\":\"ListItem\",\"position\":1,\"name\":\"Portada\",\"item\":\"https:\/\/baztan-bidasoa.com\/desarrollo\/\"},{\"@type\":\"ListItem\",\"position\":2,\"name\":\"Zugarramurdi, destino m\u00e1gico\"}]},{\"@type\":\"WebSite\",\"@id\":\"https:\/\/baztan-bidasoa.com\/desarrollo\/#website\",\"url\":\"https:\/\/baztan-bidasoa.com\/desarrollo\/\",\"name\":\"Baztan Bidasoa Turismoa\",\"description\":\"Asociaci\u00f3n Tur\u00edstica Baztan-Bidasoa Turismo Elkartea\",\"potentialAction\":[{\"@type\":\"SearchAction\",\"target\":{\"@type\":\"EntryPoint\",\"urlTemplate\":\"https:\/\/baztan-bidasoa.com\/desarrollo\/?s={search_term_string}\"},\"query-input\":\"required name=search_term_string\"}],\"inLanguage\":\"es\"},{\"@type\":\"Person\",\"@id\":\"https:\/\/baztan-bidasoa.com\/desarrollo\/#\/schema\/person\/ec297d7c7c08a77e7ac6292c2b940e42\",\"name\":\"mktpamplona2\",\"image\":{\"@type\":\"ImageObject\",\"inLanguage\":\"es\",\"@id\":\"https:\/\/baztan-bidasoa.com\/desarrollo\/#\/schema\/person\/image\/\",\"url\":\"https:\/\/secure.gravatar.com\/avatar\/132223b7affa4daaa3f3ea2b5597a64f?s=96&d=mm&r=g\",\"contentUrl\":\"https:\/\/secure.gravatar.com\/avatar\/132223b7affa4daaa3f3ea2b5597a64f?s=96&d=mm&r=g\",\"caption\":\"mktpamplona2\"}}]}<\/script>\n<!-- \/ Yoast SEO plugin. -->","yoast_head_json":{"title":"Zugarramurdi recuerda su pasado brujeril - Baztan Bidasoa Turismoa","description":"Zugarramurdi recuerda su pasado brujeril en Logro\u00f1o y las Cuevas y el Museo de las Brujas ampl\u00edan sus horarios para dar a conocer la historia.","robots":{"index":"index","follow":"follow","max-snippet":"max-snippet:-1","max-image-preview":"max-image-preview:large","max-video-preview":"max-video-preview:-1"},"canonical":"https:\/\/baztan-bidasoa.com\/desarrollo\/zugarramurdi-destino-magico\/","og_locale":"es_ES","og_type":"article","og_title":"Zugarramurdi recuerda su pasado brujeril - Baztan Bidasoa Turismoa","og_description":"Zugarramurdi recuerda su pasado brujeril en Logro\u00f1o y las Cuevas y el Museo de las Brujas ampl\u00edan sus horarios para dar a conocer la historia.","og_url":"https:\/\/baztan-bidasoa.com\/desarrollo\/zugarramurdi-destino-magico\/","og_site_name":"Baztan Bidasoa Turismoa","article_published_time":"2019-10-21T00:00:00+00:00","og_image":[{"width":2560,"height":1920,"url":"https:\/\/baztan-bidasoa.com\/desarrollo\/wp-content\/uploads\/2020\/04\/Zugarramurdiko-behiak-26-scaled.jpg","type":"image\/jpeg"}],"author":"mktpamplona2","twitter_card":"summary_large_image","twitter_misc":{"Escrito por":"mktpamplona2","Tiempo de lectura":"4 minutos"},"schema":{"@context":"https:\/\/schema.org","@graph":[{"@type":"WebPage","@id":"https:\/\/baztan-bidasoa.com\/desarrollo\/zugarramurdi-destino-magico\/","url":"https:\/\/baztan-bidasoa.com\/desarrollo\/zugarramurdi-destino-magico\/","name":"Zugarramurdi recuerda su pasado brujeril - Baztan Bidasoa Turismoa","isPartOf":{"@id":"https:\/\/baztan-bidasoa.com\/desarrollo\/#website"},"datePublished":"2019-10-21T00:00:00+00:00","dateModified":"2019-10-21T00:00:00+00:00","author":{"@id":"https:\/\/baztan-bidasoa.com\/desarrollo\/#\/schema\/person\/ec297d7c7c08a77e7ac6292c2b940e42"},"description":"Zugarramurdi recuerda su pasado brujeril en Logro\u00f1o y las Cuevas y el Museo de las Brujas ampl\u00edan sus horarios para dar a conocer la historia.","breadcrumb":{"@id":"https:\/\/baztan-bidasoa.com\/desarrollo\/zugarramurdi-destino-magico\/#breadcrumb"},"inLanguage":"es","potentialAction":[{"@type":"ReadAction","target":["https:\/\/baztan-bidasoa.com\/desarrollo\/zugarramurdi-destino-magico\/"]}]},{"@type":"BreadcrumbList","@id":"https:\/\/baztan-bidasoa.com\/desarrollo\/zugarramurdi-destino-magico\/#breadcrumb","itemListElement":[{"@type":"ListItem","position":1,"name":"Portada","item":"https:\/\/baztan-bidasoa.com\/desarrollo\/"},{"@type":"ListItem","position":2,"name":"Zugarramurdi, destino m\u00e1gico"}]},{"@type":"WebSite","@id":"https:\/\/baztan-bidasoa.com\/desarrollo\/#website","url":"https:\/\/baztan-bidasoa.com\/desarrollo\/","name":"Baztan Bidasoa Turismoa","description":"Asociaci\u00f3n Tur\u00edstica Baztan-Bidasoa Turismo Elkartea","potentialAction":[{"@type":"SearchAction","target":{"@type":"EntryPoint","urlTemplate":"https:\/\/baztan-bidasoa.com\/desarrollo\/?s={search_term_string}"},"query-input":"required name=search_term_string"}],"inLanguage":"es"},{"@type":"Person","@id":"https:\/\/baztan-bidasoa.com\/desarrollo\/#\/schema\/person\/ec297d7c7c08a77e7ac6292c2b940e42","name":"mktpamplona2","image":{"@type":"ImageObject","inLanguage":"es","@id":"https:\/\/baztan-bidasoa.com\/desarrollo\/#\/schema\/person\/image\/","url":"https:\/\/secure.gravatar.com\/avatar\/132223b7affa4daaa3f3ea2b5597a64f?s=96&d=mm&r=g","contentUrl":"https:\/\/secure.gravatar.com\/avatar\/132223b7affa4daaa3f3ea2b5597a64f?s=96&d=mm&r=g","caption":"mktpamplona2"}}]}},"_links":{"self":[{"href":"https:\/\/baztan-bidasoa.com\/desarrollo\/wp-json\/wp\/v2\/posts\/22788"}],"collection":[{"href":"https:\/\/baztan-bidasoa.com\/desarrollo\/wp-json\/wp\/v2\/posts"}],"about":[{"href":"https:\/\/baztan-bidasoa.com\/desarrollo\/wp-json\/wp\/v2\/types\/post"}],"author":[{"embeddable":true,"href":"https:\/\/baztan-bidasoa.com\/desarrollo\/wp-json\/wp\/v2\/users\/3"}],"replies":[{"embeddable":true,"href":"https:\/\/baztan-bidasoa.com\/desarrollo\/wp-json\/wp\/v2\/comments?post=22788"}],"version-history":[{"count":0,"href":"https:\/\/baztan-bidasoa.com\/desarrollo\/wp-json\/wp\/v2\/posts\/22788\/revisions"}],"wp:featuredmedia":[{"embeddable":true,"href":"https:\/\/baztan-bidasoa.com\/desarrollo\/wp-json\/wp\/v2\/media\/22791"}],"wp:attachment":[{"href":"https:\/\/baztan-bidasoa.com\/desarrollo\/wp-json\/wp\/v2\/media?parent=22788"}],"wp:term":[{"taxonomy":"category","embeddable":true,"href":"https:\/\/baztan-bidasoa.com\/desarrollo\/wp-json\/wp\/v2\/categories?post=22788"},{"taxonomy":"post_tag","embeddable":true,"href":"https:\/\/baztan-bidasoa.com\/desarrollo\/wp-json\/wp\/v2\/tags?post=22788"}],"curies":[{"name":"wp","href":"https:\/\/api.w.org\/{rel}","templated":true}]}}