{"id":22782,"date":"2019-10-07T00:00:00","date_gmt":"2019-10-07T00:00:00","guid":{"rendered":"https:\/\/baztan-bidasoa.com\/desarrollo\/conociendo-las-aves-de-baztan\/"},"modified":"2019-10-07T00:00:00","modified_gmt":"2019-10-07T00:00:00","slug":"conociendo-las-aves-de-baztan","status":"publish","type":"post","link":"https:\/\/baztan-bidasoa.com\/desarrollo\/conociendo-las-aves-de-baztan\/","title":{"rendered":"Conociendo las aves de Baztan"},"content":{"rendered":"<h2>\u00bfSabes qu\u00e9 aves viven en Baztan? \u00bfCu\u00e1les pasan por nuestra comarca en sus viajes migratorios?<\/h2>\n<p>Para conocer estos aspectos y poner en valor nuestra fauna, la Asociaci\u00f3n de Caza y Pesca Baztan ha organizado unas jornadas sobre las aves . Unas jornadas abiertas y gratuitas para tod@s aquell@s que tengan curiosidad por este tema. Abiertas a ni\u00f1@s y mayores, con actividades te\u00f3ricas y pr\u00e1cticas.<\/p>\n<p>La primara acci\u00f3n se ha desarrollado con los miembros de la Asociaci\u00f3n Xauli, quienes han elaborado las cajas-nido que se utilizar\u00e1n el s\u00e1bado 12, en la jornada de anillamiento que se desarrollar\u00e1 en el albergue de ASPACE, el Campus de Lekaroz.<\/p>\n<h5>Programa<\/h5>\n<p>El programa contempla una charla, el 11 de octubre, a las 19:00h. en la Casa de Cultura Arizkunenea de Elizondo. Alberto Lizarraga Senar, ornit\u00f3logo y doctor en biolog\u00eda hablar\u00e1 sobre las aves que habitan en Baztan y las que pasan por nuestro cielo en sus viajes migratorios.<\/p>\n<p>El s\u00e1bado 12, tendr\u00e1 lugar una jornada de anillamiento en el Albergue de ASPACE (Campus de Lekaroz). Consistir\u00e1 en la colocaci\u00f3n de las cajas-nido en los \u00e1rboles de alrededor y en un anillamiento de aves. La cita es a las 9 de la ma\u00f1ana.<\/p>\n<p>En caso de lluvia se llevar\u00e1 a cabo la colocaci\u00f3n de las cajas-nido pero el anillamiento se postpondr\u00e1. No obstante, de una u otra manera, al finalizar habr\u00e1 almuerzo para tod@s los participantes.<\/p>\n<h5>Colaboraci\u00f3n<\/h5>\n<p>Estas Jornadas de las aves, vienen a completar las <a href=\"https:\/\/baztan-bidasoa.com\/desarrollo\/jornadas-gastronomicas-de-caza-2019\/\">Jornadas Gastron\u00f3micas de Caza<\/a> que organiza Baztan-Bidasoa Turismoa y que este a\u00f1o se desarrollar\u00e1n del 11 de octubre al 1 de diciembre.<\/p>\n<p>El trabajo en com\u00fan entre todos los agentes de la comarca nos lleva a crear ofertas m\u00e1s completas y a profundizar en el conocimiento mutuo.<\/p>\n<p>&nbsp;<\/p>\n","protected":false},"excerpt":{"rendered":"<p>\u00bfSabes qu\u00e9 aves viven en Baztan? \u00bfCu\u00e1les pasan por nuestra comarca en sus viajes migratorios? Para conocer estos aspectos y poner en valor nuestra fauna, la Asociaci\u00f3n de Caza y Pesca Baztan ha organizado unas jornadas sobre las aves . Unas jornadas abiertas y gratuitas para tod@s aquell@s que tengan curiosidad por este tema. Abiertas [&hellip;]<\/p>\n","protected":false},"author":3,"featured_media":8741,"comment_status":"open","ping_status":"open","sticky":false,"template":"","format":"standard","meta":[],"categories":[237,235],"tags":[822,351,554,572,279],"acf":[],"yoast_head":"<!-- This site is optimized with the Yoast SEO plugin v19.10 - https:\/\/yoast.com\/wordpress\/plugins\/seo\/ -->\n<title>Jornada de las aves - Baztan - Baztan Bidasoa Turismoa<\/title>\n<meta name=\"description\" content=\"Jornada de las aves en Baztan para conocer la fauna que habita en el Valle y las aves que eligen nuestro cielo en sus viajes migratorios\" \/>\n<meta name=\"robots\" content=\"index, follow, max-snippet:-1, max-image-preview:large, max-video-preview:-1\" \/>\n<link rel=\"canonical\" href=\"https:\/\/baztan-bidasoa.com\/desarrollo\/conociendo-las-aves-de-baztan\/\" \/>\n<meta property=\"og:locale\" content=\"es_ES\" \/>\n<meta property=\"og:type\" content=\"article\" \/>\n<meta property=\"og:title\" content=\"Jornada de las aves - Baztan - Baztan Bidasoa Turismoa\" \/>\n<meta property=\"og:description\" content=\"Jornada de las aves en Baztan para conocer la fauna que habita en el Valle y las aves que eligen nuestro cielo en sus viajes migratorios\" \/>\n<meta property=\"og:url\" content=\"https:\/\/baztan-bidasoa.com\/desarrollo\/conociendo-las-aves-de-baztan\/\" \/>\n<meta property=\"og:site_name\" content=\"Baztan Bidasoa Turismoa\" \/>\n<meta property=\"article:published_time\" content=\"2019-10-07T00:00:00+00:00\" \/>\n<meta property=\"og:image\" content=\"https:\/\/baztan-bidasoa.com\/desarrollo\/wp-content\/uploads\/2020\/01\/Conociendo-las-aves-scaled.jpg\" \/>\n\t<meta property=\"og:image:width\" content=\"1811\" \/>\n\t<meta property=\"og:image:height\" content=\"2560\" \/>\n\t<meta property=\"og:image:type\" content=\"image\/jpeg\" \/>\n<meta name=\"author\" content=\"mktpamplona2\" \/>\n<meta name=\"twitter:card\" content=\"summary_large_image\" \/>\n<meta name=\"twitter:label1\" content=\"Escrito por\" \/>\n\t<meta name=\"twitter:data1\" content=\"mktpamplona2\" \/>\n\t<meta name=\"twitter:label2\" content=\"Tiempo de lectura\" \/>\n\t<meta name=\"twitter:data2\" content=\"2 minutos\" \/>\n<script type=\"application\/ld+json\" class=\"yoast-schema-graph\">{\"@context\":\"https:\/\/schema.org\",\"@graph\":[{\"@type\":\"WebPage\",\"@id\":\"https:\/\/baztan-bidasoa.com\/desarrollo\/conociendo-las-aves-de-baztan\/\",\"url\":\"https:\/\/baztan-bidasoa.com\/desarrollo\/conociendo-las-aves-de-baztan\/\",\"name\":\"Jornada de las aves - Baztan - Baztan Bidasoa Turismoa\",\"isPartOf\":{\"@id\":\"https:\/\/baztan-bidasoa.com\/desarrollo\/#website\"},\"datePublished\":\"2019-10-07T00:00:00+00:00\",\"dateModified\":\"2019-10-07T00:00:00+00:00\",\"author\":{\"@id\":\"https:\/\/baztan-bidasoa.com\/desarrollo\/#\/schema\/person\/ec297d7c7c08a77e7ac6292c2b940e42\"},\"description\":\"Jornada de las aves en Baztan para conocer la fauna que habita en el Valle y las aves que eligen nuestro cielo en sus viajes migratorios\",\"breadcrumb\":{\"@id\":\"https:\/\/baztan-bidasoa.com\/desarrollo\/conociendo-las-aves-de-baztan\/#breadcrumb\"},\"inLanguage\":\"es\",\"potentialAction\":[{\"@type\":\"ReadAction\",\"target\":[\"https:\/\/baztan-bidasoa.com\/desarrollo\/conociendo-las-aves-de-baztan\/\"]}]},{\"@type\":\"BreadcrumbList\",\"@id\":\"https:\/\/baztan-bidasoa.com\/desarrollo\/conociendo-las-aves-de-baztan\/#breadcrumb\",\"itemListElement\":[{\"@type\":\"ListItem\",\"position\":1,\"name\":\"Portada\",\"item\":\"https:\/\/baztan-bidasoa.com\/desarrollo\/\"},{\"@type\":\"ListItem\",\"position\":2,\"name\":\"Conociendo las aves de Baztan\"}]},{\"@type\":\"WebSite\",\"@id\":\"https:\/\/baztan-bidasoa.com\/desarrollo\/#website\",\"url\":\"https:\/\/baztan-bidasoa.com\/desarrollo\/\",\"name\":\"Baztan Bidasoa Turismoa\",\"description\":\"Asociaci\u00f3n Tur\u00edstica Baztan-Bidasoa Turismo Elkartea\",\"potentialAction\":[{\"@type\":\"SearchAction\",\"target\":{\"@type\":\"EntryPoint\",\"urlTemplate\":\"https:\/\/baztan-bidasoa.com\/desarrollo\/?s={search_term_string}\"},\"query-input\":\"required name=search_term_string\"}],\"inLanguage\":\"es\"},{\"@type\":\"Person\",\"@id\":\"https:\/\/baztan-bidasoa.com\/desarrollo\/#\/schema\/person\/ec297d7c7c08a77e7ac6292c2b940e42\",\"name\":\"mktpamplona2\",\"image\":{\"@type\":\"ImageObject\",\"inLanguage\":\"es\",\"@id\":\"https:\/\/baztan-bidasoa.com\/desarrollo\/#\/schema\/person\/image\/\",\"url\":\"https:\/\/secure.gravatar.com\/avatar\/132223b7affa4daaa3f3ea2b5597a64f?s=96&d=mm&r=g\",\"contentUrl\":\"https:\/\/secure.gravatar.com\/avatar\/132223b7affa4daaa3f3ea2b5597a64f?s=96&d=mm&r=g\",\"caption\":\"mktpamplona2\"}}]}<\/script>\n<!-- \/ Yoast SEO plugin. -->","yoast_head_json":{"title":"Jornada de las aves - Baztan - Baztan Bidasoa Turismoa","description":"Jornada de las aves en Baztan para conocer la fauna que habita en el Valle y las aves que eligen nuestro cielo en sus viajes migratorios","robots":{"index":"index","follow":"follow","max-snippet":"max-snippet:-1","max-image-preview":"max-image-preview:large","max-video-preview":"max-video-preview:-1"},"canonical":"https:\/\/baztan-bidasoa.com\/desarrollo\/conociendo-las-aves-de-baztan\/","og_locale":"es_ES","og_type":"article","og_title":"Jornada de las aves - Baztan - Baztan Bidasoa Turismoa","og_description":"Jornada de las aves en Baztan para conocer la fauna que habita en el Valle y las aves que eligen nuestro cielo en sus viajes migratorios","og_url":"https:\/\/baztan-bidasoa.com\/desarrollo\/conociendo-las-aves-de-baztan\/","og_site_name":"Baztan Bidasoa Turismoa","article_published_time":"2019-10-07T00:00:00+00:00","og_image":[{"width":1811,"height":2560,"url":"https:\/\/baztan-bidasoa.com\/desarrollo\/wp-content\/uploads\/2020\/01\/Conociendo-las-aves-scaled.jpg","type":"image\/jpeg"}],"author":"mktpamplona2","twitter_card":"summary_large_image","twitter_misc":{"Escrito por":"mktpamplona2","Tiempo de lectura":"2 minutos"},"schema":{"@context":"https:\/\/schema.org","@graph":[{"@type":"WebPage","@id":"https:\/\/baztan-bidasoa.com\/desarrollo\/conociendo-las-aves-de-baztan\/","url":"https:\/\/baztan-bidasoa.com\/desarrollo\/conociendo-las-aves-de-baztan\/","name":"Jornada de las aves - Baztan - Baztan Bidasoa Turismoa","isPartOf":{"@id":"https:\/\/baztan-bidasoa.com\/desarrollo\/#website"},"datePublished":"2019-10-07T00:00:00+00:00","dateModified":"2019-10-07T00:00:00+00:00","author":{"@id":"https:\/\/baztan-bidasoa.com\/desarrollo\/#\/schema\/person\/ec297d7c7c08a77e7ac6292c2b940e42"},"description":"Jornada de las aves en Baztan para conocer la fauna que habita en el Valle y las aves que eligen nuestro cielo en sus viajes migratorios","breadcrumb":{"@id":"https:\/\/baztan-bidasoa.com\/desarrollo\/conociendo-las-aves-de-baztan\/#breadcrumb"},"inLanguage":"es","potentialAction":[{"@type":"ReadAction","target":["https:\/\/baztan-bidasoa.com\/desarrollo\/conociendo-las-aves-de-baztan\/"]}]},{"@type":"BreadcrumbList","@id":"https:\/\/baztan-bidasoa.com\/desarrollo\/conociendo-las-aves-de-baztan\/#breadcrumb","itemListElement":[{"@type":"ListItem","position":1,"name":"Portada","item":"https:\/\/baztan-bidasoa.com\/desarrollo\/"},{"@type":"ListItem","position":2,"name":"Conociendo las aves de Baztan"}]},{"@type":"WebSite","@id":"https:\/\/baztan-bidasoa.com\/desarrollo\/#website","url":"https:\/\/baztan-bidasoa.com\/desarrollo\/","name":"Baztan Bidasoa Turismoa","description":"Asociaci\u00f3n Tur\u00edstica Baztan-Bidasoa Turismo Elkartea","potentialAction":[{"@type":"SearchAction","target":{"@type":"EntryPoint","urlTemplate":"https:\/\/baztan-bidasoa.com\/desarrollo\/?s={search_term_string}"},"query-input":"required name=search_term_string"}],"inLanguage":"es"},{"@type":"Person","@id":"https:\/\/baztan-bidasoa.com\/desarrollo\/#\/schema\/person\/ec297d7c7c08a77e7ac6292c2b940e42","name":"mktpamplona2","image":{"@type":"ImageObject","inLanguage":"es","@id":"https:\/\/baztan-bidasoa.com\/desarrollo\/#\/schema\/person\/image\/","url":"https:\/\/secure.gravatar.com\/avatar\/132223b7affa4daaa3f3ea2b5597a64f?s=96&d=mm&r=g","contentUrl":"https:\/\/secure.gravatar.com\/avatar\/132223b7affa4daaa3f3ea2b5597a64f?s=96&d=mm&r=g","caption":"mktpamplona2"}}]}},"_links":{"self":[{"href":"https:\/\/baztan-bidasoa.com\/desarrollo\/wp-json\/wp\/v2\/posts\/22782"}],"collection":[{"href":"https:\/\/baztan-bidasoa.com\/desarrollo\/wp-json\/wp\/v2\/posts"}],"about":[{"href":"https:\/\/baztan-bidasoa.com\/desarrollo\/wp-json\/wp\/v2\/types\/post"}],"author":[{"embeddable":true,"href":"https:\/\/baztan-bidasoa.com\/desarrollo\/wp-json\/wp\/v2\/users\/3"}],"replies":[{"embeddable":true,"href":"https:\/\/baztan-bidasoa.com\/desarrollo\/wp-json\/wp\/v2\/comments?post=22782"}],"version-history":[{"count":0,"href":"https:\/\/baztan-bidasoa.com\/desarrollo\/wp-json\/wp\/v2\/posts\/22782\/revisions"}],"wp:featuredmedia":[{"embeddable":true,"href":"https:\/\/baztan-bidasoa.com\/desarrollo\/wp-json\/wp\/v2\/media\/8741"}],"wp:attachment":[{"href":"https:\/\/baztan-bidasoa.com\/desarrollo\/wp-json\/wp\/v2\/media?parent=22782"}],"wp:term":[{"taxonomy":"category","embeddable":true,"href":"https:\/\/baztan-bidasoa.com\/desarrollo\/wp-json\/wp\/v2\/categories?post=22782"},{"taxonomy":"post_tag","embeddable":true,"href":"https:\/\/baztan-bidasoa.com\/desarrollo\/wp-json\/wp\/v2\/tags?post=22782"}],"curies":[{"name":"wp","href":"https:\/\/api.w.org\/{rel}","templated":true}]}}