{"id":22752,"date":"2019-09-12T00:00:00","date_gmt":"2019-09-12T00:00:00","guid":{"rendered":"https:\/\/baztan-bidasoa.com\/desarrollo\/etxalar-un-pueblo-ligado-a-las-palomeras\/"},"modified":"2019-09-12T00:00:00","modified_gmt":"2019-09-12T00:00:00","slug":"etxalar-un-pueblo-ligado-a-las-palomeras","status":"publish","type":"post","link":"https:\/\/baztan-bidasoa.com\/desarrollo\/etxalar-un-pueblo-ligado-a-las-palomeras\/","title":{"rendered":"Etxalar, un pueblo ligado a las palomeras"},"content":{"rendered":"<h4><span style=\"color: #008000;\">Tratado de Lizaieta, m\u00e1s que un acuerdo de caza<\/span><\/h4>\n<h4><span style=\"color: #000000;\">Fiesta en el collado fronterizo para rubricar el hermanamiento entre Etxalar y Sara\u00a0<\/span><\/h4>\n<p>Llega septiembre y en\u00a0<a href=\"https:\/\/baztan-bidasoa.com\/desarrollo\/baztan-bidasoa\/bortziriak\/etxalar\/\">Etxalar<\/a> ya han subastado los puestos de caza. Los cazadores est\u00e1n ansiosos ante la inminente apertura de la veda. Nervios, preparativos, acondicionamiento de puestos, redes, elaboraci\u00f3n de palas&#8230;algo se mueve en Etxalar.<\/p>\n<p>La temporada de caza arrancar\u00e1 el primero de octubre, antes, sin embargo, toca renovar el Tratado de Lizaieta. Tratado que permite a los etxalartarras hacer uso de las torres de vig\u00eda, ubicadas en terreno de la vecina localidad de Sara.<\/p>\n<p><a href=\"https:\/\/baztan-bidasoa.com\/desarrollo\/wp-content\/uploads\/2020\/04\/Etxalar-Palomeras-Trepa-gibelin-scaled.jpg\"><img decoding=\"async\" loading=\"lazy\" class=\"wp-image-9554 alignright\" src=\"https:\/\/baztan-bidasoa.com\/desarrollo\/wp-content\/uploads\/2020\/04\/Etxalar-Palomeras-Trepa-gibelin-scaled.jpg\" alt=\"\" width=\"266\" height=\"354\" \/><\/a><strong>El Tratado de Lizaieta data de 1856, pero tuvo tres hitos documentados en 1959, 1984 y 1990<\/strong><\/p>\n<p>Ser\u00e1 el domingo 22 de septiembre, cuando los alcaldes de Etxalar y Sara renueven, con su r\u00fabrica, el Tratado de mugas que permite la continuidad de la tradicional caza de paloma con red. Una modalidad con ra\u00edces en el siglo XIV, declarada Bien de Inter\u00e9s Cultural, y que actualmente s\u00f3lo se mantiene y permite en Etxalar, en ning\u00fan otro lugar de la Pen\u00ednsula Ib\u00e9rica.<\/p>\n<p>Fue el 4 de septiembre de 2011 cuando los alcaldes de Etxalar y Sara recuperaron dicho Tratado de entendimiento. Desde entonces, todos los a\u00f1os, cuando se acerca octubre renuevan la firma con una fiesta en el collado de Lizaieta. Una jornada de hermanamiento entre ambas localidades que permite conservar esta ancestral pr\u00e1ctica cineg\u00e9tica.<\/p>\n<p>&nbsp;<\/p>\n<p>&nbsp;<\/p>\n<p><strong>Programa<\/strong><\/p>\n<p><a href=\"https:\/\/baztan-bidasoa.com\/desarrollo\/wp-content\/uploads\/2020\/04\/Lizaieta.jpg\"><img decoding=\"async\" loading=\"lazy\" class=\"wp-image-15182 alignleft\" src=\"https:\/\/baztan-bidasoa.com\/desarrollo\/wp-content\/uploads\/2020\/04\/Lizaieta.jpg\" alt=\"\" width=\"417\" height=\"295\" data-wp-pid=\"15182\" \/><\/a>10:00-13:00 Puestos de artesanos de Sara y Etxalar<\/p>\n<p>A lo largo de la ma\u00f1ana: demostraci\u00f3n y taller de elaboraci\u00f3n de \u201cpalas\u201d para la caza de paloma; hinchables para los ni\u00f1os y almuerzo con talos.<\/p>\n<p>11:30 V. Campeonato mundial de lanzamiento de \u201ckarrote\u201d. A continuaci\u00f3n todo el que quiera podr\u00e1 lanzar las palas.<\/p>\n<p>12:30 R\u00fabrica y ratificaci\u00f3n del acuerdo alcanzado entre Sara y Etxalar el 4 de septiembre de 2011.<\/p>\n<p>14:30 Comida y baile con Joxe Angel<\/p>\n<p>&nbsp;<\/p>\n<h5><strong>Lizaieta, el pistoletazo de salida <\/strong><\/h5>\n<p>La fiesta de Lizaieta sirve para abrir boca ante la temporada de caza, en la que Etxalar echa la red. Si tu quieres vivir una experiencia \u00fanica, Baztan-Bidasoa Turismoa te ofrece la posibilidad de ver las palomeras y conocer \u00abin situ\u00bb esta tradicional modalidad de captura, a trav\u00e9s de las <a href=\"https:\/\/baztan-bidasoa.com\/desarrollo\/palomeras-de-etxalar-viistas-guiadas\/\">visitas guiadas<\/a> a las palomeras. A partir del 1 de octubre, todos los s\u00e1bados, domingo y festivos.<\/p>\n<p>Adem\u00e1s, este a\u00f1o en Baztan-Bidasoa volveremos a tener las sabrosas y exquisitas Jornadas Gastron\u00f3micas de Caza. Del 11 de octubre al 1 de diciembre, los restaurantes de la comarca ofrecer\u00e1n men\u00fas de caza y en los bares podr\u00e1s degustar el \u00abpincho caza\u00bb.<\/p>\n<p>En pr\u00f3ximas notificaciones prometemos ofrecer m\u00e1s detalles; no obstante&#8230;\u00a1apunta la fecha y vete pensando en una escapada a Baztan-Bidasoa! Porque el oto\u00f1o en Baztan-Bidasoa sabe a paloma, codorniz escabechada, jabal\u00ed estofado, crujiente de hongo, alubia roja, cuajada,&#8230;<\/p>\n<p><strong>Datos de inter\u00e9s:<\/strong><\/p>\n<p>D\u00f3nde comer: <a href=\"https:\/\/baztan-bidasoa.com\/desarrollo\/etxalarko-herriko-ostatua-etxalar\/\">Etxalarko Herriko Ostatua<\/a><\/p>\n<p>Visita Guiada <a href=\"https:\/\/baztan-bidasoa.com\/desarrollo\/etxalar-a-traves-de-sus-casas\/\">\u00abLa historia de Etxalar a trav\u00e9s de sus casas\u00bb<\/a><\/p>\n<p>&nbsp;<\/p>\n<p>&nbsp;<\/p>\n<p>&nbsp;<\/p>\n<p>&nbsp;<\/p>\n","protected":false},"excerpt":{"rendered":"<p>Tratado de Lizaieta, m\u00e1s que un acuerdo de caza Fiesta en el collado fronterizo para rubricar el hermanamiento entre Etxalar y Sara\u00a0 Llega septiembre y en\u00a0Etxalar ya han subastado los puestos de caza. Los cazadores est\u00e1n ansiosos ante la inminente apertura de la veda. Nervios, preparativos, acondicionamiento de puestos, redes, elaboraci\u00f3n de palas&#8230;algo se mueve [&hellip;]<\/p>\n","protected":false},"author":3,"featured_media":20438,"comment_status":"open","ping_status":"open","sticky":false,"template":"","format":"standard","meta":[],"categories":[237,235,738],"tags":[],"acf":[],"yoast_head":"<!-- This site is optimized with the Yoast SEO plugin v19.10 - https:\/\/yoast.com\/wordpress\/plugins\/seo\/ -->\n<title>Etxalar, un pueblo ligado a las palomeras - Baztan Bidasoa Turismoa<\/title>\n<meta name=\"description\" content=\"Etxalar, un pueblo ligado a las palomeras. La r\u00fablica del Tratado de de Lizaieta es hoy una jornada de hermanamiento entre Sara y Etxalar.\" \/>\n<meta name=\"robots\" content=\"index, follow, max-snippet:-1, max-image-preview:large, max-video-preview:-1\" \/>\n<link rel=\"canonical\" href=\"https:\/\/baztan-bidasoa.com\/desarrollo\/etxalar-un-pueblo-ligado-a-las-palomeras\/\" \/>\n<meta property=\"og:locale\" content=\"es_ES\" \/>\n<meta property=\"og:type\" content=\"article\" \/>\n<meta property=\"og:title\" content=\"Etxalar, un pueblo ligado a las palomeras - Baztan Bidasoa Turismoa\" \/>\n<meta property=\"og:description\" content=\"Etxalar, un pueblo ligado a las palomeras. La r\u00fablica del Tratado de de Lizaieta es hoy una jornada de hermanamiento entre Sara y Etxalar.\" \/>\n<meta property=\"og:url\" content=\"https:\/\/baztan-bidasoa.com\/desarrollo\/etxalar-un-pueblo-ligado-a-las-palomeras\/\" \/>\n<meta property=\"og:site_name\" content=\"Baztan Bidasoa Turismoa\" \/>\n<meta property=\"article:published_time\" content=\"2019-09-12T00:00:00+00:00\" \/>\n<meta property=\"og:image\" content=\"https:\/\/baztan-bidasoa.com\/desarrollo\/wp-content\/uploads\/2020\/04\/palomeras-etxalar.jpg\" \/>\n\t<meta property=\"og:image:width\" content=\"959\" \/>\n\t<meta property=\"og:image:height\" content=\"936\" \/>\n\t<meta property=\"og:image:type\" content=\"image\/jpeg\" \/>\n<meta name=\"author\" content=\"mktpamplona2\" \/>\n<meta name=\"twitter:card\" content=\"summary_large_image\" \/>\n<meta name=\"twitter:label1\" content=\"Escrito por\" \/>\n\t<meta name=\"twitter:data1\" content=\"mktpamplona2\" \/>\n\t<meta name=\"twitter:label2\" content=\"Tiempo de lectura\" \/>\n\t<meta name=\"twitter:data2\" content=\"3 minutos\" \/>\n<script type=\"application\/ld+json\" class=\"yoast-schema-graph\">{\"@context\":\"https:\/\/schema.org\",\"@graph\":[{\"@type\":\"WebPage\",\"@id\":\"https:\/\/baztan-bidasoa.com\/desarrollo\/etxalar-un-pueblo-ligado-a-las-palomeras\/\",\"url\":\"https:\/\/baztan-bidasoa.com\/desarrollo\/etxalar-un-pueblo-ligado-a-las-palomeras\/\",\"name\":\"Etxalar, un pueblo ligado a las palomeras - Baztan Bidasoa Turismoa\",\"isPartOf\":{\"@id\":\"https:\/\/baztan-bidasoa.com\/desarrollo\/#website\"},\"datePublished\":\"2019-09-12T00:00:00+00:00\",\"dateModified\":\"2019-09-12T00:00:00+00:00\",\"author\":{\"@id\":\"https:\/\/baztan-bidasoa.com\/desarrollo\/#\/schema\/person\/ec297d7c7c08a77e7ac6292c2b940e42\"},\"description\":\"Etxalar, un pueblo ligado a las palomeras. La r\u00fablica del Tratado de de Lizaieta es hoy una jornada de hermanamiento entre Sara y Etxalar.\",\"breadcrumb\":{\"@id\":\"https:\/\/baztan-bidasoa.com\/desarrollo\/etxalar-un-pueblo-ligado-a-las-palomeras\/#breadcrumb\"},\"inLanguage\":\"es\",\"potentialAction\":[{\"@type\":\"ReadAction\",\"target\":[\"https:\/\/baztan-bidasoa.com\/desarrollo\/etxalar-un-pueblo-ligado-a-las-palomeras\/\"]}]},{\"@type\":\"BreadcrumbList\",\"@id\":\"https:\/\/baztan-bidasoa.com\/desarrollo\/etxalar-un-pueblo-ligado-a-las-palomeras\/#breadcrumb\",\"itemListElement\":[{\"@type\":\"ListItem\",\"position\":1,\"name\":\"Portada\",\"item\":\"https:\/\/baztan-bidasoa.com\/desarrollo\/\"},{\"@type\":\"ListItem\",\"position\":2,\"name\":\"Etxalar, un pueblo ligado a las palomeras\"}]},{\"@type\":\"WebSite\",\"@id\":\"https:\/\/baztan-bidasoa.com\/desarrollo\/#website\",\"url\":\"https:\/\/baztan-bidasoa.com\/desarrollo\/\",\"name\":\"Baztan Bidasoa Turismoa\",\"description\":\"Asociaci\u00f3n Tur\u00edstica Baztan-Bidasoa Turismo Elkartea\",\"potentialAction\":[{\"@type\":\"SearchAction\",\"target\":{\"@type\":\"EntryPoint\",\"urlTemplate\":\"https:\/\/baztan-bidasoa.com\/desarrollo\/?s={search_term_string}\"},\"query-input\":\"required name=search_term_string\"}],\"inLanguage\":\"es\"},{\"@type\":\"Person\",\"@id\":\"https:\/\/baztan-bidasoa.com\/desarrollo\/#\/schema\/person\/ec297d7c7c08a77e7ac6292c2b940e42\",\"name\":\"mktpamplona2\",\"image\":{\"@type\":\"ImageObject\",\"inLanguage\":\"es\",\"@id\":\"https:\/\/baztan-bidasoa.com\/desarrollo\/#\/schema\/person\/image\/\",\"url\":\"https:\/\/secure.gravatar.com\/avatar\/132223b7affa4daaa3f3ea2b5597a64f?s=96&d=mm&r=g\",\"contentUrl\":\"https:\/\/secure.gravatar.com\/avatar\/132223b7affa4daaa3f3ea2b5597a64f?s=96&d=mm&r=g\",\"caption\":\"mktpamplona2\"}}]}<\/script>\n<!-- \/ Yoast SEO plugin. -->","yoast_head_json":{"title":"Etxalar, un pueblo ligado a las palomeras - Baztan Bidasoa Turismoa","description":"Etxalar, un pueblo ligado a las palomeras. La r\u00fablica del Tratado de de Lizaieta es hoy una jornada de hermanamiento entre Sara y Etxalar.","robots":{"index":"index","follow":"follow","max-snippet":"max-snippet:-1","max-image-preview":"max-image-preview:large","max-video-preview":"max-video-preview:-1"},"canonical":"https:\/\/baztan-bidasoa.com\/desarrollo\/etxalar-un-pueblo-ligado-a-las-palomeras\/","og_locale":"es_ES","og_type":"article","og_title":"Etxalar, un pueblo ligado a las palomeras - Baztan Bidasoa Turismoa","og_description":"Etxalar, un pueblo ligado a las palomeras. La r\u00fablica del Tratado de de Lizaieta es hoy una jornada de hermanamiento entre Sara y Etxalar.","og_url":"https:\/\/baztan-bidasoa.com\/desarrollo\/etxalar-un-pueblo-ligado-a-las-palomeras\/","og_site_name":"Baztan Bidasoa Turismoa","article_published_time":"2019-09-12T00:00:00+00:00","og_image":[{"width":959,"height":936,"url":"https:\/\/baztan-bidasoa.com\/desarrollo\/wp-content\/uploads\/2020\/04\/palomeras-etxalar.jpg","type":"image\/jpeg"}],"author":"mktpamplona2","twitter_card":"summary_large_image","twitter_misc":{"Escrito por":"mktpamplona2","Tiempo de lectura":"3 minutos"},"schema":{"@context":"https:\/\/schema.org","@graph":[{"@type":"WebPage","@id":"https:\/\/baztan-bidasoa.com\/desarrollo\/etxalar-un-pueblo-ligado-a-las-palomeras\/","url":"https:\/\/baztan-bidasoa.com\/desarrollo\/etxalar-un-pueblo-ligado-a-las-palomeras\/","name":"Etxalar, un pueblo ligado a las palomeras - Baztan Bidasoa Turismoa","isPartOf":{"@id":"https:\/\/baztan-bidasoa.com\/desarrollo\/#website"},"datePublished":"2019-09-12T00:00:00+00:00","dateModified":"2019-09-12T00:00:00+00:00","author":{"@id":"https:\/\/baztan-bidasoa.com\/desarrollo\/#\/schema\/person\/ec297d7c7c08a77e7ac6292c2b940e42"},"description":"Etxalar, un pueblo ligado a las palomeras. La r\u00fablica del Tratado de de Lizaieta es hoy una jornada de hermanamiento entre Sara y Etxalar.","breadcrumb":{"@id":"https:\/\/baztan-bidasoa.com\/desarrollo\/etxalar-un-pueblo-ligado-a-las-palomeras\/#breadcrumb"},"inLanguage":"es","potentialAction":[{"@type":"ReadAction","target":["https:\/\/baztan-bidasoa.com\/desarrollo\/etxalar-un-pueblo-ligado-a-las-palomeras\/"]}]},{"@type":"BreadcrumbList","@id":"https:\/\/baztan-bidasoa.com\/desarrollo\/etxalar-un-pueblo-ligado-a-las-palomeras\/#breadcrumb","itemListElement":[{"@type":"ListItem","position":1,"name":"Portada","item":"https:\/\/baztan-bidasoa.com\/desarrollo\/"},{"@type":"ListItem","position":2,"name":"Etxalar, un pueblo ligado a las palomeras"}]},{"@type":"WebSite","@id":"https:\/\/baztan-bidasoa.com\/desarrollo\/#website","url":"https:\/\/baztan-bidasoa.com\/desarrollo\/","name":"Baztan Bidasoa Turismoa","description":"Asociaci\u00f3n Tur\u00edstica Baztan-Bidasoa Turismo Elkartea","potentialAction":[{"@type":"SearchAction","target":{"@type":"EntryPoint","urlTemplate":"https:\/\/baztan-bidasoa.com\/desarrollo\/?s={search_term_string}"},"query-input":"required name=search_term_string"}],"inLanguage":"es"},{"@type":"Person","@id":"https:\/\/baztan-bidasoa.com\/desarrollo\/#\/schema\/person\/ec297d7c7c08a77e7ac6292c2b940e42","name":"mktpamplona2","image":{"@type":"ImageObject","inLanguage":"es","@id":"https:\/\/baztan-bidasoa.com\/desarrollo\/#\/schema\/person\/image\/","url":"https:\/\/secure.gravatar.com\/avatar\/132223b7affa4daaa3f3ea2b5597a64f?s=96&d=mm&r=g","contentUrl":"https:\/\/secure.gravatar.com\/avatar\/132223b7affa4daaa3f3ea2b5597a64f?s=96&d=mm&r=g","caption":"mktpamplona2"}}]}},"_links":{"self":[{"href":"https:\/\/baztan-bidasoa.com\/desarrollo\/wp-json\/wp\/v2\/posts\/22752"}],"collection":[{"href":"https:\/\/baztan-bidasoa.com\/desarrollo\/wp-json\/wp\/v2\/posts"}],"about":[{"href":"https:\/\/baztan-bidasoa.com\/desarrollo\/wp-json\/wp\/v2\/types\/post"}],"author":[{"embeddable":true,"href":"https:\/\/baztan-bidasoa.com\/desarrollo\/wp-json\/wp\/v2\/users\/3"}],"replies":[{"embeddable":true,"href":"https:\/\/baztan-bidasoa.com\/desarrollo\/wp-json\/wp\/v2\/comments?post=22752"}],"version-history":[{"count":0,"href":"https:\/\/baztan-bidasoa.com\/desarrollo\/wp-json\/wp\/v2\/posts\/22752\/revisions"}],"wp:featuredmedia":[{"embeddable":true,"href":"https:\/\/baztan-bidasoa.com\/desarrollo\/wp-json\/wp\/v2\/media\/20438"}],"wp:attachment":[{"href":"https:\/\/baztan-bidasoa.com\/desarrollo\/wp-json\/wp\/v2\/media?parent=22752"}],"wp:term":[{"taxonomy":"category","embeddable":true,"href":"https:\/\/baztan-bidasoa.com\/desarrollo\/wp-json\/wp\/v2\/categories?post=22752"},{"taxonomy":"post_tag","embeddable":true,"href":"https:\/\/baztan-bidasoa.com\/desarrollo\/wp-json\/wp\/v2\/tags?post=22752"}],"curies":[{"name":"wp","href":"https:\/\/api.w.org\/{rel}","templated":true}]}}