{"id":22735,"date":"2019-08-08T00:00:00","date_gmt":"2019-08-08T00:00:00","guid":{"rendered":"https:\/\/baztan-bidasoa.com\/desarrollo\/dia-del-pastor-en-amaiur-2\/"},"modified":"2019-08-08T00:00:00","modified_gmt":"2019-08-08T00:00:00","slug":"dia-del-pastor-en-amaiur-2","status":"publish","type":"post","link":"https:\/\/baztan-bidasoa.com\/desarrollo\/dia-del-pastor-en-amaiur-2\/","title":{"rendered":"D\u00eda del pastor, en Amaiur"},"content":{"rendered":"<h1><span style=\"color: #008000;\">Amaiur celebra el XLIV Concurso de Perros pastores, u<\/span><span style=\"color: #008000;\">n homenaje a los pastores y a sus fieles colaboradores<\/span><\/h1>\n<h5>La cita es el 15 de agosto. La jornada comenzar\u00e1 por la ma\u00f1ana con exhibici\u00f3n y concurso de ovejas de Baztan-Bidasoa, una feria de artesan\u00eda, concurso de queso de oveja,&#8230;<\/h5>\n<h5><a href=\"https:\/\/baztan-bidasoa.com\/desarrollo\/wp-content\/uploads\/2020\/04\/Artzain-eguna.jpg\"><img decoding=\"async\" loading=\"lazy\" class=\"wp-image-14806 alignleft\" src=\"https:\/\/baztan-bidasoa.com\/desarrollo\/wp-content\/uploads\/2020\/04\/Artzain-eguna.jpg\" alt=\"\" width=\"554\" height=\"788\" data-wp-pid=\"14806\" \/><\/a><\/h5>\n<h5>Pero sin duda el plato fuerte llegar\u00e1 por la tarde con el Concurso de Perros pastores. Son ellos, lo perros, los verdaderos h\u00e9roes de este trabajo. Ellos son los que gobiernan los reba\u00f1os, los que conducen las ovejas dentro del redil, sin ladridos, sin palazos, con carreras r\u00e1pidas, seguras y precisas.<\/h5>\n<h4><span style=\"color: #008000;\">Sobre los perros pastores<\/span><\/h4>\n<h5>Pocos pastores imaginan su trabajo sin un perro a su lado. Porque un perro pastor, es compa\u00f1ero y fiel colaborador de las labores con el reba\u00f1o.<\/h5>\n<h5><a href=\"https:\/\/baztan-bidasoa.com\/desarrollo\/wp-content\/uploads\/2019\/12\/artzai-eguna.jpg\"><img decoding=\"async\" loading=\"lazy\" class=\"alignleft wp-image-4098 \" src=\"https:\/\/baztan-bidasoa.com\/desarrollo\/wp-content\/uploads\/2019\/12\/artzai-eguna.jpg\" alt=\"artzai-eguna\" width=\"303\" height=\"203\" \/><\/a><\/h5>\n<h5><\/h5>\n<h5><\/h5>\n<h5><\/h5>\n<h5><\/h5>\n<h5><\/h5>\n<h5>En Baztan-Bidasoa, y en todo Euskal Herria tenemos la suerte de contar con una raza aut\u00f3ctona: Euskal Artzain Txakurra. Una de las razas de perro m\u00e1s antigua que, durante siglos, ha ayudado a los pastores en su dura y solitaria labor.<\/h5>\n<h5>El trabajo y la funci\u00f3n de los perros pastores ha sido y sigue siendo encomiable en nuestra comarca. Con el paso de los a\u00f1os, sin embargo, \u00a0el pastoreo ha ido menguando y con ello el trabajo de los perros pastores.<\/h5>\n<h5>Sin embargo los que hoy se \u00abdedican\u00bb a ello son aut\u00e9nticos profesionales y miden su destreza en los diferentes campeonatos que se realizan a lo largo y ancho de Baztan-Bidasoa (Amaiur, Igantzi,&#8230;)<\/h5>\n<h5>La pr\u00f3xima cita con el pastoreo es este 15 de agosto en Amaiur. Se celebra la 44\u00aa edici\u00f3n del Campeonato de Perro Pastor Vasco y memorial Patxi Etxeberria, pastor local ya fallecido y quien fuera ganador en diversas ediciones de este certamen que anualmente re\u00fane a miles de personas en las campas de la localidad.<\/h5>\n<p>Ver programa <a href=\"https:\/\/baztan-bidasoa.com\/desarrollo\/events\/amaiur-fiestas-patronales\/\">AQU\u00cd\u00a0<\/a><\/p>\n<h4><span style=\"color: #008000;\">Curiosidades<\/span><\/h4>\n<h5>El Pastor Vasco es considerado como una de las razas de perros m\u00e1s antiguas que existen. Se han localizado restos \u00f3seos en cuevas prehist\u00f3ricas neol\u00edticas, por lo que podr\u00eda asegurarse que ya exist\u00eda hace 12.000 a\u00f1os. El Perro Pastor Vasco o Euskal Artzain Txakurra es el perro de pastoreo por excelencia en Euskal Herria.<br \/>\nReconocida por la Real Sociedad Canina de Espa\u00f1a, la raza se divide desde 1996 en dos clases: \u00abGorbeikoa\u00bb e \u00abIletsua\u00bb.<\/h5>\n<h5>Quedan muy pocos ejemplares puros, ya que se han ido mezclando con otras razas similares a lo largo de las d\u00e9cadas, llegando incluso a estar en peligro de extinci\u00f3n. Se estima que actualmente hay entre\u00a0400 y 600 ejemplares en todo el mundo.<\/h5>\n<h5>Desde hace ya varios, <a href=\"https:\/\/eataelkartea.org\/?lang=es\">Euskal Artzain Txakurraren Adiskideak Elkartea<\/a> lucha por su recuperaci\u00f3n, realiza quedadas, comparte informaci\u00f3n y hace <a href=\"https:\/\/youtu.be\/5dFeDPbuaMw\">cursos<\/a> como el que se llev\u00f3 a cabo en los <a href=\"https:\/\/baztan-bidasoa.com\/desarrollo\/leurtza\/\">Embalses de Leurza.<\/a> Porque en Baztan-Bidasoa estamos comprometidos con nuestras tradiciones y nuestro modo de vida. Como se dice en euskara: \u00bb Izan zirelako gara, eta garena garelako izanen dira\u00bb (Nosotros somos porque ellos fueron&#8230;ellos ser\u00e1n porque nosotros somos&#8230;)<\/h5>\n<p>&nbsp;<\/p>\n","protected":false},"excerpt":{"rendered":"<p>Amaiur celebra el XLIV Concurso de Perros pastores, un homenaje a los pastores y a sus fieles colaboradores La cita es el 15 de agosto. La jornada comenzar\u00e1 por la ma\u00f1ana con exhibici\u00f3n y concurso de ovejas de Baztan-Bidasoa, una feria de artesan\u00eda, concurso de queso de oveja,&#8230; Pero sin duda el plato fuerte llegar\u00e1 [&hellip;]<\/p>\n","protected":false},"author":3,"featured_media":22736,"comment_status":"open","ping_status":"open","sticky":false,"template":"","format":"standard","meta":[],"categories":[237,235,738],"tags":[243,774,351,776,778,780,538,782,496,279],"acf":[],"yoast_head":"<!-- This site is optimized with the Yoast SEO plugin v19.10 - https:\/\/yoast.com\/wordpress\/plugins\/seo\/ -->\n<title>D\u00eda del pastor, en Amaiur - Baztan Bidasoa Turismoa<\/title>\n<meta name=\"description\" content=\"D\u00eda del Pastor, en Amaiur para homenajear a los pastores y a los perros pastores, fieles colaboradores en el trabajo con las ovejas. Concurso y exhibici\u00f3n.\" \/>\n<meta name=\"robots\" content=\"index, follow, max-snippet:-1, max-image-preview:large, max-video-preview:-1\" \/>\n<link rel=\"canonical\" href=\"https:\/\/baztan-bidasoa.com\/desarrollo\/dia-del-pastor-en-amaiur-2\/\" \/>\n<meta property=\"og:locale\" content=\"es_ES\" \/>\n<meta property=\"og:type\" content=\"article\" \/>\n<meta property=\"og:title\" content=\"D\u00eda del pastor, en Amaiur - Baztan Bidasoa Turismoa\" \/>\n<meta property=\"og:description\" content=\"D\u00eda del Pastor, en Amaiur para homenajear a los pastores y a los perros pastores, fieles colaboradores en el trabajo con las ovejas. Concurso y exhibici\u00f3n.\" \/>\n<meta property=\"og:url\" content=\"https:\/\/baztan-bidasoa.com\/desarrollo\/dia-del-pastor-en-amaiur-2\/\" \/>\n<meta property=\"og:site_name\" content=\"Baztan Bidasoa Turismoa\" \/>\n<meta property=\"article:published_time\" content=\"2019-08-08T00:00:00+00:00\" \/>\n<meta property=\"og:image\" content=\"https:\/\/baztan-bidasoa.com\/desarrollo\/wp-content\/uploads\/2020\/04\/ARTZAIN-EGUNA-2.jpg\" \/>\n\t<meta property=\"og:image:width\" content=\"1125\" \/>\n\t<meta property=\"og:image:height\" content=\"1600\" \/>\n\t<meta property=\"og:image:type\" content=\"image\/jpeg\" \/>\n<meta name=\"author\" content=\"mktpamplona2\" \/>\n<meta name=\"twitter:card\" content=\"summary_large_image\" \/>\n<meta name=\"twitter:label1\" content=\"Escrito por\" \/>\n\t<meta name=\"twitter:data1\" content=\"mktpamplona2\" \/>\n\t<meta name=\"twitter:label2\" content=\"Tiempo de lectura\" \/>\n\t<meta name=\"twitter:data2\" content=\"3 minutos\" \/>\n<script type=\"application\/ld+json\" class=\"yoast-schema-graph\">{\"@context\":\"https:\/\/schema.org\",\"@graph\":[{\"@type\":\"WebPage\",\"@id\":\"https:\/\/baztan-bidasoa.com\/desarrollo\/dia-del-pastor-en-amaiur-2\/\",\"url\":\"https:\/\/baztan-bidasoa.com\/desarrollo\/dia-del-pastor-en-amaiur-2\/\",\"name\":\"D\u00eda del pastor, en Amaiur - Baztan Bidasoa Turismoa\",\"isPartOf\":{\"@id\":\"https:\/\/baztan-bidasoa.com\/desarrollo\/#website\"},\"datePublished\":\"2019-08-08T00:00:00+00:00\",\"dateModified\":\"2019-08-08T00:00:00+00:00\",\"author\":{\"@id\":\"https:\/\/baztan-bidasoa.com\/desarrollo\/#\/schema\/person\/ec297d7c7c08a77e7ac6292c2b940e42\"},\"description\":\"D\u00eda del Pastor, en Amaiur para homenajear a los pastores y a los perros pastores, fieles colaboradores en el trabajo con las ovejas. Concurso y exhibici\u00f3n.\",\"breadcrumb\":{\"@id\":\"https:\/\/baztan-bidasoa.com\/desarrollo\/dia-del-pastor-en-amaiur-2\/#breadcrumb\"},\"inLanguage\":\"es\",\"potentialAction\":[{\"@type\":\"ReadAction\",\"target\":[\"https:\/\/baztan-bidasoa.com\/desarrollo\/dia-del-pastor-en-amaiur-2\/\"]}]},{\"@type\":\"BreadcrumbList\",\"@id\":\"https:\/\/baztan-bidasoa.com\/desarrollo\/dia-del-pastor-en-amaiur-2\/#breadcrumb\",\"itemListElement\":[{\"@type\":\"ListItem\",\"position\":1,\"name\":\"Portada\",\"item\":\"https:\/\/baztan-bidasoa.com\/desarrollo\/\"},{\"@type\":\"ListItem\",\"position\":2,\"name\":\"D\u00eda del pastor, en Amaiur\"}]},{\"@type\":\"WebSite\",\"@id\":\"https:\/\/baztan-bidasoa.com\/desarrollo\/#website\",\"url\":\"https:\/\/baztan-bidasoa.com\/desarrollo\/\",\"name\":\"Baztan Bidasoa Turismoa\",\"description\":\"Asociaci\u00f3n Tur\u00edstica Baztan-Bidasoa Turismo Elkartea\",\"potentialAction\":[{\"@type\":\"SearchAction\",\"target\":{\"@type\":\"EntryPoint\",\"urlTemplate\":\"https:\/\/baztan-bidasoa.com\/desarrollo\/?s={search_term_string}\"},\"query-input\":\"required name=search_term_string\"}],\"inLanguage\":\"es\"},{\"@type\":\"Person\",\"@id\":\"https:\/\/baztan-bidasoa.com\/desarrollo\/#\/schema\/person\/ec297d7c7c08a77e7ac6292c2b940e42\",\"name\":\"mktpamplona2\",\"image\":{\"@type\":\"ImageObject\",\"inLanguage\":\"es\",\"@id\":\"https:\/\/baztan-bidasoa.com\/desarrollo\/#\/schema\/person\/image\/\",\"url\":\"https:\/\/secure.gravatar.com\/avatar\/132223b7affa4daaa3f3ea2b5597a64f?s=96&d=mm&r=g\",\"contentUrl\":\"https:\/\/secure.gravatar.com\/avatar\/132223b7affa4daaa3f3ea2b5597a64f?s=96&d=mm&r=g\",\"caption\":\"mktpamplona2\"}}]}<\/script>\n<!-- \/ Yoast SEO plugin. -->","yoast_head_json":{"title":"D\u00eda del pastor, en Amaiur - Baztan Bidasoa Turismoa","description":"D\u00eda del Pastor, en Amaiur para homenajear a los pastores y a los perros pastores, fieles colaboradores en el trabajo con las ovejas. Concurso y exhibici\u00f3n.","robots":{"index":"index","follow":"follow","max-snippet":"max-snippet:-1","max-image-preview":"max-image-preview:large","max-video-preview":"max-video-preview:-1"},"canonical":"https:\/\/baztan-bidasoa.com\/desarrollo\/dia-del-pastor-en-amaiur-2\/","og_locale":"es_ES","og_type":"article","og_title":"D\u00eda del pastor, en Amaiur - Baztan Bidasoa Turismoa","og_description":"D\u00eda del Pastor, en Amaiur para homenajear a los pastores y a los perros pastores, fieles colaboradores en el trabajo con las ovejas. Concurso y exhibici\u00f3n.","og_url":"https:\/\/baztan-bidasoa.com\/desarrollo\/dia-del-pastor-en-amaiur-2\/","og_site_name":"Baztan Bidasoa Turismoa","article_published_time":"2019-08-08T00:00:00+00:00","og_image":[{"width":1125,"height":1600,"url":"https:\/\/baztan-bidasoa.com\/desarrollo\/wp-content\/uploads\/2020\/04\/ARTZAIN-EGUNA-2.jpg","type":"image\/jpeg"}],"author":"mktpamplona2","twitter_card":"summary_large_image","twitter_misc":{"Escrito por":"mktpamplona2","Tiempo de lectura":"3 minutos"},"schema":{"@context":"https:\/\/schema.org","@graph":[{"@type":"WebPage","@id":"https:\/\/baztan-bidasoa.com\/desarrollo\/dia-del-pastor-en-amaiur-2\/","url":"https:\/\/baztan-bidasoa.com\/desarrollo\/dia-del-pastor-en-amaiur-2\/","name":"D\u00eda del pastor, en Amaiur - Baztan Bidasoa Turismoa","isPartOf":{"@id":"https:\/\/baztan-bidasoa.com\/desarrollo\/#website"},"datePublished":"2019-08-08T00:00:00+00:00","dateModified":"2019-08-08T00:00:00+00:00","author":{"@id":"https:\/\/baztan-bidasoa.com\/desarrollo\/#\/schema\/person\/ec297d7c7c08a77e7ac6292c2b940e42"},"description":"D\u00eda del Pastor, en Amaiur para homenajear a los pastores y a los perros pastores, fieles colaboradores en el trabajo con las ovejas. Concurso y exhibici\u00f3n.","breadcrumb":{"@id":"https:\/\/baztan-bidasoa.com\/desarrollo\/dia-del-pastor-en-amaiur-2\/#breadcrumb"},"inLanguage":"es","potentialAction":[{"@type":"ReadAction","target":["https:\/\/baztan-bidasoa.com\/desarrollo\/dia-del-pastor-en-amaiur-2\/"]}]},{"@type":"BreadcrumbList","@id":"https:\/\/baztan-bidasoa.com\/desarrollo\/dia-del-pastor-en-amaiur-2\/#breadcrumb","itemListElement":[{"@type":"ListItem","position":1,"name":"Portada","item":"https:\/\/baztan-bidasoa.com\/desarrollo\/"},{"@type":"ListItem","position":2,"name":"D\u00eda del pastor, en Amaiur"}]},{"@type":"WebSite","@id":"https:\/\/baztan-bidasoa.com\/desarrollo\/#website","url":"https:\/\/baztan-bidasoa.com\/desarrollo\/","name":"Baztan Bidasoa Turismoa","description":"Asociaci\u00f3n Tur\u00edstica Baztan-Bidasoa Turismo Elkartea","potentialAction":[{"@type":"SearchAction","target":{"@type":"EntryPoint","urlTemplate":"https:\/\/baztan-bidasoa.com\/desarrollo\/?s={search_term_string}"},"query-input":"required name=search_term_string"}],"inLanguage":"es"},{"@type":"Person","@id":"https:\/\/baztan-bidasoa.com\/desarrollo\/#\/schema\/person\/ec297d7c7c08a77e7ac6292c2b940e42","name":"mktpamplona2","image":{"@type":"ImageObject","inLanguage":"es","@id":"https:\/\/baztan-bidasoa.com\/desarrollo\/#\/schema\/person\/image\/","url":"https:\/\/secure.gravatar.com\/avatar\/132223b7affa4daaa3f3ea2b5597a64f?s=96&d=mm&r=g","contentUrl":"https:\/\/secure.gravatar.com\/avatar\/132223b7affa4daaa3f3ea2b5597a64f?s=96&d=mm&r=g","caption":"mktpamplona2"}}]}},"_links":{"self":[{"href":"https:\/\/baztan-bidasoa.com\/desarrollo\/wp-json\/wp\/v2\/posts\/22735"}],"collection":[{"href":"https:\/\/baztan-bidasoa.com\/desarrollo\/wp-json\/wp\/v2\/posts"}],"about":[{"href":"https:\/\/baztan-bidasoa.com\/desarrollo\/wp-json\/wp\/v2\/types\/post"}],"author":[{"embeddable":true,"href":"https:\/\/baztan-bidasoa.com\/desarrollo\/wp-json\/wp\/v2\/users\/3"}],"replies":[{"embeddable":true,"href":"https:\/\/baztan-bidasoa.com\/desarrollo\/wp-json\/wp\/v2\/comments?post=22735"}],"version-history":[{"count":0,"href":"https:\/\/baztan-bidasoa.com\/desarrollo\/wp-json\/wp\/v2\/posts\/22735\/revisions"}],"wp:featuredmedia":[{"embeddable":true,"href":"https:\/\/baztan-bidasoa.com\/desarrollo\/wp-json\/wp\/v2\/media\/22736"}],"wp:attachment":[{"href":"https:\/\/baztan-bidasoa.com\/desarrollo\/wp-json\/wp\/v2\/media?parent=22735"}],"wp:term":[{"taxonomy":"category","embeddable":true,"href":"https:\/\/baztan-bidasoa.com\/desarrollo\/wp-json\/wp\/v2\/categories?post=22735"},{"taxonomy":"post_tag","embeddable":true,"href":"https:\/\/baztan-bidasoa.com\/desarrollo\/wp-json\/wp\/v2\/tags?post=22735"}],"curies":[{"name":"wp","href":"https:\/\/api.w.org\/{rel}","templated":true}]}}