{"id":22727,"date":"2019-07-16T00:00:00","date_gmt":"2019-07-16T00:00:00","guid":{"rendered":"https:\/\/baztan-bidasoa.com\/desarrollo\/baztandarren-biltzarra-mas-que-una-fiesta\/"},"modified":"2019-07-16T00:00:00","modified_gmt":"2019-07-16T00:00:00","slug":"baztandarren-biltzarra-mas-que-una-fiesta","status":"publish","type":"post","link":"https:\/\/baztan-bidasoa.com\/desarrollo\/baztandarren-biltzarra-mas-que-una-fiesta\/","title":{"rendered":"Baztandarren Biltzarra, m\u00e1s que una fiesta"},"content":{"rendered":"<h2>Fiesta de hermandad de los 15 pueblos de Baztan<\/h2>\n<p>El domingo 21 de julio se celebrar\u00e1 el Baztandarren Biltzarra (reuni\u00f3n de baztaneses) en Elizondo. Es la fiesta de hermandad de l@s vecin@s de los 15 pueblos que conforman el Valle, desde Almandoz hasta Amaiur, pasando por Berroeta, Aniz, Ziga, Oronoz-Mugaire, Arraioz, Irurita, Gartzain, Lekaroz, Elizondo, Elbete, Azpilkueta, Arizkun y Erratzu.<\/p>\n<figure id=\"attachment_13996\" aria-describedby=\"caption-attachment-13996\" style=\"width: 720px\" class=\"wp-caption aligncenter\"><a href=\"https:\/\/baztan-bidasoa.com\/desarrollo\/wp-content\/uploads\/2020\/01\/Baztandarren-Biltarra.jpg\"><img decoding=\"async\" loading=\"lazy\" class=\"size-full wp-image-13996\" src=\"https:\/\/baztan-bidasoa.com\/desarrollo\/wp-content\/uploads\/2020\/01\/Baztandarren-Biltarra.jpg\" alt=\"Irrintzi\" width=\"720\" height=\"273\" data-wp-pid=\"13996\" \/><\/a><figcaption id=\"caption-attachment-13996\" class=\"wp-caption-text\">Irrintzi. Miren Karmele Gomez Garmendia<\/figcaption><\/figure>\n<p>&nbsp;<\/p>\n<h4>M\u00e1s que una fiesta<\/h4>\n<p>Con m\u00e1s de medio siglo de andadura, con sus m\u00e1s y sus menos, el Baztandarren Biltzarra est\u00e1 m\u00e1s que consolidado en el calendario festivo de la comarca. Es una de esas fechas marcada en rojo en el calendario del Valle. En sus or\u00edgenes se celebraba en el mes de septiembre; ahora se celebra en julio, el fin de semana anterior a las fiestas de Elizondo (Santiagos).<\/p>\n<p>El desfile de carrozas es el acto principal de esta jornada, y despu\u00e9s la comida de hermandad en la Plaza del mercado. Una gran comida que une anualmente a unos 1600 comensales.<\/p>\n<h4>Programa.\u00a0Baztandarren Biltzarra (Elizondo)<\/h4>\n<p>10::00 Feria de artesan\u00eda (Pedro Axular)<\/p>\n<p>11:00 Desfile de carrozas<\/p>\n<p>14:00 Mutildantzas en la plaza<\/p>\n<p>14:30 Comida popular en la Plaza del Mercado<\/p>\n<p>En la sobremesa, lectura del comunicado de Baztandarren Biltzarra Elkartea, entrega de premios, larraindantza, mutildantzas, muxikos,\u2026)<\/p>\n<section class=\"l-section\">18:00 Bailables hasta el anochecer<\/section>\n<h4>Nota:<\/h4>\n<h2><a href=\"https:\/\/baztan-bidasoa.com\/desarrollo\/wp-content\/uploads\/2020\/04\/baztandarren-kamisetak.jpg\"><img decoding=\"async\" loading=\"lazy\" class=\"wp-image-14397 alignleft\" src=\"https:\/\/baztan-bidasoa.com\/desarrollo\/wp-content\/uploads\/2020\/04\/baztandarren-kamisetak.jpg\" alt=\"\" width=\"259\" height=\"367\" data-wp-pid=\"14397\" \/><\/a><\/h2>\n<section class=\"l-section\">Las entradas para la comida popular se ponen a la venta el mi\u00e9rcoles 17 de julio, en la sede del Baztandarren Biltzarra. Horario: 10:00-13:00\/18:00-20:00<\/section>\n<section><\/section>\n<section class=\"l-section\">Ya est\u00e1n a la venta los boletos para la T\u00f3mbola en los diferentes bares y establecimientos del valle.&nbsp;<\/p>\n<p>Desde el 15 de julio est\u00e1n a la venta las camisetas en la sede del Baztandarren Biltzarra (a partir de las 20:00h)<\/p>\n<p>M\u00e1s informaci\u00f3n:\u00a0<a href=\"mailto:baztandarrenbiltzarra@hotmail.com\">baztandarrenbiltzarra@hotmail.com<\/a><\/p>\n<div class=\"title title--center title--underline title--decoration-bottom-center\"><\/div>\n<\/section>\n<h4><\/h4>\n<h4><\/h4>\n<h4>Un poco de historia<\/h4>\n<p>Fue en el a\u00f1o 1963, cuando un grupo de j\u00f3venes de Elizondo, en una excursi\u00f3n a San Miguel de Aralar, tuvo la idea de hacer una fiesta para reunirse con los mozos y mozas del resto del Valle. Dicho y hecho. As\u00ed se gest\u00f3 el primer Baztandarren Biltzarra.<\/p>\n<p>Descubre en <a href=\"https:\/\/www.facebook.com\/baztanbidasoaturismo\/videos\/826241094198924\/\">este v\u00eddeo<\/a> c\u00f3mo se gest\u00f3 el Baztandarren Biltzarra. El v\u00eddeo fue grabado en 2013, con motivo del 50 aniversario de la fiesta. Junto con otros protagonistas en \u00e9l aparece Rosario Orradre Garmendia, quien nos dej\u00f3 en 2018. Goian Bego<\/p>\n<p>&nbsp;<\/p>\n","protected":false},"excerpt":{"rendered":"<p>Fiesta de hermandad de los 15 pueblos de Baztan El domingo 21 de julio se celebrar\u00e1 el Baztandarren Biltzarra (reuni\u00f3n de baztaneses) en Elizondo. Es la fiesta de hermandad de l@s vecin@s de los 15 pueblos que conforman el Valle, desde Almandoz hasta Amaiur, pasando por Berroeta, Aniz, Ziga, Oronoz-Mugaire, Arraioz, Irurita, Gartzain, Lekaroz, Elizondo, [&hellip;]<\/p>\n","protected":false},"author":3,"featured_media":8355,"comment_status":"open","ping_status":"open","sticky":false,"template":"","format":"standard","meta":[],"categories":[237,235,738],"tags":[351,506,508,758,760,762,285,277],"acf":[],"yoast_head":"<!-- This site is optimized with the Yoast SEO plugin v19.10 - https:\/\/yoast.com\/wordpress\/plugins\/seo\/ -->\n<title>Baztandarren Biltzarra, m\u00e1s que una fiesta - Baztan Bidasoa Turismoa<\/title>\n<meta name=\"description\" content=\"Este domingo 21 de julio se celebra en Elizondo (Baztan) el Baztandarren Biltzarra, la fiesta de hermandad de los 15 pueblos que conforman el Valle.\" \/>\n<meta name=\"robots\" content=\"index, follow, max-snippet:-1, max-image-preview:large, max-video-preview:-1\" \/>\n<link rel=\"canonical\" href=\"https:\/\/baztan-bidasoa.com\/desarrollo\/baztandarren-biltzarra-mas-que-una-fiesta\/\" \/>\n<meta property=\"og:locale\" content=\"es_ES\" \/>\n<meta property=\"og:type\" content=\"article\" \/>\n<meta property=\"og:title\" content=\"Baztandarren Biltzarra, m\u00e1s que una fiesta - Baztan Bidasoa Turismoa\" \/>\n<meta property=\"og:description\" content=\"Este domingo 21 de julio se celebra en Elizondo (Baztan) el Baztandarren Biltzarra, la fiesta de hermandad de los 15 pueblos que conforman el Valle.\" \/>\n<meta property=\"og:url\" content=\"https:\/\/baztan-bidasoa.com\/desarrollo\/baztandarren-biltzarra-mas-que-una-fiesta\/\" \/>\n<meta property=\"og:site_name\" content=\"Baztan Bidasoa Turismoa\" \/>\n<meta property=\"article:published_time\" content=\"2019-07-16T00:00:00+00:00\" \/>\n<meta property=\"og:image\" content=\"https:\/\/baztan-bidasoa.com\/desarrollo\/wp-content\/uploads\/2020\/01\/Baztandarren-Biltarra.jpg\" \/>\n\t<meta property=\"og:image:width\" content=\"720\" \/>\n\t<meta property=\"og:image:height\" content=\"273\" \/>\n\t<meta property=\"og:image:type\" content=\"image\/jpeg\" \/>\n<meta name=\"author\" content=\"mktpamplona2\" \/>\n<meta name=\"twitter:card\" content=\"summary_large_image\" \/>\n<meta name=\"twitter:label1\" content=\"Escrito por\" \/>\n\t<meta name=\"twitter:data1\" content=\"mktpamplona2\" \/>\n\t<meta name=\"twitter:label2\" content=\"Tiempo de lectura\" \/>\n\t<meta name=\"twitter:data2\" content=\"2 minutos\" \/>\n<script type=\"application\/ld+json\" class=\"yoast-schema-graph\">{\"@context\":\"https:\/\/schema.org\",\"@graph\":[{\"@type\":\"WebPage\",\"@id\":\"https:\/\/baztan-bidasoa.com\/desarrollo\/baztandarren-biltzarra-mas-que-una-fiesta\/\",\"url\":\"https:\/\/baztan-bidasoa.com\/desarrollo\/baztandarren-biltzarra-mas-que-una-fiesta\/\",\"name\":\"Baztandarren Biltzarra, m\u00e1s que una fiesta - Baztan Bidasoa Turismoa\",\"isPartOf\":{\"@id\":\"https:\/\/baztan-bidasoa.com\/desarrollo\/#website\"},\"datePublished\":\"2019-07-16T00:00:00+00:00\",\"dateModified\":\"2019-07-16T00:00:00+00:00\",\"author\":{\"@id\":\"https:\/\/baztan-bidasoa.com\/desarrollo\/#\/schema\/person\/ec297d7c7c08a77e7ac6292c2b940e42\"},\"description\":\"Este domingo 21 de julio se celebra en Elizondo (Baztan) el Baztandarren Biltzarra, la fiesta de hermandad de los 15 pueblos que conforman el Valle.\",\"breadcrumb\":{\"@id\":\"https:\/\/baztan-bidasoa.com\/desarrollo\/baztandarren-biltzarra-mas-que-una-fiesta\/#breadcrumb\"},\"inLanguage\":\"es\",\"potentialAction\":[{\"@type\":\"ReadAction\",\"target\":[\"https:\/\/baztan-bidasoa.com\/desarrollo\/baztandarren-biltzarra-mas-que-una-fiesta\/\"]}]},{\"@type\":\"BreadcrumbList\",\"@id\":\"https:\/\/baztan-bidasoa.com\/desarrollo\/baztandarren-biltzarra-mas-que-una-fiesta\/#breadcrumb\",\"itemListElement\":[{\"@type\":\"ListItem\",\"position\":1,\"name\":\"Portada\",\"item\":\"https:\/\/baztan-bidasoa.com\/desarrollo\/\"},{\"@type\":\"ListItem\",\"position\":2,\"name\":\"Baztandarren Biltzarra, m\u00e1s que una fiesta\"}]},{\"@type\":\"WebSite\",\"@id\":\"https:\/\/baztan-bidasoa.com\/desarrollo\/#website\",\"url\":\"https:\/\/baztan-bidasoa.com\/desarrollo\/\",\"name\":\"Baztan Bidasoa Turismoa\",\"description\":\"Asociaci\u00f3n Tur\u00edstica Baztan-Bidasoa Turismo Elkartea\",\"potentialAction\":[{\"@type\":\"SearchAction\",\"target\":{\"@type\":\"EntryPoint\",\"urlTemplate\":\"https:\/\/baztan-bidasoa.com\/desarrollo\/?s={search_term_string}\"},\"query-input\":\"required name=search_term_string\"}],\"inLanguage\":\"es\"},{\"@type\":\"Person\",\"@id\":\"https:\/\/baztan-bidasoa.com\/desarrollo\/#\/schema\/person\/ec297d7c7c08a77e7ac6292c2b940e42\",\"name\":\"mktpamplona2\",\"image\":{\"@type\":\"ImageObject\",\"inLanguage\":\"es\",\"@id\":\"https:\/\/baztan-bidasoa.com\/desarrollo\/#\/schema\/person\/image\/\",\"url\":\"https:\/\/secure.gravatar.com\/avatar\/132223b7affa4daaa3f3ea2b5597a64f?s=96&d=mm&r=g\",\"contentUrl\":\"https:\/\/secure.gravatar.com\/avatar\/132223b7affa4daaa3f3ea2b5597a64f?s=96&d=mm&r=g\",\"caption\":\"mktpamplona2\"}}]}<\/script>\n<!-- \/ Yoast SEO plugin. -->","yoast_head_json":{"title":"Baztandarren Biltzarra, m\u00e1s que una fiesta - Baztan Bidasoa Turismoa","description":"Este domingo 21 de julio se celebra en Elizondo (Baztan) el Baztandarren Biltzarra, la fiesta de hermandad de los 15 pueblos que conforman el Valle.","robots":{"index":"index","follow":"follow","max-snippet":"max-snippet:-1","max-image-preview":"max-image-preview:large","max-video-preview":"max-video-preview:-1"},"canonical":"https:\/\/baztan-bidasoa.com\/desarrollo\/baztandarren-biltzarra-mas-que-una-fiesta\/","og_locale":"es_ES","og_type":"article","og_title":"Baztandarren Biltzarra, m\u00e1s que una fiesta - Baztan Bidasoa Turismoa","og_description":"Este domingo 21 de julio se celebra en Elizondo (Baztan) el Baztandarren Biltzarra, la fiesta de hermandad de los 15 pueblos que conforman el Valle.","og_url":"https:\/\/baztan-bidasoa.com\/desarrollo\/baztandarren-biltzarra-mas-que-una-fiesta\/","og_site_name":"Baztan Bidasoa Turismoa","article_published_time":"2019-07-16T00:00:00+00:00","og_image":[{"width":720,"height":273,"url":"https:\/\/baztan-bidasoa.com\/desarrollo\/wp-content\/uploads\/2020\/01\/Baztandarren-Biltarra.jpg","type":"image\/jpeg"}],"author":"mktpamplona2","twitter_card":"summary_large_image","twitter_misc":{"Escrito por":"mktpamplona2","Tiempo de lectura":"2 minutos"},"schema":{"@context":"https:\/\/schema.org","@graph":[{"@type":"WebPage","@id":"https:\/\/baztan-bidasoa.com\/desarrollo\/baztandarren-biltzarra-mas-que-una-fiesta\/","url":"https:\/\/baztan-bidasoa.com\/desarrollo\/baztandarren-biltzarra-mas-que-una-fiesta\/","name":"Baztandarren Biltzarra, m\u00e1s que una fiesta - Baztan Bidasoa Turismoa","isPartOf":{"@id":"https:\/\/baztan-bidasoa.com\/desarrollo\/#website"},"datePublished":"2019-07-16T00:00:00+00:00","dateModified":"2019-07-16T00:00:00+00:00","author":{"@id":"https:\/\/baztan-bidasoa.com\/desarrollo\/#\/schema\/person\/ec297d7c7c08a77e7ac6292c2b940e42"},"description":"Este domingo 21 de julio se celebra en Elizondo (Baztan) el Baztandarren Biltzarra, la fiesta de hermandad de los 15 pueblos que conforman el Valle.","breadcrumb":{"@id":"https:\/\/baztan-bidasoa.com\/desarrollo\/baztandarren-biltzarra-mas-que-una-fiesta\/#breadcrumb"},"inLanguage":"es","potentialAction":[{"@type":"ReadAction","target":["https:\/\/baztan-bidasoa.com\/desarrollo\/baztandarren-biltzarra-mas-que-una-fiesta\/"]}]},{"@type":"BreadcrumbList","@id":"https:\/\/baztan-bidasoa.com\/desarrollo\/baztandarren-biltzarra-mas-que-una-fiesta\/#breadcrumb","itemListElement":[{"@type":"ListItem","position":1,"name":"Portada","item":"https:\/\/baztan-bidasoa.com\/desarrollo\/"},{"@type":"ListItem","position":2,"name":"Baztandarren Biltzarra, m\u00e1s que una fiesta"}]},{"@type":"WebSite","@id":"https:\/\/baztan-bidasoa.com\/desarrollo\/#website","url":"https:\/\/baztan-bidasoa.com\/desarrollo\/","name":"Baztan Bidasoa Turismoa","description":"Asociaci\u00f3n Tur\u00edstica Baztan-Bidasoa Turismo Elkartea","potentialAction":[{"@type":"SearchAction","target":{"@type":"EntryPoint","urlTemplate":"https:\/\/baztan-bidasoa.com\/desarrollo\/?s={search_term_string}"},"query-input":"required name=search_term_string"}],"inLanguage":"es"},{"@type":"Person","@id":"https:\/\/baztan-bidasoa.com\/desarrollo\/#\/schema\/person\/ec297d7c7c08a77e7ac6292c2b940e42","name":"mktpamplona2","image":{"@type":"ImageObject","inLanguage":"es","@id":"https:\/\/baztan-bidasoa.com\/desarrollo\/#\/schema\/person\/image\/","url":"https:\/\/secure.gravatar.com\/avatar\/132223b7affa4daaa3f3ea2b5597a64f?s=96&d=mm&r=g","contentUrl":"https:\/\/secure.gravatar.com\/avatar\/132223b7affa4daaa3f3ea2b5597a64f?s=96&d=mm&r=g","caption":"mktpamplona2"}}]}},"_links":{"self":[{"href":"https:\/\/baztan-bidasoa.com\/desarrollo\/wp-json\/wp\/v2\/posts\/22727"}],"collection":[{"href":"https:\/\/baztan-bidasoa.com\/desarrollo\/wp-json\/wp\/v2\/posts"}],"about":[{"href":"https:\/\/baztan-bidasoa.com\/desarrollo\/wp-json\/wp\/v2\/types\/post"}],"author":[{"embeddable":true,"href":"https:\/\/baztan-bidasoa.com\/desarrollo\/wp-json\/wp\/v2\/users\/3"}],"replies":[{"embeddable":true,"href":"https:\/\/baztan-bidasoa.com\/desarrollo\/wp-json\/wp\/v2\/comments?post=22727"}],"version-history":[{"count":0,"href":"https:\/\/baztan-bidasoa.com\/desarrollo\/wp-json\/wp\/v2\/posts\/22727\/revisions"}],"wp:featuredmedia":[{"embeddable":true,"href":"https:\/\/baztan-bidasoa.com\/desarrollo\/wp-json\/wp\/v2\/media\/8355"}],"wp:attachment":[{"href":"https:\/\/baztan-bidasoa.com\/desarrollo\/wp-json\/wp\/v2\/media?parent=22727"}],"wp:term":[{"taxonomy":"category","embeddable":true,"href":"https:\/\/baztan-bidasoa.com\/desarrollo\/wp-json\/wp\/v2\/categories?post=22727"},{"taxonomy":"post_tag","embeddable":true,"href":"https:\/\/baztan-bidasoa.com\/desarrollo\/wp-json\/wp\/v2\/tags?post=22727"}],"curies":[{"name":"wp","href":"https:\/\/api.w.org\/{rel}","templated":true}]}}