{"id":22725,"date":"2019-08-01T00:00:00","date_gmt":"2019-08-01T00:00:00","guid":{"rendered":"https:\/\/baztan-bidasoa.com\/desarrollo\/en-bicicleta-pedaleando-por-el-pais-del-bidasoa\/"},"modified":"2020-07-21T11:49:31","modified_gmt":"2020-07-21T11:49:31","slug":"en-bicicleta-pedaleando-por-el-pais-del-bidasoa","status":"publish","type":"post","link":"https:\/\/baztan-bidasoa.com\/desarrollo\/en-bicicleta-pedaleando-por-el-pais-del-bidasoa\/","title":{"rendered":"En bicicleta, pedaleando por el pa\u00eds del Bidasoa"},"content":{"rendered":"<h4>Las bicicletas son para el verano<\/h4>\n<p>Dicen que las bicicletas son para el verano y no lo ponemos en duda. Por eso hoy nos vamos de ruta, a pedales.<\/p>\n<p>Nuestro plan es dar un paseo por la <a href=\"https:\/\/baztan-bidasoa.com\/desarrollo\/ederbidea-via-verde-del-bidasoa\/\">V\u00eda Verde del Bidasoa,<\/a>\u00a0antiguo trazado del \u201cTren txikito\u201d (ferrocarril) entre Behobia (Ir\u00fan-Gipuzkoa) y Oieregi (Navarra). El tramo Behobia-Doneztebe\/Santesteban est\u00e1 adem\u00e1s incluido en Ederbidea y en EuroVelo 1, la mayor ruta cicloturista europea.<\/p>\n<p>Sin apenas desnivel en sus 40 km de recorrido, discurre a orillas del r\u00edo Bidasoa y da opci\u00f3n a visitar bellas localidades navarras y de la desembocadura del Bidasoa.<\/p>\n<p>&nbsp;<\/p>\n<figure id=\"attachment_13398\" aria-describedby=\"caption-attachment-13398\" style=\"width: 498px\" class=\"wp-caption alignleft\"><a href=\"https:\/\/baztan-bidasoa.com\/desarrollo\/wp-content\/uploads\/2020\/04\/Ederbidea-Zikloturista_29-scaled.jpg\"><img decoding=\"async\" loading=\"lazy\" class=\" wp-image-13398\" src=\"https:\/\/baztan-bidasoa.com\/desarrollo\/wp-content\/uploads\/2020\/04\/Ederbidea-Zikloturista_29-scaled.jpg\" alt=\"Cuadrilla de amigos por la V\u00eda Verde del Bidasoa\/Ederbidea\" width=\"498\" height=\"332\" data-wp-pid=\"13398\" \/><\/a><figcaption id=\"caption-attachment-13398\" class=\"wp-caption-text\">Pedaleando por la V\u00eda Verde del Bidasoa\/ Ederbidea<\/figcaption><\/figure>\n<h4>\u00bfEn qu\u00e9 direcci\u00f3n hacemos el paseo?<\/h4>\n<p>Arrancamos la excursi\u00f3n en Doneztebe, Malerreka. Podemos llevar nuestra propia bicicleta o alquilar una en <a href=\"https:\/\/baztan-bidasoa.com\/desarrollo\/que-hacer\/servicios-de-turismo-activo\/ameztia-btt-alquiler-de-bicis\/\">Ameztia BTT<\/a>, una empresa que adem\u00e1s de alquilar bicis, organiza paseos guiados en BTT.<\/p>\n<p>Tenemos dos opciones, ir hacia Endarlatsa; o pedalear hacia Bertiz (Oieregi).<\/p>\n<h6><\/h6>\n<h6><\/h6>\n<h5>1.Vamos hacia Endarlatsa, con meta en Sunbilla<\/h5>\n<p>El acceso a la V\u00eda verde se encuentra en la entrada del pueblo. Una vez abandonamos la N-121-A, entramos a Doneztebe cruzando el puente y, nada m\u00e1s cruzar el puente veremos, a mano derecha, un barrio de pisos. Adentr\u00e1ndonos en el mismo, llegaremos al acceso de la V\u00eda Verde del Bidasoa.<\/p>\n<p>Nuestra propuesta es pedalear durante 3 kil\u00f3metros hasta <a href=\"https:\/\/baztan-bidasoa.com\/desarrollo\/baztan-bidasoa\/malerreka\/sunbilla\/\">Sunbilla<\/a> y salirse de la v\u00eda para perderse por la calles del pueblo, atravesar el puente medieval, conocer la parroquia y adentrarse en la historia de esta localidad enclavada a los pies del imponente monte Mendaur.<\/p>\n<p>Ya en Sunbilla, imprescindible la visita al\u00a0<a href=\"https:\/\/baztan-bidasoa.com\/desarrollo\/donde-comer\/camping-ariztigain\/\">Camping Ariztigain<\/a>\u00a0para disfrutar del paisaje de la comarca y reponer fuerzas.<\/p>\n<h5>2. Vamos hacia Bertiz<\/h5>\n<p>Al igual que en la ruta anterior, el acceso a la V\u00eda Verde del Bidasoa se encuentra en la entrada del pueblo. Una vez abandonamos la N-121-A, entramos a Doneztebe cruzando el puente y a mano izquierda encontraremos un pol\u00edgono industrial por el que accederemos a la V\u00eda Verde del Bidasoa.<\/p>\n<p>Un camino entre \u00e1rboles y prados que nos llevar\u00e1 hasta Legasa. En esta localidad recomendamos cruzar la carretera N-121. Pasaremos por el <a href=\"https:\/\/baztan-bidasoa.com\/desarrollo\/que-hacer\/servicios-de-turismo-activo\/bkz-baztan-aventura-park\/\">Parque de Aventura BKZ<\/a> de Narbarte y esa misma pista nos llevar\u00e1 al <a href=\"https:\/\/baztan-bidasoa.com\/desarrollo\/bertiz-parque-natural\/\">Parque Natural del Se\u00f1or\u00edo de Bertiz.<\/a>\u00a0En B\u00e9rtiz merece la pena la visita al Jard\u00edn bot\u00e1nico o perderse por el bosque.<\/p>\n<p>En la tienda de Artesan\u00eda <a href=\"https:\/\/baztan-bidasoa.com\/desarrollo\/nuestros-productos\/tienda-de-artesania-ixiart\/\">IXIART<\/a>, sita en el edificio de Turismo Rural del parque se pueden adquirir bebidas y tambi\u00e9n productos de la zona: artesan\u00eda, recuerdos, queso, mermelada, pachar\u00e1n,&#8230;. Y si lo que se desea es comer de plato,\u00a0 recomendamos salir del Se\u00f1or\u00edo de Bertiz hacia Oronoz y en el mismo cruce encontraremos el <a href=\"https:\/\/baztan-bidasoa.com\/desarrollo\/donde-comer\/urgain-oronoz-mugairi\/\">\u00a0Restaurante Urgain<\/a>, donde degustar comida tradicional y casera.<\/p>\n<h5>Baztan-Bidasoa Turismoa, una apuesta por la movilidad en bicicleta<\/h5>\n<p>Baztan-Bidasoa Turismoa es uno de los socios de Ederbidea, la red cicloturista que para 2020 unir\u00e1 Baiona, Donostia y Pamplona. Comprometida con la movilidad en bicicleta y un turismo sostenible, este a\u00f1o hemos editado el Mapa CicloTurista de Baztan-Bidasoa. Un mapa que adem\u00e1s de la red principal por la V\u00eda Verde, recoge 12 enlaces cicloturistas y una veintena de senderos locales para que el visitante conozca y disfrute los pueblos y servicios de la comarca.<\/p>\n<p>Descargar mapa<a href=\"https:\/\/baztan-bidasoa.com\/desarrollo\/wp-content\/uploads\/2019\/12\/MAPA-CICLOTURISTA-CAS_EUS-BAJA-V.-IMPRENTA.pdf\">\u00a0<strong>AQU\u00cd<\/strong><\/a><\/p>\n<p>&nbsp;<\/p>\n<p>&nbsp;<\/p>\n<p>&nbsp;<\/p>\n","protected":false},"excerpt":{"rendered":"<p>Las bicicletas son para el verano Dicen que las bicicletas son para el verano y no lo ponemos en duda. Por eso hoy nos vamos de ruta, a pedales. Nuestro plan es dar un paseo por la V\u00eda Verde del Bidasoa,\u00a0antiguo trazado del \u201cTren txikito\u201d (ferrocarril) entre Behobia (Ir\u00fan-Gipuzkoa) y Oieregi (Navarra). El tramo Behobia-Doneztebe\/Santesteban [&hellip;]<\/p>\n","protected":false},"author":3,"featured_media":22275,"comment_status":"open","ping_status":"open","sticky":false,"template":"","format":"standard","meta":[],"categories":[237,235,738],"tags":[652,393,598,754,756,345,668,684,279,642,319],"acf":[],"yoast_head":"<!-- This site is optimized with the Yoast SEO plugin v19.10 - https:\/\/yoast.com\/wordpress\/plugins\/seo\/ -->\n<title>Planes en bicicleta - Baztan Bidasoa Turismoa<\/title>\n<meta name=\"description\" content=\"Planes en bicicleta es una propuesta para pedalear por la V\u00eda verde del Bidasoa y conocer la comarca de Baztan-Bidasoa de una forma diferente.\" \/>\n<meta name=\"robots\" content=\"index, follow, max-snippet:-1, max-image-preview:large, max-video-preview:-1\" \/>\n<link rel=\"canonical\" href=\"https:\/\/baztan-bidasoa.com\/desarrollo\/en-bicicleta-pedaleando-por-el-pais-del-bidasoa\/\" \/>\n<meta property=\"og:locale\" content=\"es_ES\" \/>\n<meta property=\"og:type\" content=\"article\" \/>\n<meta property=\"og:title\" content=\"Planes en bicicleta - Baztan Bidasoa Turismoa\" \/>\n<meta property=\"og:description\" content=\"Planes en bicicleta es una propuesta para pedalear por la V\u00eda verde del Bidasoa y conocer la comarca de Baztan-Bidasoa de una forma diferente.\" \/>\n<meta property=\"og:url\" content=\"https:\/\/baztan-bidasoa.com\/desarrollo\/en-bicicleta-pedaleando-por-el-pais-del-bidasoa\/\" \/>\n<meta property=\"og:site_name\" content=\"Baztan Bidasoa Turismoa\" \/>\n<meta property=\"article:published_time\" content=\"2019-08-01T00:00:00+00:00\" \/>\n<meta property=\"article:modified_time\" content=\"2020-07-21T11:49:31+00:00\" \/>\n<meta property=\"og:image\" content=\"https:\/\/baztan-bidasoa.com\/desarrollo\/wp-content\/uploads\/2020\/04\/Bizikletaz-Bidasoko-Bide-Berdean.jpg\" \/>\n\t<meta property=\"og:image:width\" content=\"300\" \/>\n\t<meta property=\"og:image:height\" content=\"168\" \/>\n\t<meta property=\"og:image:type\" content=\"image\/jpeg\" \/>\n<meta name=\"author\" content=\"mktpamplona2\" \/>\n<meta name=\"twitter:card\" content=\"summary_large_image\" \/>\n<meta name=\"twitter:label1\" content=\"Escrito por\" \/>\n\t<meta name=\"twitter:data1\" content=\"mktpamplona2\" \/>\n\t<meta name=\"twitter:label2\" content=\"Tiempo de lectura\" \/>\n\t<meta name=\"twitter:data2\" content=\"3 minutos\" \/>\n<script type=\"application\/ld+json\" class=\"yoast-schema-graph\">{\"@context\":\"https:\/\/schema.org\",\"@graph\":[{\"@type\":\"WebPage\",\"@id\":\"https:\/\/baztan-bidasoa.com\/desarrollo\/en-bicicleta-pedaleando-por-el-pais-del-bidasoa\/\",\"url\":\"https:\/\/baztan-bidasoa.com\/desarrollo\/en-bicicleta-pedaleando-por-el-pais-del-bidasoa\/\",\"name\":\"Planes en bicicleta - Baztan Bidasoa Turismoa\",\"isPartOf\":{\"@id\":\"https:\/\/baztan-bidasoa.com\/desarrollo\/#website\"},\"datePublished\":\"2019-08-01T00:00:00+00:00\",\"dateModified\":\"2020-07-21T11:49:31+00:00\",\"author\":{\"@id\":\"https:\/\/baztan-bidasoa.com\/desarrollo\/#\/schema\/person\/ec297d7c7c08a77e7ac6292c2b940e42\"},\"description\":\"Planes en bicicleta es una propuesta para pedalear por la V\u00eda verde del Bidasoa y conocer la comarca de Baztan-Bidasoa de una forma diferente.\",\"breadcrumb\":{\"@id\":\"https:\/\/baztan-bidasoa.com\/desarrollo\/en-bicicleta-pedaleando-por-el-pais-del-bidasoa\/#breadcrumb\"},\"inLanguage\":\"es\",\"potentialAction\":[{\"@type\":\"ReadAction\",\"target\":[\"https:\/\/baztan-bidasoa.com\/desarrollo\/en-bicicleta-pedaleando-por-el-pais-del-bidasoa\/\"]}]},{\"@type\":\"BreadcrumbList\",\"@id\":\"https:\/\/baztan-bidasoa.com\/desarrollo\/en-bicicleta-pedaleando-por-el-pais-del-bidasoa\/#breadcrumb\",\"itemListElement\":[{\"@type\":\"ListItem\",\"position\":1,\"name\":\"Portada\",\"item\":\"https:\/\/baztan-bidasoa.com\/desarrollo\/\"},{\"@type\":\"ListItem\",\"position\":2,\"name\":\"En bicicleta, pedaleando por el pa\u00eds del Bidasoa\"}]},{\"@type\":\"WebSite\",\"@id\":\"https:\/\/baztan-bidasoa.com\/desarrollo\/#website\",\"url\":\"https:\/\/baztan-bidasoa.com\/desarrollo\/\",\"name\":\"Baztan Bidasoa Turismoa\",\"description\":\"Asociaci\u00f3n Tur\u00edstica Baztan-Bidasoa Turismo Elkartea\",\"potentialAction\":[{\"@type\":\"SearchAction\",\"target\":{\"@type\":\"EntryPoint\",\"urlTemplate\":\"https:\/\/baztan-bidasoa.com\/desarrollo\/?s={search_term_string}\"},\"query-input\":\"required name=search_term_string\"}],\"inLanguage\":\"es\"},{\"@type\":\"Person\",\"@id\":\"https:\/\/baztan-bidasoa.com\/desarrollo\/#\/schema\/person\/ec297d7c7c08a77e7ac6292c2b940e42\",\"name\":\"mktpamplona2\",\"image\":{\"@type\":\"ImageObject\",\"inLanguage\":\"es\",\"@id\":\"https:\/\/baztan-bidasoa.com\/desarrollo\/#\/schema\/person\/image\/\",\"url\":\"https:\/\/secure.gravatar.com\/avatar\/132223b7affa4daaa3f3ea2b5597a64f?s=96&d=mm&r=g\",\"contentUrl\":\"https:\/\/secure.gravatar.com\/avatar\/132223b7affa4daaa3f3ea2b5597a64f?s=96&d=mm&r=g\",\"caption\":\"mktpamplona2\"}}]}<\/script>\n<!-- \/ Yoast SEO plugin. -->","yoast_head_json":{"title":"Planes en bicicleta - Baztan Bidasoa Turismoa","description":"Planes en bicicleta es una propuesta para pedalear por la V\u00eda verde del Bidasoa y conocer la comarca de Baztan-Bidasoa de una forma diferente.","robots":{"index":"index","follow":"follow","max-snippet":"max-snippet:-1","max-image-preview":"max-image-preview:large","max-video-preview":"max-video-preview:-1"},"canonical":"https:\/\/baztan-bidasoa.com\/desarrollo\/en-bicicleta-pedaleando-por-el-pais-del-bidasoa\/","og_locale":"es_ES","og_type":"article","og_title":"Planes en bicicleta - Baztan Bidasoa Turismoa","og_description":"Planes en bicicleta es una propuesta para pedalear por la V\u00eda verde del Bidasoa y conocer la comarca de Baztan-Bidasoa de una forma diferente.","og_url":"https:\/\/baztan-bidasoa.com\/desarrollo\/en-bicicleta-pedaleando-por-el-pais-del-bidasoa\/","og_site_name":"Baztan Bidasoa Turismoa","article_published_time":"2019-08-01T00:00:00+00:00","article_modified_time":"2020-07-21T11:49:31+00:00","og_image":[{"width":300,"height":168,"url":"https:\/\/baztan-bidasoa.com\/desarrollo\/wp-content\/uploads\/2020\/04\/Bizikletaz-Bidasoko-Bide-Berdean.jpg","type":"image\/jpeg"}],"author":"mktpamplona2","twitter_card":"summary_large_image","twitter_misc":{"Escrito por":"mktpamplona2","Tiempo de lectura":"3 minutos"},"schema":{"@context":"https:\/\/schema.org","@graph":[{"@type":"WebPage","@id":"https:\/\/baztan-bidasoa.com\/desarrollo\/en-bicicleta-pedaleando-por-el-pais-del-bidasoa\/","url":"https:\/\/baztan-bidasoa.com\/desarrollo\/en-bicicleta-pedaleando-por-el-pais-del-bidasoa\/","name":"Planes en bicicleta - Baztan Bidasoa Turismoa","isPartOf":{"@id":"https:\/\/baztan-bidasoa.com\/desarrollo\/#website"},"datePublished":"2019-08-01T00:00:00+00:00","dateModified":"2020-07-21T11:49:31+00:00","author":{"@id":"https:\/\/baztan-bidasoa.com\/desarrollo\/#\/schema\/person\/ec297d7c7c08a77e7ac6292c2b940e42"},"description":"Planes en bicicleta es una propuesta para pedalear por la V\u00eda verde del Bidasoa y conocer la comarca de Baztan-Bidasoa de una forma diferente.","breadcrumb":{"@id":"https:\/\/baztan-bidasoa.com\/desarrollo\/en-bicicleta-pedaleando-por-el-pais-del-bidasoa\/#breadcrumb"},"inLanguage":"es","potentialAction":[{"@type":"ReadAction","target":["https:\/\/baztan-bidasoa.com\/desarrollo\/en-bicicleta-pedaleando-por-el-pais-del-bidasoa\/"]}]},{"@type":"BreadcrumbList","@id":"https:\/\/baztan-bidasoa.com\/desarrollo\/en-bicicleta-pedaleando-por-el-pais-del-bidasoa\/#breadcrumb","itemListElement":[{"@type":"ListItem","position":1,"name":"Portada","item":"https:\/\/baztan-bidasoa.com\/desarrollo\/"},{"@type":"ListItem","position":2,"name":"En bicicleta, pedaleando por el pa\u00eds del Bidasoa"}]},{"@type":"WebSite","@id":"https:\/\/baztan-bidasoa.com\/desarrollo\/#website","url":"https:\/\/baztan-bidasoa.com\/desarrollo\/","name":"Baztan Bidasoa Turismoa","description":"Asociaci\u00f3n Tur\u00edstica Baztan-Bidasoa Turismo Elkartea","potentialAction":[{"@type":"SearchAction","target":{"@type":"EntryPoint","urlTemplate":"https:\/\/baztan-bidasoa.com\/desarrollo\/?s={search_term_string}"},"query-input":"required name=search_term_string"}],"inLanguage":"es"},{"@type":"Person","@id":"https:\/\/baztan-bidasoa.com\/desarrollo\/#\/schema\/person\/ec297d7c7c08a77e7ac6292c2b940e42","name":"mktpamplona2","image":{"@type":"ImageObject","inLanguage":"es","@id":"https:\/\/baztan-bidasoa.com\/desarrollo\/#\/schema\/person\/image\/","url":"https:\/\/secure.gravatar.com\/avatar\/132223b7affa4daaa3f3ea2b5597a64f?s=96&d=mm&r=g","contentUrl":"https:\/\/secure.gravatar.com\/avatar\/132223b7affa4daaa3f3ea2b5597a64f?s=96&d=mm&r=g","caption":"mktpamplona2"}}]}},"_links":{"self":[{"href":"https:\/\/baztan-bidasoa.com\/desarrollo\/wp-json\/wp\/v2\/posts\/22725"}],"collection":[{"href":"https:\/\/baztan-bidasoa.com\/desarrollo\/wp-json\/wp\/v2\/posts"}],"about":[{"href":"https:\/\/baztan-bidasoa.com\/desarrollo\/wp-json\/wp\/v2\/types\/post"}],"author":[{"embeddable":true,"href":"https:\/\/baztan-bidasoa.com\/desarrollo\/wp-json\/wp\/v2\/users\/3"}],"replies":[{"embeddable":true,"href":"https:\/\/baztan-bidasoa.com\/desarrollo\/wp-json\/wp\/v2\/comments?post=22725"}],"version-history":[{"count":4,"href":"https:\/\/baztan-bidasoa.com\/desarrollo\/wp-json\/wp\/v2\/posts\/22725\/revisions"}],"predecessor-version":[{"id":27400,"href":"https:\/\/baztan-bidasoa.com\/desarrollo\/wp-json\/wp\/v2\/posts\/22725\/revisions\/27400"}],"wp:featuredmedia":[{"embeddable":true,"href":"https:\/\/baztan-bidasoa.com\/desarrollo\/wp-json\/wp\/v2\/media\/22275"}],"wp:attachment":[{"href":"https:\/\/baztan-bidasoa.com\/desarrollo\/wp-json\/wp\/v2\/media?parent=22725"}],"wp:term":[{"taxonomy":"category","embeddable":true,"href":"https:\/\/baztan-bidasoa.com\/desarrollo\/wp-json\/wp\/v2\/categories?post=22725"},{"taxonomy":"post_tag","embeddable":true,"href":"https:\/\/baztan-bidasoa.com\/desarrollo\/wp-json\/wp\/v2\/tags?post=22725"}],"curies":[{"name":"wp","href":"https:\/\/api.w.org\/{rel}","templated":true}]}}