{"id":22720,"date":"2019-07-01T00:00:00","date_gmt":"2019-07-01T00:00:00","guid":{"rendered":"https:\/\/baztan-bidasoa.com\/desarrollo\/zubigainekoa-un-baile-hacia-la-igualdad\/"},"modified":"2019-07-01T00:00:00","modified_gmt":"2019-07-01T00:00:00","slug":"zubigainekoa-un-baile-hacia-la-igualdad","status":"publish","type":"post","link":"https:\/\/baztan-bidasoa.com\/desarrollo\/zubigainekoa-un-baile-hacia-la-igualdad\/","title":{"rendered":"Zubigainekoa, un baile hacia la igualdad"},"content":{"rendered":"<h3><span style=\"color: #008000;\">Lesaka celebra los Sanfermines con el tradicional \u00abZubigainekoa\u00bb, un tratado de paz que llega con novedades\u00a0<\/span><\/h3>\n<p>El 7 de julio, d\u00eda de San Ferm\u00edn, Lesaka celebra el d\u00eda grande de las fiestas.\u00a0 El acto m\u00e1s\u00a0 esperado por los lesakarras es, sin duda, el \u00abZubigainekoa\u00bb, el baile que los \u00abezpatadantzaris\u00bb bailan sobre las orillas del r\u00edo On\u00edn para rubricar el acuerdo de paz del S.XV entre los barrios de la localidad.<\/p>\n<p>Este a\u00f1o, entre los \u00abezpatadantzaris\u00bb, hasta ahora siempre mozos, habr\u00e1 tres chicas. Tres lesakarras que han esperado su turno, como el resto, hasta que ha habido plazas vacantes para poder bailar.<\/p>\n<p>Llevan tres a\u00f1os ensayando y prepar\u00e1ndose para poder bailar sobre los laterales del R\u00edo On\u00edn. Por primera vez en la historia las \u00abneskas\u00bb bailar\u00e1n el \u00abZubigainekoa\u00bb . Los tiempos cambian y las tradiciones se adaptan a la normalidad, a una sociedad igualitaria y respetuosa con los derechos de todas las personas.\u00a0 Ongi etorri eta zorte on!<\/p>\n<p>Desc\u00e1rgate <a href=\"https:\/\/baztan-bidasoa.com\/desarrollo\/wp-content\/uploads\/2019\/07\/SANFERMINAK_2019_web.pdf\">AQU\u00cd<\/a> el programa festivo.<\/p>\n<p>&nbsp;<\/p>\n<p><a href=\"https:\/\/baztan-bidasoa.com\/desarrollo\/wp-content\/uploads\/2019\/12\/lesaka.jpg\"><img decoding=\"async\" loading=\"lazy\" class=\"wp-image-4722 size-medium alignleft\" src=\"https:\/\/baztan-bidasoa.com\/desarrollo\/wp-content\/uploads\/2019\/12\/lesaka.jpg\" alt=\"\" width=\"300\" height=\"225\" \/><\/a><a href=\"https:\/\/baztan-bidasoa.com\/desarrollo\/wp-content\/uploads\/2019\/12\/lesaka2.jpg\"><img decoding=\"async\" loading=\"lazy\" class=\"alignnone size-medium wp-image-12050\" src=\"https:\/\/baztan-bidasoa.com\/desarrollo\/wp-content\/uploads\/2019\/12\/lesaka2.jpg\" alt=\"\" width=\"300\" height=\"200\" \/><\/a><\/p>\n<p>&nbsp;<\/p>\n<p>Sin duda uno de los actos m\u00e1s esperados por los lesakarras el d\u00eda de San Ferm\u00edn es el del \u00abZubigainekoa\u00bb. Tras la misa, los \u00abezpatadantzaris\u00bb, con la banda y la corporaci\u00f3n, bajan hasta Eskol-Ttiki y all\u00ed, sobre los pretiles del r\u00edo On\u00edn bailan el Zubigainekoa.<\/p>\n<p>M\u00e1s informaci\u00f3n <a href=\"http:\/\/www.lesaka.eus\/es\/lugar-y-gentes\/patrimonio-historico-artistico\/fiestas\/san-fermines\/\">AQU\u00cd<\/a><\/p>\n<p>Los Sanfermines no s\u00f3lo se celebran en Pamplona. Baztan-Bidasoa tambi\u00e9n cuenta con localidades que honran a quien junto a San Francisco Javier, es copatr\u00f3n de Navarra. Entre ellas est\u00e1n Lesaka (Bortziriak) y tambi\u00e9n Azpilkueta (Baztan), cuna de la madre de San Francisco Javier.<\/p>\n","protected":false},"excerpt":{"rendered":"<p>Lesaka celebra los Sanfermines con el tradicional \u00abZubigainekoa\u00bb, un tratado de paz que llega con novedades\u00a0 El 7 de julio, d\u00eda de San Ferm\u00edn, Lesaka celebra el d\u00eda grande de las fiestas.\u00a0 El acto m\u00e1s\u00a0 esperado por los lesakarras es, sin duda, el \u00abZubigainekoa\u00bb, el baile que los \u00abezpatadantzaris\u00bb bailan sobre las orillas del r\u00edo [&hellip;]<\/p>\n","protected":false},"author":3,"featured_media":22721,"comment_status":"open","ping_status":"open","sticky":false,"template":"","format":"standard","meta":[],"categories":[237,235],"tags":[746,383,748,750,496,319,752],"acf":[],"yoast_head":"<!-- This site is optimized with the Yoast SEO plugin v19.10 - https:\/\/yoast.com\/wordpress\/plugins\/seo\/ -->\n<title>Zubigainekoa, tratado de paz -Lesaka - Baztan Bidasoa Turismoa<\/title>\n<meta name=\"description\" content=\"El 7 de julio, los &quot;ezpatadantzaris&quot; bailan el &quot;Zubigainekoa&quot;. Por primera vez en la historia este a\u00f1o tres chicas se suman al grupo. Igualdad.\" \/>\n<meta name=\"robots\" content=\"index, follow, max-snippet:-1, max-image-preview:large, max-video-preview:-1\" \/>\n<link rel=\"canonical\" href=\"https:\/\/baztan-bidasoa.com\/desarrollo\/zubigainekoa-un-baile-hacia-la-igualdad\/\" \/>\n<meta property=\"og:locale\" content=\"es_ES\" \/>\n<meta property=\"og:type\" content=\"article\" \/>\n<meta property=\"og:title\" content=\"Zubigainekoa, tratado de paz -Lesaka - Baztan Bidasoa Turismoa\" \/>\n<meta property=\"og:description\" content=\"El 7 de julio, los &quot;ezpatadantzaris&quot; bailan el &quot;Zubigainekoa&quot;. Por primera vez en la historia este a\u00f1o tres chicas se suman al grupo. Igualdad.\" \/>\n<meta property=\"og:url\" content=\"https:\/\/baztan-bidasoa.com\/desarrollo\/zubigainekoa-un-baile-hacia-la-igualdad\/\" \/>\n<meta property=\"og:site_name\" content=\"Baztan Bidasoa Turismoa\" \/>\n<meta property=\"article:published_time\" content=\"2019-07-01T00:00:00+00:00\" \/>\n<meta property=\"og:image\" content=\"https:\/\/baztan-bidasoa.com\/desarrollo\/wp-content\/uploads\/2020\/04\/Lesaka2-4-scaled.jpg\" \/>\n\t<meta property=\"og:image:width\" content=\"2560\" \/>\n\t<meta property=\"og:image:height\" content=\"1707\" \/>\n\t<meta property=\"og:image:type\" content=\"image\/jpeg\" \/>\n<meta name=\"author\" content=\"mktpamplona2\" \/>\n<meta name=\"twitter:card\" content=\"summary_large_image\" \/>\n<meta name=\"twitter:label1\" content=\"Escrito por\" \/>\n\t<meta name=\"twitter:data1\" content=\"mktpamplona2\" \/>\n\t<meta name=\"twitter:label2\" content=\"Tiempo de lectura\" \/>\n\t<meta name=\"twitter:data2\" content=\"1 minuto\" \/>\n<script type=\"application\/ld+json\" class=\"yoast-schema-graph\">{\"@context\":\"https:\/\/schema.org\",\"@graph\":[{\"@type\":\"WebPage\",\"@id\":\"https:\/\/baztan-bidasoa.com\/desarrollo\/zubigainekoa-un-baile-hacia-la-igualdad\/\",\"url\":\"https:\/\/baztan-bidasoa.com\/desarrollo\/zubigainekoa-un-baile-hacia-la-igualdad\/\",\"name\":\"Zubigainekoa, tratado de paz -Lesaka - Baztan Bidasoa Turismoa\",\"isPartOf\":{\"@id\":\"https:\/\/baztan-bidasoa.com\/desarrollo\/#website\"},\"datePublished\":\"2019-07-01T00:00:00+00:00\",\"dateModified\":\"2019-07-01T00:00:00+00:00\",\"author\":{\"@id\":\"https:\/\/baztan-bidasoa.com\/desarrollo\/#\/schema\/person\/ec297d7c7c08a77e7ac6292c2b940e42\"},\"description\":\"El 7 de julio, los \\\"ezpatadantzaris\\\" bailan el \\\"Zubigainekoa\\\". Por primera vez en la historia este a\u00f1o tres chicas se suman al grupo. Igualdad.\",\"breadcrumb\":{\"@id\":\"https:\/\/baztan-bidasoa.com\/desarrollo\/zubigainekoa-un-baile-hacia-la-igualdad\/#breadcrumb\"},\"inLanguage\":\"es\",\"potentialAction\":[{\"@type\":\"ReadAction\",\"target\":[\"https:\/\/baztan-bidasoa.com\/desarrollo\/zubigainekoa-un-baile-hacia-la-igualdad\/\"]}]},{\"@type\":\"BreadcrumbList\",\"@id\":\"https:\/\/baztan-bidasoa.com\/desarrollo\/zubigainekoa-un-baile-hacia-la-igualdad\/#breadcrumb\",\"itemListElement\":[{\"@type\":\"ListItem\",\"position\":1,\"name\":\"Portada\",\"item\":\"https:\/\/baztan-bidasoa.com\/desarrollo\/\"},{\"@type\":\"ListItem\",\"position\":2,\"name\":\"Zubigainekoa, un baile hacia la igualdad\"}]},{\"@type\":\"WebSite\",\"@id\":\"https:\/\/baztan-bidasoa.com\/desarrollo\/#website\",\"url\":\"https:\/\/baztan-bidasoa.com\/desarrollo\/\",\"name\":\"Baztan Bidasoa Turismoa\",\"description\":\"Asociaci\u00f3n Tur\u00edstica Baztan-Bidasoa Turismo Elkartea\",\"potentialAction\":[{\"@type\":\"SearchAction\",\"target\":{\"@type\":\"EntryPoint\",\"urlTemplate\":\"https:\/\/baztan-bidasoa.com\/desarrollo\/?s={search_term_string}\"},\"query-input\":\"required name=search_term_string\"}],\"inLanguage\":\"es\"},{\"@type\":\"Person\",\"@id\":\"https:\/\/baztan-bidasoa.com\/desarrollo\/#\/schema\/person\/ec297d7c7c08a77e7ac6292c2b940e42\",\"name\":\"mktpamplona2\",\"image\":{\"@type\":\"ImageObject\",\"inLanguage\":\"es\",\"@id\":\"https:\/\/baztan-bidasoa.com\/desarrollo\/#\/schema\/person\/image\/\",\"url\":\"https:\/\/secure.gravatar.com\/avatar\/132223b7affa4daaa3f3ea2b5597a64f?s=96&d=mm&r=g\",\"contentUrl\":\"https:\/\/secure.gravatar.com\/avatar\/132223b7affa4daaa3f3ea2b5597a64f?s=96&d=mm&r=g\",\"caption\":\"mktpamplona2\"}}]}<\/script>\n<!-- \/ Yoast SEO plugin. -->","yoast_head_json":{"title":"Zubigainekoa, tratado de paz -Lesaka - Baztan Bidasoa Turismoa","description":"El 7 de julio, los \"ezpatadantzaris\" bailan el \"Zubigainekoa\". Por primera vez en la historia este a\u00f1o tres chicas se suman al grupo. Igualdad.","robots":{"index":"index","follow":"follow","max-snippet":"max-snippet:-1","max-image-preview":"max-image-preview:large","max-video-preview":"max-video-preview:-1"},"canonical":"https:\/\/baztan-bidasoa.com\/desarrollo\/zubigainekoa-un-baile-hacia-la-igualdad\/","og_locale":"es_ES","og_type":"article","og_title":"Zubigainekoa, tratado de paz -Lesaka - Baztan Bidasoa Turismoa","og_description":"El 7 de julio, los \"ezpatadantzaris\" bailan el \"Zubigainekoa\". Por primera vez en la historia este a\u00f1o tres chicas se suman al grupo. Igualdad.","og_url":"https:\/\/baztan-bidasoa.com\/desarrollo\/zubigainekoa-un-baile-hacia-la-igualdad\/","og_site_name":"Baztan Bidasoa Turismoa","article_published_time":"2019-07-01T00:00:00+00:00","og_image":[{"width":2560,"height":1707,"url":"https:\/\/baztan-bidasoa.com\/desarrollo\/wp-content\/uploads\/2020\/04\/Lesaka2-4-scaled.jpg","type":"image\/jpeg"}],"author":"mktpamplona2","twitter_card":"summary_large_image","twitter_misc":{"Escrito por":"mktpamplona2","Tiempo de lectura":"1 minuto"},"schema":{"@context":"https:\/\/schema.org","@graph":[{"@type":"WebPage","@id":"https:\/\/baztan-bidasoa.com\/desarrollo\/zubigainekoa-un-baile-hacia-la-igualdad\/","url":"https:\/\/baztan-bidasoa.com\/desarrollo\/zubigainekoa-un-baile-hacia-la-igualdad\/","name":"Zubigainekoa, tratado de paz -Lesaka - Baztan Bidasoa Turismoa","isPartOf":{"@id":"https:\/\/baztan-bidasoa.com\/desarrollo\/#website"},"datePublished":"2019-07-01T00:00:00+00:00","dateModified":"2019-07-01T00:00:00+00:00","author":{"@id":"https:\/\/baztan-bidasoa.com\/desarrollo\/#\/schema\/person\/ec297d7c7c08a77e7ac6292c2b940e42"},"description":"El 7 de julio, los \"ezpatadantzaris\" bailan el \"Zubigainekoa\". Por primera vez en la historia este a\u00f1o tres chicas se suman al grupo. Igualdad.","breadcrumb":{"@id":"https:\/\/baztan-bidasoa.com\/desarrollo\/zubigainekoa-un-baile-hacia-la-igualdad\/#breadcrumb"},"inLanguage":"es","potentialAction":[{"@type":"ReadAction","target":["https:\/\/baztan-bidasoa.com\/desarrollo\/zubigainekoa-un-baile-hacia-la-igualdad\/"]}]},{"@type":"BreadcrumbList","@id":"https:\/\/baztan-bidasoa.com\/desarrollo\/zubigainekoa-un-baile-hacia-la-igualdad\/#breadcrumb","itemListElement":[{"@type":"ListItem","position":1,"name":"Portada","item":"https:\/\/baztan-bidasoa.com\/desarrollo\/"},{"@type":"ListItem","position":2,"name":"Zubigainekoa, un baile hacia la igualdad"}]},{"@type":"WebSite","@id":"https:\/\/baztan-bidasoa.com\/desarrollo\/#website","url":"https:\/\/baztan-bidasoa.com\/desarrollo\/","name":"Baztan Bidasoa Turismoa","description":"Asociaci\u00f3n Tur\u00edstica Baztan-Bidasoa Turismo Elkartea","potentialAction":[{"@type":"SearchAction","target":{"@type":"EntryPoint","urlTemplate":"https:\/\/baztan-bidasoa.com\/desarrollo\/?s={search_term_string}"},"query-input":"required name=search_term_string"}],"inLanguage":"es"},{"@type":"Person","@id":"https:\/\/baztan-bidasoa.com\/desarrollo\/#\/schema\/person\/ec297d7c7c08a77e7ac6292c2b940e42","name":"mktpamplona2","image":{"@type":"ImageObject","inLanguage":"es","@id":"https:\/\/baztan-bidasoa.com\/desarrollo\/#\/schema\/person\/image\/","url":"https:\/\/secure.gravatar.com\/avatar\/132223b7affa4daaa3f3ea2b5597a64f?s=96&d=mm&r=g","contentUrl":"https:\/\/secure.gravatar.com\/avatar\/132223b7affa4daaa3f3ea2b5597a64f?s=96&d=mm&r=g","caption":"mktpamplona2"}}]}},"_links":{"self":[{"href":"https:\/\/baztan-bidasoa.com\/desarrollo\/wp-json\/wp\/v2\/posts\/22720"}],"collection":[{"href":"https:\/\/baztan-bidasoa.com\/desarrollo\/wp-json\/wp\/v2\/posts"}],"about":[{"href":"https:\/\/baztan-bidasoa.com\/desarrollo\/wp-json\/wp\/v2\/types\/post"}],"author":[{"embeddable":true,"href":"https:\/\/baztan-bidasoa.com\/desarrollo\/wp-json\/wp\/v2\/users\/3"}],"replies":[{"embeddable":true,"href":"https:\/\/baztan-bidasoa.com\/desarrollo\/wp-json\/wp\/v2\/comments?post=22720"}],"version-history":[{"count":0,"href":"https:\/\/baztan-bidasoa.com\/desarrollo\/wp-json\/wp\/v2\/posts\/22720\/revisions"}],"wp:featuredmedia":[{"embeddable":true,"href":"https:\/\/baztan-bidasoa.com\/desarrollo\/wp-json\/wp\/v2\/media\/22721"}],"wp:attachment":[{"href":"https:\/\/baztan-bidasoa.com\/desarrollo\/wp-json\/wp\/v2\/media?parent=22720"}],"wp:term":[{"taxonomy":"category","embeddable":true,"href":"https:\/\/baztan-bidasoa.com\/desarrollo\/wp-json\/wp\/v2\/categories?post=22720"},{"taxonomy":"post_tag","embeddable":true,"href":"https:\/\/baztan-bidasoa.com\/desarrollo\/wp-json\/wp\/v2\/tags?post=22720"}],"curies":[{"name":"wp","href":"https:\/\/api.w.org\/{rel}","templated":true}]}}