{"id":22712,"date":"2019-07-05T00:00:00","date_gmt":"2019-07-05T00:00:00","guid":{"rendered":"https:\/\/baztan-bidasoa.com\/desarrollo\/nos-vamos-de-ruta-por-arizkun-erratzu-y-elizondo\/"},"modified":"2019-07-05T00:00:00","modified_gmt":"2019-07-05T00:00:00","slug":"nos-vamos-de-ruta-por-arizkun-erratzu-y-elizondo","status":"publish","type":"post","link":"https:\/\/baztan-bidasoa.com\/desarrollo\/nos-vamos-de-ruta-por-arizkun-erratzu-y-elizondo\/","title":{"rendered":"Nos vamos de ruta por Arizkun, Erratzu y Elizondo"},"content":{"rendered":"<h2>Un recorrido, con 13 paradas, que nos lleva a distintos lugares<\/h2>\n<h5>Para este inicio de julio hemos optado por un recorrido diferente, un recorrido con parada en Arizkun, Erratzu y Elizondo estaciones de \u00abla Ruta del Arte\u00bb<\/h5>\n<p>No descubrimos nada nuevo si decimos que Baztan-Bidasoa es una comarca pict\u00f3rica. El paisaje es uno de los atractivos de nuestra comarca y los artistas no son ajenos a semejante belleza. La Naturaleza, las costumbres, los ritos y la mitolog\u00eda han inspirado e inspiran obras pict\u00f3ricas y escult\u00f3ricas de artistas como Jos\u00e9 M\u00aa Apezetxea, Ana Mar\u00edn, Tom\u00e1s Sobrino, Lesagibel o Xabier Santxotena.<\/p>\n<p>\u00a1Dec\u00e1rgate <a href=\"https:\/\/baztan-bidasoa.com\/desarrollo\/wp-content\/uploads\/2019\/06\/artearenibilbideaerresoluzio-baxuan.pdf\">AQU\u00cd<\/a> el folleto y descubre Baztan-Bidasoa a trav\u00e9s del Arte!<\/p>\n<h2>Viaja con nosotros<\/h2>\n<p>Aprovecharemos la Ruta del Arte para conocer Erratzu y Arizkun, en el Valle de Baztan.<\/p>\n<p><a href=\"https:\/\/baztan-bidasoa.com\/desarrollo\/baztan-bidasoa\/valle-de-baztan\/erratzu\/\">Erratzu<\/a>\u00a0ser\u00e1 nuestro punto de partida. Una vez llegamos al pueblo aparcaremos el veh\u00edculo en el parking de la entrada y andando nos dirigiremos hacia la plaza. All\u00ed encontramos la casa Zubietea, casa natal de Jos\u00e9 Mari Apezetxea, pintor baztan\u00e9s fallecido hace dos a\u00f1os.<\/p>\n<figure id=\"attachment_14015\" aria-describedby=\"caption-attachment-14015\" style=\"width: 316px\" class=\"wp-caption alignleft\"><a href=\"https:\/\/baztan-bidasoa.com\/desarrollo\/wp-content\/uploads\/2020\/01\/jose-mari.jpg\"><img decoding=\"async\" loading=\"lazy\" class=\" wp-image-14015\" src=\"https:\/\/baztan-bidasoa.com\/desarrollo\/wp-content\/uploads\/2020\/01\/jose-mari.jpg\" alt=\"La Ruta del Arte\" width=\"316\" height=\"436\" data-wp-pid=\"14015\" \/><\/a><figcaption id=\"caption-attachment-14015\" class=\"wp-caption-text\">La Ruta del Arte<\/figcaption><\/figure>\n<h5>Unas pinceladas sobre el maestro<\/h5>\n<p>Jos\u00e9 Mari Apezetxea (Erratzu 1927-2017), fue alumno del gran pintor Javier Ciga y compa\u00f1ero de Ismael Fidalgo, con quien mont\u00f3 un taller en Elizondo. Junto a la pintora elizondarra Ana Mari Mar\u00edn, conformar\u00edan el n\u00facleo de \u00abBaztango Margolariak\u00bb o \u00abPintores de Baztan\u00bb. Apezetxea fue asimismo integrante del grupo \u00abPintores del Bidasoa\u00bb, creado por Javier Ciga e Ismael Fidalgo\u00a0a finales del siglo XIX y principios del XX.<\/p>\n<p>\u00c9l ya no est\u00e1, pero s\u00ed su obra. La exposici\u00f3n de este a\u00f1o, ser\u00e1 al igual que la del a\u00f1o pasado, un homenaje al maestro. (Del 2 al 18 de agosto)<\/p>\n<p>En Erratzu podremos visitar tambi\u00e9n las exposiciones de pintura de Diana Iniesta y Roque Lasa. <a href=\"https:\/\/baztan-bidasoa.com\/desarrollo\/wp-content\/uploads\/2019\/07\/artearenibilbideaerresoluzio-baxuan.pdf\">(Ver folleto)<\/a><\/p>\n<p>No ha sido casual iniciar el recorrido en Erratzu, pues es en esta localidad donde se encuentra la <a href=\"https:\/\/baztan-bidasoa.com\/desarrollo\/xorroxin-nacedero-del-bidasoa\/\">Cascada de Xorroxin<\/a>, el nacedero del R\u00edo Bidasoa, el r\u00edo que vertebra toda la comarca, desde Erratzu, hasta Hondarribia.<\/p>\n<p>&nbsp;<\/p>\n<h5>Cascada de Xorroxin<\/h5>\n<p>Bien merece la pena el paseo hasta la cascada.Un recorrido de 7 kil\u00f3metros (ida y vuelta), f\u00e1cil de hacer con ni\u00f1@s. (El camino no est\u00e1 adaptado para discapacitad@s)<\/p>\n<figure id=\"attachment_4163\" aria-describedby=\"caption-attachment-4163\" style=\"width: 306px\" class=\"wp-caption alignleft\"><a href=\"https:\/\/baztan-bidasoa.com\/desarrollo\/wp-content\/uploads\/2020\/04\/cascada-de-xorroxin.jpg\"><img decoding=\"async\" loading=\"lazy\" class=\" wp-image-4163\" src=\"https:\/\/baztan-bidasoa.com\/desarrollo\/wp-content\/uploads\/2020\/04\/cascada-de-xorroxin.jpg\" alt=\"Cascada de Xorroxin\" width=\"306\" height=\"202\" data-wp-pid=\"4163\" \/><\/a><figcaption id=\"caption-attachment-4163\" class=\"wp-caption-text\">Cascada de Xorroxin, Erratzu, Valle de Baztan<\/figcaption><\/figure>\n<p>Tras la caminata, nada mejor que reponer fuerzas y l\u00edquidos en la terraza de <a href=\"https:\/\/baztan-bidasoa.com\/desarrollo\/kastonea-erratzu\/\">Kastonea<\/a>, en la plaza del pueblo. Un bar-restaurante con especialidad en comida casera. Idoia y Xanti te cuidar\u00e1n como a un rey.<\/p>\n<h5>Bozate y el Palacio de Urs\u00faa<\/h5>\n<p>Otra opci\u00f3n puede ser dirigirse hacia Arizkun y seguir la visita art\u00edstica con parada en el barrio de Bozate, donde se encuentra el Parque escult\u00f3rico de Xabier Santxotena. En el parque, adem\u00e1s de con las esculturas del artista baztandarra podremos disfrutar con la pintura de Teresa Lafragua. El parque es un lugar ideal para disfrutar del Arte y de la Naturaleza al aire libre.<\/p>\n<p>En el barrio de Bozate no podemos dejar de visitar el Palacio de Urs\u00faa, cuna de Pedro de Urs\u00faa (1526-1561). Fue fundador del municipio colombiano de Pamplona en Norte de Santander y nombrado por el virrey Andr\u00e9s Hurtado de Mendoza al frente de una expedici\u00f3n en busca del reino imaginario de El\u00a0<em>Dorado. <\/em>Pedro de Urs\u00faa,\u00a0asesinado cuando dirig\u00eda una expedici\u00f3n por los r\u00edos Mara\u00f1\u00f3n y Amazonas, fue sucedido por Lope de Aguirre.<\/p>\n<p>Dejando atr\u00e1s el barrio de Bozate, en la rotonda hay dos opciones:\u00a0\u00a0tomar direcci\u00f3n a <a href=\"https:\/\/baztan-bidasoa.com\/desarrollo\/baztan-bidasoa\/valle-de-baztan\/arizkun\/\">Arizkun<\/a> o dirigirse al barrio Ordoki.<\/p>\n<p>Para degustar la gastronom\u00eda de la zona, la recomendaci\u00f3n es parar en\u00a0<a href=\"https:\/\/baztan-bidasoa.com\/desarrollo\/ordoki-asador-arizkun\/\">Asador Ordoki,<\/a>\u00a0especialistas en carne a la parrilla. A la carta o de men\u00fa, t\u00fa eliges.<\/p>\n<p>Y si eres amante de la h\u00edpica, este es tu lugar.\u00a0 <a href=\"https:\/\/baztan-bidasoa.com\/desarrollo\/ordoki-zalditegia-arizkun\/\">H\u00edpica Ordoki Zalditegia,<\/a> ofrece recorridos a la carta y excursiones a caballo para conocer Baztan al paso, al trote o al galope.<\/p>\n<h5>Arizkun<\/h5>\n<p>Recuerda que nos hemos desviado hacia el barrio Ordoki, pero la otra opci\u00f3n es, en la rotonda, tomar direcci\u00f3n\u00a0<a href=\"https:\/\/baztan-bidasoa.com\/desarrollo\/baztan-bidasoa\/valle-de-baztan\/arizkun\/\">Arizkun,<\/a>\u00a0donde destacan el conocido como Convento de las Clarisas (Convento de Nuestra Se\u00f1ora de los \u00c1ngeles), edificio del siglo XVIII de imponente fachada barroca con un escudo de grandes dimensiones; y la iglesia de San Juan Bautista. En Arizkun realizamos hoy nuestra \u00faltima parada por este recorrido entre pueblos y exposiciones con una visita a la muestra el pintor Xabier Soubelet. Parada y fonda, con un refigerio en Fonda Etxeberria.<\/p>\n<h5>Elizondo<\/h5>\n<p>La \u00abRuta del Arte\u00bb nos invita a seguir el recorrido hasta <a href=\"https:\/\/baztan-bidasoa.com\/desarrollo\/baztan-bidasoa\/valle-de-baztan\/elizondo\/\">Elizondo<\/a>, cabecera del Valle de Baztan y localidad donde se concentra la mayor\u00eda de establecimientos de servicios. Nuestra visita se adentrar\u00e1 en la parte m\u00e1s antigua del pueblo entre las calles Jaime Urrutia y Braulio Iriarte, con una visita a la calle principal, la Calle Santiago. E<\/p>\n<p>En la Calle Jaime Urrutia podremos ver las diferentes exposiciones de nuestra particular \u00abRuta\u00bb. Aqu\u00ed exponen los pintores Jos\u00e9 Luis Alzugaray, Eva Irazoki, Manuel Bermejo, Miquel Caza\u00f1a, Tom\u00e1s Sobrino y el escultor Lesagibel. Por su parte, la pintora elizondarra Ana Mari Mar\u00edn expone en su casa, en Vergarenea. <a href=\"https:\/\/baztan-bidasoa.com\/desarrollo\/wp-content\/uploads\/2019\/07\/artearenibilbideaerresoluzio-baxuan.pdf\">(Ver folleto)<\/a><\/p>\n<p>\u00a1Buen viaje!<\/p>\n<p>&nbsp;<\/p>\n","protected":false},"excerpt":{"rendered":"<p>Un recorrido, con 13 paradas, que nos lleva a distintos lugares Para este inicio de julio hemos optado por un recorrido diferente, un recorrido con parada en Arizkun, Erratzu y Elizondo estaciones de \u00abla Ruta del Arte\u00bb No descubrimos nada nuevo si decimos que Baztan-Bidasoa es una comarca pict\u00f3rica. El paisaje es uno de los [&hellip;]<\/p>\n","protected":false},"author":3,"featured_media":22682,"comment_status":"open","ping_status":"open","sticky":false,"template":"","format":"standard","meta":[],"categories":[235,738],"tags":[351,740,558,742,744,279,319],"acf":[],"yoast_head":"<!-- This site is optimized with the Yoast SEO plugin v19.10 - https:\/\/yoast.com\/wordpress\/plugins\/seo\/ -->\n<title>Nos vamos de ruta por Arizkun, Erratzu y Elizondo - Baztan Bidasoa Turismoa<\/title>\n<meta name=\"robots\" content=\"index, follow, max-snippet:-1, max-image-preview:large, max-video-preview:-1\" \/>\n<link rel=\"canonical\" href=\"https:\/\/baztan-bidasoa.com\/desarrollo\/nos-vamos-de-ruta-por-arizkun-erratzu-y-elizondo\/\" \/>\n<meta property=\"og:locale\" content=\"es_ES\" \/>\n<meta property=\"og:type\" content=\"article\" \/>\n<meta property=\"og:title\" content=\"Nos vamos de ruta por Arizkun, Erratzu y Elizondo - Baztan Bidasoa Turismoa\" \/>\n<meta property=\"og:description\" content=\"Un recorrido, con 13 paradas, que nos lleva a distintos lugares Para este inicio de julio hemos optado por un recorrido diferente, un recorrido con parada en Arizkun, Erratzu y Elizondo estaciones de \u00abla Ruta del Arte\u00bb No descubrimos nada nuevo si decimos que Baztan-Bidasoa es una comarca pict\u00f3rica. El paisaje es uno de los [&hellip;]\" \/>\n<meta property=\"og:url\" content=\"https:\/\/baztan-bidasoa.com\/desarrollo\/nos-vamos-de-ruta-por-arizkun-erratzu-y-elizondo\/\" \/>\n<meta property=\"og:site_name\" content=\"Baztan Bidasoa Turismoa\" \/>\n<meta property=\"article:published_time\" content=\"2019-07-05T00:00:00+00:00\" \/>\n<meta property=\"og:image\" content=\"https:\/\/baztan-bidasoa.com\/desarrollo\/wp-content\/uploads\/2020\/04\/P1070241-scaled.jpg\" \/>\n\t<meta property=\"og:image:width\" content=\"2560\" \/>\n\t<meta property=\"og:image:height\" content=\"1920\" \/>\n\t<meta property=\"og:image:type\" content=\"image\/jpeg\" \/>\n<meta name=\"author\" content=\"mktpamplona2\" \/>\n<meta name=\"twitter:card\" content=\"summary_large_image\" \/>\n<meta name=\"twitter:label1\" content=\"Escrito por\" \/>\n\t<meta name=\"twitter:data1\" content=\"mktpamplona2\" \/>\n\t<meta name=\"twitter:label2\" content=\"Tiempo de lectura\" \/>\n\t<meta name=\"twitter:data2\" content=\"5 minutos\" \/>\n<script type=\"application\/ld+json\" class=\"yoast-schema-graph\">{\"@context\":\"https:\/\/schema.org\",\"@graph\":[{\"@type\":\"WebPage\",\"@id\":\"https:\/\/baztan-bidasoa.com\/desarrollo\/nos-vamos-de-ruta-por-arizkun-erratzu-y-elizondo\/\",\"url\":\"https:\/\/baztan-bidasoa.com\/desarrollo\/nos-vamos-de-ruta-por-arizkun-erratzu-y-elizondo\/\",\"name\":\"Nos vamos de ruta por Arizkun, Erratzu y Elizondo - Baztan Bidasoa Turismoa\",\"isPartOf\":{\"@id\":\"https:\/\/baztan-bidasoa.com\/desarrollo\/#website\"},\"datePublished\":\"2019-07-05T00:00:00+00:00\",\"dateModified\":\"2019-07-05T00:00:00+00:00\",\"author\":{\"@id\":\"https:\/\/baztan-bidasoa.com\/desarrollo\/#\/schema\/person\/ec297d7c7c08a77e7ac6292c2b940e42\"},\"breadcrumb\":{\"@id\":\"https:\/\/baztan-bidasoa.com\/desarrollo\/nos-vamos-de-ruta-por-arizkun-erratzu-y-elizondo\/#breadcrumb\"},\"inLanguage\":\"es\",\"potentialAction\":[{\"@type\":\"ReadAction\",\"target\":[\"https:\/\/baztan-bidasoa.com\/desarrollo\/nos-vamos-de-ruta-por-arizkun-erratzu-y-elizondo\/\"]}]},{\"@type\":\"BreadcrumbList\",\"@id\":\"https:\/\/baztan-bidasoa.com\/desarrollo\/nos-vamos-de-ruta-por-arizkun-erratzu-y-elizondo\/#breadcrumb\",\"itemListElement\":[{\"@type\":\"ListItem\",\"position\":1,\"name\":\"Portada\",\"item\":\"https:\/\/baztan-bidasoa.com\/desarrollo\/\"},{\"@type\":\"ListItem\",\"position\":2,\"name\":\"Nos vamos de ruta por Arizkun, Erratzu y Elizondo\"}]},{\"@type\":\"WebSite\",\"@id\":\"https:\/\/baztan-bidasoa.com\/desarrollo\/#website\",\"url\":\"https:\/\/baztan-bidasoa.com\/desarrollo\/\",\"name\":\"Baztan Bidasoa Turismoa\",\"description\":\"Asociaci\u00f3n Tur\u00edstica Baztan-Bidasoa Turismo Elkartea\",\"potentialAction\":[{\"@type\":\"SearchAction\",\"target\":{\"@type\":\"EntryPoint\",\"urlTemplate\":\"https:\/\/baztan-bidasoa.com\/desarrollo\/?s={search_term_string}\"},\"query-input\":\"required name=search_term_string\"}],\"inLanguage\":\"es\"},{\"@type\":\"Person\",\"@id\":\"https:\/\/baztan-bidasoa.com\/desarrollo\/#\/schema\/person\/ec297d7c7c08a77e7ac6292c2b940e42\",\"name\":\"mktpamplona2\",\"image\":{\"@type\":\"ImageObject\",\"inLanguage\":\"es\",\"@id\":\"https:\/\/baztan-bidasoa.com\/desarrollo\/#\/schema\/person\/image\/\",\"url\":\"https:\/\/secure.gravatar.com\/avatar\/132223b7affa4daaa3f3ea2b5597a64f?s=96&d=mm&r=g\",\"contentUrl\":\"https:\/\/secure.gravatar.com\/avatar\/132223b7affa4daaa3f3ea2b5597a64f?s=96&d=mm&r=g\",\"caption\":\"mktpamplona2\"}}]}<\/script>\n<!-- \/ Yoast SEO plugin. -->","yoast_head_json":{"title":"Nos vamos de ruta por Arizkun, Erratzu y Elizondo - Baztan Bidasoa Turismoa","robots":{"index":"index","follow":"follow","max-snippet":"max-snippet:-1","max-image-preview":"max-image-preview:large","max-video-preview":"max-video-preview:-1"},"canonical":"https:\/\/baztan-bidasoa.com\/desarrollo\/nos-vamos-de-ruta-por-arizkun-erratzu-y-elizondo\/","og_locale":"es_ES","og_type":"article","og_title":"Nos vamos de ruta por Arizkun, Erratzu y Elizondo - Baztan Bidasoa Turismoa","og_description":"Un recorrido, con 13 paradas, que nos lleva a distintos lugares Para este inicio de julio hemos optado por un recorrido diferente, un recorrido con parada en Arizkun, Erratzu y Elizondo estaciones de \u00abla Ruta del Arte\u00bb No descubrimos nada nuevo si decimos que Baztan-Bidasoa es una comarca pict\u00f3rica. El paisaje es uno de los [&hellip;]","og_url":"https:\/\/baztan-bidasoa.com\/desarrollo\/nos-vamos-de-ruta-por-arizkun-erratzu-y-elizondo\/","og_site_name":"Baztan Bidasoa Turismoa","article_published_time":"2019-07-05T00:00:00+00:00","og_image":[{"width":2560,"height":1920,"url":"https:\/\/baztan-bidasoa.com\/desarrollo\/wp-content\/uploads\/2020\/04\/P1070241-scaled.jpg","type":"image\/jpeg"}],"author":"mktpamplona2","twitter_card":"summary_large_image","twitter_misc":{"Escrito por":"mktpamplona2","Tiempo de lectura":"5 minutos"},"schema":{"@context":"https:\/\/schema.org","@graph":[{"@type":"WebPage","@id":"https:\/\/baztan-bidasoa.com\/desarrollo\/nos-vamos-de-ruta-por-arizkun-erratzu-y-elizondo\/","url":"https:\/\/baztan-bidasoa.com\/desarrollo\/nos-vamos-de-ruta-por-arizkun-erratzu-y-elizondo\/","name":"Nos vamos de ruta por Arizkun, Erratzu y Elizondo - Baztan Bidasoa Turismoa","isPartOf":{"@id":"https:\/\/baztan-bidasoa.com\/desarrollo\/#website"},"datePublished":"2019-07-05T00:00:00+00:00","dateModified":"2019-07-05T00:00:00+00:00","author":{"@id":"https:\/\/baztan-bidasoa.com\/desarrollo\/#\/schema\/person\/ec297d7c7c08a77e7ac6292c2b940e42"},"breadcrumb":{"@id":"https:\/\/baztan-bidasoa.com\/desarrollo\/nos-vamos-de-ruta-por-arizkun-erratzu-y-elizondo\/#breadcrumb"},"inLanguage":"es","potentialAction":[{"@type":"ReadAction","target":["https:\/\/baztan-bidasoa.com\/desarrollo\/nos-vamos-de-ruta-por-arizkun-erratzu-y-elizondo\/"]}]},{"@type":"BreadcrumbList","@id":"https:\/\/baztan-bidasoa.com\/desarrollo\/nos-vamos-de-ruta-por-arizkun-erratzu-y-elizondo\/#breadcrumb","itemListElement":[{"@type":"ListItem","position":1,"name":"Portada","item":"https:\/\/baztan-bidasoa.com\/desarrollo\/"},{"@type":"ListItem","position":2,"name":"Nos vamos de ruta por Arizkun, Erratzu y Elizondo"}]},{"@type":"WebSite","@id":"https:\/\/baztan-bidasoa.com\/desarrollo\/#website","url":"https:\/\/baztan-bidasoa.com\/desarrollo\/","name":"Baztan Bidasoa Turismoa","description":"Asociaci\u00f3n Tur\u00edstica Baztan-Bidasoa Turismo Elkartea","potentialAction":[{"@type":"SearchAction","target":{"@type":"EntryPoint","urlTemplate":"https:\/\/baztan-bidasoa.com\/desarrollo\/?s={search_term_string}"},"query-input":"required name=search_term_string"}],"inLanguage":"es"},{"@type":"Person","@id":"https:\/\/baztan-bidasoa.com\/desarrollo\/#\/schema\/person\/ec297d7c7c08a77e7ac6292c2b940e42","name":"mktpamplona2","image":{"@type":"ImageObject","inLanguage":"es","@id":"https:\/\/baztan-bidasoa.com\/desarrollo\/#\/schema\/person\/image\/","url":"https:\/\/secure.gravatar.com\/avatar\/132223b7affa4daaa3f3ea2b5597a64f?s=96&d=mm&r=g","contentUrl":"https:\/\/secure.gravatar.com\/avatar\/132223b7affa4daaa3f3ea2b5597a64f?s=96&d=mm&r=g","caption":"mktpamplona2"}}]}},"_links":{"self":[{"href":"https:\/\/baztan-bidasoa.com\/desarrollo\/wp-json\/wp\/v2\/posts\/22712"}],"collection":[{"href":"https:\/\/baztan-bidasoa.com\/desarrollo\/wp-json\/wp\/v2\/posts"}],"about":[{"href":"https:\/\/baztan-bidasoa.com\/desarrollo\/wp-json\/wp\/v2\/types\/post"}],"author":[{"embeddable":true,"href":"https:\/\/baztan-bidasoa.com\/desarrollo\/wp-json\/wp\/v2\/users\/3"}],"replies":[{"embeddable":true,"href":"https:\/\/baztan-bidasoa.com\/desarrollo\/wp-json\/wp\/v2\/comments?post=22712"}],"version-history":[{"count":0,"href":"https:\/\/baztan-bidasoa.com\/desarrollo\/wp-json\/wp\/v2\/posts\/22712\/revisions"}],"wp:featuredmedia":[{"embeddable":true,"href":"https:\/\/baztan-bidasoa.com\/desarrollo\/wp-json\/wp\/v2\/media\/22682"}],"wp:attachment":[{"href":"https:\/\/baztan-bidasoa.com\/desarrollo\/wp-json\/wp\/v2\/media?parent=22712"}],"wp:term":[{"taxonomy":"category","embeddable":true,"href":"https:\/\/baztan-bidasoa.com\/desarrollo\/wp-json\/wp\/v2\/categories?post=22712"},{"taxonomy":"post_tag","embeddable":true,"href":"https:\/\/baztan-bidasoa.com\/desarrollo\/wp-json\/wp\/v2\/tags?post=22712"}],"curies":[{"name":"wp","href":"https:\/\/api.w.org\/{rel}","templated":true}]}}