{"id":22705,"date":"2019-06-24T00:00:00","date_gmt":"2019-06-24T00:00:00","guid":{"rendered":"https:\/\/baztan-bidasoa.com\/desarrollo\/euskarazblai-udalekuak-en-marcha\/"},"modified":"2019-06-24T00:00:00","modified_gmt":"2019-06-24T00:00:00","slug":"euskarazblai-udalekuak-en-marcha","status":"publish","type":"post","link":"https:\/\/baztan-bidasoa.com\/desarrollo\/euskarazblai-udalekuak-en-marcha\/","title":{"rendered":"EuskarazBlai udalekuak \u00a1En marcha!"},"content":{"rendered":"<h1>Gozando el verano en Baztan-Bidasoa<\/h1>\n<p>Ya han llegado a los albergues\u00a0\u00a0<a href=\"https:\/\/bookingbaztan-bidasoa.com\/es\/resultados-de-busqueda\/arantzako-aterpea-i-ii?type=4&amp;pickup=&amp;pickoff=&amp;q=&amp;places=1+\">Aterpe,<\/a>\u00a0de Arantza y\u00a0<a href=\"https:\/\/bookingbaztan-bidasoa.com\/es\/resultados-de-busqueda\/albergue-de-beintza-orbela?type=4&amp;pickup=&amp;pickoff=&amp;q=&amp;places=1+\">Orbela,<\/a> de Beintza-Labaien\u00a0los primeros j\u00f3venes participantes de los Campamentos\u00a0 EuskarazBlai Udalekuak 2019.<\/p>\n<p>Este a\u00f1o, 650 chavales de entre 8-14 a\u00f1os disfrutar\u00e1n del verano en euskara, en plena naturaleza, aunando diversi\u00f3n y ocio, conociendo el modo de vida en las zonas rurales, aprendiendo a desenvolverse y haciendo nuevos amig@s.<\/p>\n<p><a href=\"https:\/\/baztan-bidasoa.com\/desarrollo\/wp-content\/uploads\/2020\/04\/Arropa-hedatzen.jpg\"><img decoding=\"async\" loading=\"lazy\" class=\"wp-image-13988 alignleft\" src=\"https:\/\/baztan-bidasoa.com\/desarrollo\/wp-content\/uploads\/2020\/04\/Arropa-hedatzen.jpg\" alt=\"\" width=\"460\" height=\"259\" data-wp-pid=\"13988\" \/><\/a><\/p>\n<figure id=\"attachment_13990\" aria-describedby=\"caption-attachment-13990\" style=\"width: 454px\" class=\"wp-caption alignleft\"><a href=\"https:\/\/baztan-bidasoa.com\/desarrollo\/wp-content\/uploads\/2020\/04\/gurasoen-bilera.jpg\"><img decoding=\"async\" loading=\"lazy\" class=\" wp-image-13990\" src=\"https:\/\/baztan-bidasoa.com\/desarrollo\/wp-content\/uploads\/2020\/04\/gurasoen-bilera.jpg\" alt=\"\" width=\"454\" height=\"256\" data-wp-pid=\"13990\" \/><\/a><figcaption id=\"caption-attachment-13990\" class=\"wp-caption-text\">EuskarazBlai Udalekuak, reuni\u00f3n con los padres<\/figcaption><\/figure>\n<p>El objetivo de estos campamentos es VIVIR en euskara, que el uso de nuestra lengua no quede limitado \u00fanicamente a las aulas, que sea nuestro idioma tambi\u00e9n en el ocio y en nuestro tiempo libre, que el euskara sirva para comunicarnos en el d\u00edas a d\u00eda para, disfrutar, jugar , relacionarnos.<\/p>\n<p>En estancias de una semana, los participantes realizar\u00e1n diferentes actividades como senderismo, espeleolog\u00eda, visitas al caser\u00edo, trepar por los \u00e1rboles, nadar en un pantano\u2026y sobre todo, podr\u00e1n convivir con otr@s ni\u00f1@s y disfrutar del verano en plena Naturaleza y en euskara. Se trata de que las relaciones\u00a0 diarias de nuestros hij@s se lleven a cabo en euskara.<\/p>\n<h6><span style=\"font-size: 32px;\">Por los caminos del contrabando<\/span><\/h6>\n<p>En esta edici\u00f3n tendr\u00e1 continuidad tambi\u00e9n \u201cKONTRABANDISTEN BIDEA, UDALEKU IBILTARIA\u201d o \u201cCampamento andante por los caminos de los contrabandistas\u201d, dirigido a j\u00f3venes de\u00a0entre 14 y 18 a\u00f1os y que discurre por los caminos de contrabando del siglo XX entre los albergues de Arritxulo (Oiartzun), Aterpe de Arantza y Beintza, y con diversas actividades en la Naturaleza.<\/p>\n<p>&nbsp;<\/p>\n","protected":false},"excerpt":{"rendered":"<p>Gozando el verano en Baztan-Bidasoa Ya han llegado a los albergues\u00a0\u00a0Aterpe,\u00a0de Arantza y\u00a0Orbela, de Beintza-Labaien\u00a0los primeros j\u00f3venes participantes de los Campamentos\u00a0 EuskarazBlai Udalekuak 2019. Este a\u00f1o, 650 chavales de entre 8-14 a\u00f1os disfrutar\u00e1n del verano en euskara, en plena naturaleza, aunando diversi\u00f3n y ocio, conociendo el modo de vida en las zonas rurales, aprendiendo a [&hellip;]<\/p>\n","protected":false},"author":3,"featured_media":22708,"comment_status":"open","ping_status":"open","sticky":false,"template":"","format":"standard","meta":[],"categories":[235],"tags":[734,736,285,345],"acf":[],"yoast_head":"<!-- This site is optimized with the Yoast SEO plugin v19.10 - https:\/\/yoast.com\/wordpress\/plugins\/seo\/ -->\n<title>Campamentos EuskarazBlai Udalekuak - Baztan Bidasoa Turismoa<\/title>\n<meta name=\"description\" content=\"Ya est\u00e1n en marcha los Campamentos EuskarazBali Udalekuak que se desarrollan en los albergues de Arantza y Beintza-Labaien\" \/>\n<meta name=\"robots\" content=\"index, follow, max-snippet:-1, max-image-preview:large, max-video-preview:-1\" \/>\n<link rel=\"canonical\" href=\"https:\/\/baztan-bidasoa.com\/desarrollo\/euskarazblai-udalekuak-en-marcha\/\" \/>\n<meta property=\"og:locale\" content=\"es_ES\" \/>\n<meta property=\"og:type\" content=\"article\" \/>\n<meta property=\"og:title\" content=\"Campamentos EuskarazBlai Udalekuak - Baztan Bidasoa Turismoa\" \/>\n<meta property=\"og:description\" content=\"Ya est\u00e1n en marcha los Campamentos EuskarazBali Udalekuak que se desarrollan en los albergues de Arantza y Beintza-Labaien\" \/>\n<meta property=\"og:url\" content=\"https:\/\/baztan-bidasoa.com\/desarrollo\/euskarazblai-udalekuak-en-marcha\/\" \/>\n<meta property=\"og:site_name\" content=\"Baztan Bidasoa Turismoa\" \/>\n<meta property=\"article:published_time\" content=\"2019-06-24T00:00:00+00:00\" \/>\n<meta property=\"og:image\" content=\"https:\/\/baztan-bidasoa.com\/desarrollo\/wp-content\/uploads\/2020\/04\/Frontoian-jolasean.jpg\" \/>\n\t<meta property=\"og:image:width\" content=\"1600\" \/>\n\t<meta property=\"og:image:height\" content=\"900\" \/>\n\t<meta property=\"og:image:type\" content=\"image\/jpeg\" \/>\n<meta name=\"author\" content=\"mktpamplona2\" \/>\n<meta name=\"twitter:card\" content=\"summary_large_image\" \/>\n<meta name=\"twitter:label1\" content=\"Escrito por\" \/>\n\t<meta name=\"twitter:data1\" content=\"mktpamplona2\" \/>\n\t<meta name=\"twitter:label2\" content=\"Tiempo de lectura\" \/>\n\t<meta name=\"twitter:data2\" content=\"1 minuto\" \/>\n<script type=\"application\/ld+json\" class=\"yoast-schema-graph\">{\"@context\":\"https:\/\/schema.org\",\"@graph\":[{\"@type\":\"WebPage\",\"@id\":\"https:\/\/baztan-bidasoa.com\/desarrollo\/euskarazblai-udalekuak-en-marcha\/\",\"url\":\"https:\/\/baztan-bidasoa.com\/desarrollo\/euskarazblai-udalekuak-en-marcha\/\",\"name\":\"Campamentos EuskarazBlai Udalekuak - Baztan Bidasoa Turismoa\",\"isPartOf\":{\"@id\":\"https:\/\/baztan-bidasoa.com\/desarrollo\/#website\"},\"datePublished\":\"2019-06-24T00:00:00+00:00\",\"dateModified\":\"2019-06-24T00:00:00+00:00\",\"author\":{\"@id\":\"https:\/\/baztan-bidasoa.com\/desarrollo\/#\/schema\/person\/ec297d7c7c08a77e7ac6292c2b940e42\"},\"description\":\"Ya est\u00e1n en marcha los Campamentos EuskarazBali Udalekuak que se desarrollan en los albergues de Arantza y Beintza-Labaien\",\"breadcrumb\":{\"@id\":\"https:\/\/baztan-bidasoa.com\/desarrollo\/euskarazblai-udalekuak-en-marcha\/#breadcrumb\"},\"inLanguage\":\"es\",\"potentialAction\":[{\"@type\":\"ReadAction\",\"target\":[\"https:\/\/baztan-bidasoa.com\/desarrollo\/euskarazblai-udalekuak-en-marcha\/\"]}]},{\"@type\":\"BreadcrumbList\",\"@id\":\"https:\/\/baztan-bidasoa.com\/desarrollo\/euskarazblai-udalekuak-en-marcha\/#breadcrumb\",\"itemListElement\":[{\"@type\":\"ListItem\",\"position\":1,\"name\":\"Portada\",\"item\":\"https:\/\/baztan-bidasoa.com\/desarrollo\/\"},{\"@type\":\"ListItem\",\"position\":2,\"name\":\"EuskarazBlai udalekuak \u00a1En marcha!\"}]},{\"@type\":\"WebSite\",\"@id\":\"https:\/\/baztan-bidasoa.com\/desarrollo\/#website\",\"url\":\"https:\/\/baztan-bidasoa.com\/desarrollo\/\",\"name\":\"Baztan Bidasoa Turismoa\",\"description\":\"Asociaci\u00f3n Tur\u00edstica Baztan-Bidasoa Turismo Elkartea\",\"potentialAction\":[{\"@type\":\"SearchAction\",\"target\":{\"@type\":\"EntryPoint\",\"urlTemplate\":\"https:\/\/baztan-bidasoa.com\/desarrollo\/?s={search_term_string}\"},\"query-input\":\"required name=search_term_string\"}],\"inLanguage\":\"es\"},{\"@type\":\"Person\",\"@id\":\"https:\/\/baztan-bidasoa.com\/desarrollo\/#\/schema\/person\/ec297d7c7c08a77e7ac6292c2b940e42\",\"name\":\"mktpamplona2\",\"image\":{\"@type\":\"ImageObject\",\"inLanguage\":\"es\",\"@id\":\"https:\/\/baztan-bidasoa.com\/desarrollo\/#\/schema\/person\/image\/\",\"url\":\"https:\/\/secure.gravatar.com\/avatar\/132223b7affa4daaa3f3ea2b5597a64f?s=96&d=mm&r=g\",\"contentUrl\":\"https:\/\/secure.gravatar.com\/avatar\/132223b7affa4daaa3f3ea2b5597a64f?s=96&d=mm&r=g\",\"caption\":\"mktpamplona2\"}}]}<\/script>\n<!-- \/ Yoast SEO plugin. -->","yoast_head_json":{"title":"Campamentos EuskarazBlai Udalekuak - Baztan Bidasoa Turismoa","description":"Ya est\u00e1n en marcha los Campamentos EuskarazBali Udalekuak que se desarrollan en los albergues de Arantza y Beintza-Labaien","robots":{"index":"index","follow":"follow","max-snippet":"max-snippet:-1","max-image-preview":"max-image-preview:large","max-video-preview":"max-video-preview:-1"},"canonical":"https:\/\/baztan-bidasoa.com\/desarrollo\/euskarazblai-udalekuak-en-marcha\/","og_locale":"es_ES","og_type":"article","og_title":"Campamentos EuskarazBlai Udalekuak - Baztan Bidasoa Turismoa","og_description":"Ya est\u00e1n en marcha los Campamentos EuskarazBali Udalekuak que se desarrollan en los albergues de Arantza y Beintza-Labaien","og_url":"https:\/\/baztan-bidasoa.com\/desarrollo\/euskarazblai-udalekuak-en-marcha\/","og_site_name":"Baztan Bidasoa Turismoa","article_published_time":"2019-06-24T00:00:00+00:00","og_image":[{"width":1600,"height":900,"url":"https:\/\/baztan-bidasoa.com\/desarrollo\/wp-content\/uploads\/2020\/04\/Frontoian-jolasean.jpg","type":"image\/jpeg"}],"author":"mktpamplona2","twitter_card":"summary_large_image","twitter_misc":{"Escrito por":"mktpamplona2","Tiempo de lectura":"1 minuto"},"schema":{"@context":"https:\/\/schema.org","@graph":[{"@type":"WebPage","@id":"https:\/\/baztan-bidasoa.com\/desarrollo\/euskarazblai-udalekuak-en-marcha\/","url":"https:\/\/baztan-bidasoa.com\/desarrollo\/euskarazblai-udalekuak-en-marcha\/","name":"Campamentos EuskarazBlai Udalekuak - Baztan Bidasoa Turismoa","isPartOf":{"@id":"https:\/\/baztan-bidasoa.com\/desarrollo\/#website"},"datePublished":"2019-06-24T00:00:00+00:00","dateModified":"2019-06-24T00:00:00+00:00","author":{"@id":"https:\/\/baztan-bidasoa.com\/desarrollo\/#\/schema\/person\/ec297d7c7c08a77e7ac6292c2b940e42"},"description":"Ya est\u00e1n en marcha los Campamentos EuskarazBali Udalekuak que se desarrollan en los albergues de Arantza y Beintza-Labaien","breadcrumb":{"@id":"https:\/\/baztan-bidasoa.com\/desarrollo\/euskarazblai-udalekuak-en-marcha\/#breadcrumb"},"inLanguage":"es","potentialAction":[{"@type":"ReadAction","target":["https:\/\/baztan-bidasoa.com\/desarrollo\/euskarazblai-udalekuak-en-marcha\/"]}]},{"@type":"BreadcrumbList","@id":"https:\/\/baztan-bidasoa.com\/desarrollo\/euskarazblai-udalekuak-en-marcha\/#breadcrumb","itemListElement":[{"@type":"ListItem","position":1,"name":"Portada","item":"https:\/\/baztan-bidasoa.com\/desarrollo\/"},{"@type":"ListItem","position":2,"name":"EuskarazBlai udalekuak \u00a1En marcha!"}]},{"@type":"WebSite","@id":"https:\/\/baztan-bidasoa.com\/desarrollo\/#website","url":"https:\/\/baztan-bidasoa.com\/desarrollo\/","name":"Baztan Bidasoa Turismoa","description":"Asociaci\u00f3n Tur\u00edstica Baztan-Bidasoa Turismo Elkartea","potentialAction":[{"@type":"SearchAction","target":{"@type":"EntryPoint","urlTemplate":"https:\/\/baztan-bidasoa.com\/desarrollo\/?s={search_term_string}"},"query-input":"required name=search_term_string"}],"inLanguage":"es"},{"@type":"Person","@id":"https:\/\/baztan-bidasoa.com\/desarrollo\/#\/schema\/person\/ec297d7c7c08a77e7ac6292c2b940e42","name":"mktpamplona2","image":{"@type":"ImageObject","inLanguage":"es","@id":"https:\/\/baztan-bidasoa.com\/desarrollo\/#\/schema\/person\/image\/","url":"https:\/\/secure.gravatar.com\/avatar\/132223b7affa4daaa3f3ea2b5597a64f?s=96&d=mm&r=g","contentUrl":"https:\/\/secure.gravatar.com\/avatar\/132223b7affa4daaa3f3ea2b5597a64f?s=96&d=mm&r=g","caption":"mktpamplona2"}}]}},"_links":{"self":[{"href":"https:\/\/baztan-bidasoa.com\/desarrollo\/wp-json\/wp\/v2\/posts\/22705"}],"collection":[{"href":"https:\/\/baztan-bidasoa.com\/desarrollo\/wp-json\/wp\/v2\/posts"}],"about":[{"href":"https:\/\/baztan-bidasoa.com\/desarrollo\/wp-json\/wp\/v2\/types\/post"}],"author":[{"embeddable":true,"href":"https:\/\/baztan-bidasoa.com\/desarrollo\/wp-json\/wp\/v2\/users\/3"}],"replies":[{"embeddable":true,"href":"https:\/\/baztan-bidasoa.com\/desarrollo\/wp-json\/wp\/v2\/comments?post=22705"}],"version-history":[{"count":0,"href":"https:\/\/baztan-bidasoa.com\/desarrollo\/wp-json\/wp\/v2\/posts\/22705\/revisions"}],"wp:featuredmedia":[{"embeddable":true,"href":"https:\/\/baztan-bidasoa.com\/desarrollo\/wp-json\/wp\/v2\/media\/22708"}],"wp:attachment":[{"href":"https:\/\/baztan-bidasoa.com\/desarrollo\/wp-json\/wp\/v2\/media?parent=22705"}],"wp:term":[{"taxonomy":"category","embeddable":true,"href":"https:\/\/baztan-bidasoa.com\/desarrollo\/wp-json\/wp\/v2\/categories?post=22705"},{"taxonomy":"post_tag","embeddable":true,"href":"https:\/\/baztan-bidasoa.com\/desarrollo\/wp-json\/wp\/v2\/tags?post=22705"}],"curies":[{"name":"wp","href":"https:\/\/api.w.org\/{rel}","templated":true}]}}