{"id":22703,"date":"2019-06-18T00:00:00","date_gmt":"2019-06-18T00:00:00","guid":{"rendered":"https:\/\/baztan-bidasoa.com\/desarrollo\/fuego-y-agua-para-celebrar-el-solsticio-de-verano\/"},"modified":"2019-06-18T00:00:00","modified_gmt":"2019-06-18T00:00:00","slug":"fuego-y-agua-para-celebrar-el-solsticio-de-verano","status":"publish","type":"post","link":"https:\/\/baztan-bidasoa.com\/desarrollo\/fuego-y-agua-para-celebrar-el-solsticio-de-verano\/","title":{"rendered":"Fuego y agua para celebrar el solsticio de verano"},"content":{"rendered":"<h4><span style=\"color: #008000;\">San Juan, ritos y creencias en Baztan y Bidasoa<\/span><\/h4>\n<h5>Todav\u00eda son muchos los ritos que se mantienen en Euskal Herria para celebrar la llegada del ciclo del sol.<\/h5>\n<p><strong>Fuego. \u00bb Sarna fuera, ona barnera, txarra kanpora, San Juan Bautista\u00bb<\/strong><\/p>\n<p>Es uno de los dichos para la noche de San Juan, evocando la expulsi\u00f3n de todo lo malo y la entrada de todo lo bueno. Es la bienvenida al verano.<\/p>\n<p>El fuego es el elemento que nos sirve para espantar los malos esp\u00edritus, quemar las malas hierbas, erradicar los males,..<\/p>\n<p><a href=\"https:\/\/baztan-bidasoa.com\/desarrollo\/wp-content\/uploads\/2020\/04\/sanjuan3-scaled.jpg\"><img decoding=\"async\" loading=\"lazy\" class=\"size-medium wp-image-8971 alignleft\" src=\"https:\/\/baztan-bidasoa.com\/desarrollo\/wp-content\/uploads\/2020\/04\/sanjuan3-scaled.jpg\" alt=\"\" width=\"300\" height=\"199\" \/><\/a>En la m\u00e1gica noche de San Juan, \u00a0se encienden hogueras en todos los pueblos de Baztan-Bidasoa, pero quiz\u00e1s las m\u00e1s conocidas son las de Arizkun, localidad que celebra tambi\u00e9n sus fiestas patronales. Con el repique de campanas, al oscuro, los vecinos de la localidad hacen una peque\u00f1a hoguera en la puerta de casa. Todo el pueblo se llena de fuegos y la gente salta, una a una, las hogueras recorriendo las tres calles del pueblo. (ver programa festivo en <a href=\"https:\/\/baztan-bidasoa.com\/desarrollo\/wp-content\/uploads\/2019\/05\/AGENDA-JUNIO-1.pdf\">AGENDA<\/a>)<\/p>\n<p>&nbsp;<\/p>\n<p>&nbsp;<\/p>\n<p><strong>Agua. \u00a0<\/strong>Es el elemento para regenerar, \u00a0regar los campos y obtener una buena cosecha, para tomar fuerzas y sanar los males<strong>.<\/strong><\/p>\n<p><a href=\"https:\/\/baztan-bidasoa.com\/desarrollo\/wp-content\/uploads\/2019\/12\/san-juan-xar.jpg\"><img decoding=\"async\" loading=\"lazy\" class=\"size-medium wp-image-4122 alignleft\" src=\"https:\/\/baztan-bidasoa.com\/desarrollo\/wp-content\/uploads\/2019\/12\/san-juan-xar.jpg\" alt=\"Reserva Natural de San Juan Xar\" width=\"300\" height=\"201\" \/><\/a>El d\u00eda de San Juan la visita es obligada a San Juan Xar, una peque\u00f1a gruta entre Igantzi y Arantza. Dicen que el agua que emana de su manantial tiene poderes curativos. Hay que beber de las tres fuentes para evitar resfriarse. Dicen que frotarse con un pa\u00f1o mojado evita problemas en la piel y andar descalzo en la regata del lugar le mantiene a uno sano.<\/p>\n<p>Son creencias, ritos, que a\u00fan se conservan para dar la bienvenida al verano en la noche m\u00e1s larga y el d\u00eda m\u00e1s corto del a\u00f1o.<\/p>\n<p>&nbsp;<\/p>\n<p>Cerca de San Juan Xar, en el parque <a href=\"https:\/\/baztan-bidasoa.com\/desarrollo\/irrisarri-land-tu-parque-de-aventura\/\">Irrisarri Land<\/a> celebran las fiestas de San Juan. Durante todo el fin de semana habr\u00e1 actividades relacionadas con la mitolog\u00eda, la naturaleza y la aventura.<\/p>\n<p>&nbsp;<\/p>\n<p><strong>Origen de nuestros ritos y tradiciones<\/strong><\/p>\n<p>Desde tiempos inmemoriales, las civilizaciones han celebrado los diferentes ciclos de la Madre Tierra. Dedicadas a la agricultura y el cultivo de la tierra, la llegada de un nuevo ciclo se ha celebrado siempre con veneraci\u00f3n.<\/p>\n<p>Con la llegada del cristianismo los ritos paganos fueron \u00abtransform\u00e1ndose\u00bb. El cristianismo los hizo suyos y as\u00ed coincidiendo con el solsticio de invierno se celebra la Navidad y coincidiendo con el solsticio de verano se celebra San Juan. Hubo ritos sin embargo de los que no pudo apropiarse, \u00a0y aquellos los tild\u00f3 de endemoniados y embrujados.<\/p>\n<p><img decoding=\"async\" loading=\"lazy\" class=\"wp-image-8967 alignleft\" src=\"https:\/\/baztan-bidasoa.com\/desarrollo\/wp-content\/uploads\/2020\/01\/Sorginak.jpg\" alt=\"\" width=\"245\" height=\"247\" \/>De brujer\u00eda sabemos algo en Baztan Bidasoa. En el Proceso de Logro\u00f1o de 1610, 31 vecinos de <a href=\"http:\/\/www.turismozugarramurdi.com\/seccion\/turismo_museo_de_las_brujas\/\">Zugarramurdi<\/a> fueron enjuiciados acusados de brujer\u00eda y 11 quemados en la hoguera.<\/p>\n<p>Precisamente en le Cueva de Zugarramurdi tendr\u00e1 lugar el s\u00e1bado 22 de junio el espect\u00e1culo \u00abLa noche m\u00e1s breve del a\u00f1o\u00bb, un\u00a0un paseo musical, astron\u00f3mico y audiovisual.<\/p>\n<p>La Orquesta Sinfonietta Acad\u00e9mica, con m\u00e1s de 70 m\u00fasicos bajo la direcci\u00f3n de Caroline Collier, interpretar\u00e1 una de las bandas sonoras m\u00e1s m\u00edticas de la historia del cine,\u00a0<i>La Guerra de las Galaxias<\/i>, de John Williams.<\/p>\n<p>La m\u00fasica estar\u00e1 acompa\u00f1ada por unas im\u00e1genes proyectadas sobre la piedra y unos textos. Estos \u00faltimos ser\u00e1n transmitidos por el responsable del Planetario, Javier Armentia, y Ainhoa Aguirre, responsable de la empresa que gestiona las cuevas.<\/p>\n<p>La cita, a partir de las 20.00 horas<\/p>\n<p>&nbsp;<\/p>\n","protected":false},"excerpt":{"rendered":"<p>San Juan, ritos y creencias en Baztan y Bidasoa Todav\u00eda son muchos los ritos que se mantienen en Euskal Herria para celebrar la llegada del ciclo del sol. Fuego. \u00bb Sarna fuera, ona barnera, txarra kanpora, San Juan Bautista\u00bb Es uno de los dichos para la noche de San Juan, evocando la expulsi\u00f3n de todo [&hellip;]<\/p>\n","protected":false},"author":3,"featured_media":22269,"comment_status":"open","ping_status":"open","sticky":false,"template":"","format":"standard","meta":[],"categories":[235],"tags":[728,730,431,732,279,534],"acf":[],"yoast_head":"<!-- This site is optimized with the Yoast SEO plugin v19.10 - https:\/\/yoast.com\/wordpress\/plugins\/seo\/ -->\n<title>San Juan - Ritos y creencias - Baztan Bidasoa Turismoa<\/title>\n<meta name=\"description\" content=\"Ritos con fuego y agua en Baztan y Bidasoa para celebrar el solsticio de varano. San Juan, la noche m\u00e1s corta del a\u00f1o. \u00bfD\u00f3nde la quieres pasar?\" \/>\n<meta name=\"robots\" content=\"index, follow, max-snippet:-1, max-image-preview:large, max-video-preview:-1\" \/>\n<link rel=\"canonical\" href=\"https:\/\/baztan-bidasoa.com\/desarrollo\/fuego-y-agua-para-celebrar-el-solsticio-de-verano\/\" \/>\n<meta property=\"og:locale\" content=\"es_ES\" \/>\n<meta property=\"og:type\" content=\"article\" \/>\n<meta property=\"og:title\" content=\"San Juan - Ritos y creencias - Baztan Bidasoa Turismoa\" \/>\n<meta property=\"og:description\" content=\"Ritos con fuego y agua en Baztan y Bidasoa para celebrar el solsticio de varano. San Juan, la noche m\u00e1s corta del a\u00f1o. \u00bfD\u00f3nde la quieres pasar?\" \/>\n<meta property=\"og:url\" content=\"https:\/\/baztan-bidasoa.com\/desarrollo\/fuego-y-agua-para-celebrar-el-solsticio-de-verano\/\" \/>\n<meta property=\"og:site_name\" content=\"Baztan Bidasoa Turismoa\" \/>\n<meta property=\"article:published_time\" content=\"2019-06-18T00:00:00+00:00\" \/>\n<meta property=\"og:image\" content=\"https:\/\/baztan-bidasoa.com\/desarrollo\/wp-content\/uploads\/2020\/04\/San-Juan-gaua-Arizkun.-Hogueras-de-San-Juan-en-Arizkun-scaled.jpg\" \/>\n\t<meta property=\"og:image:width\" content=\"2560\" \/>\n\t<meta property=\"og:image:height\" content=\"1700\" \/>\n\t<meta property=\"og:image:type\" content=\"image\/jpeg\" \/>\n<meta name=\"author\" content=\"mktpamplona2\" \/>\n<meta name=\"twitter:card\" content=\"summary_large_image\" \/>\n<meta name=\"twitter:label1\" content=\"Escrito por\" \/>\n\t<meta name=\"twitter:data1\" content=\"mktpamplona2\" \/>\n\t<meta name=\"twitter:label2\" content=\"Tiempo de lectura\" \/>\n\t<meta name=\"twitter:data2\" content=\"3 minutos\" \/>\n<script type=\"application\/ld+json\" class=\"yoast-schema-graph\">{\"@context\":\"https:\/\/schema.org\",\"@graph\":[{\"@type\":\"WebPage\",\"@id\":\"https:\/\/baztan-bidasoa.com\/desarrollo\/fuego-y-agua-para-celebrar-el-solsticio-de-verano\/\",\"url\":\"https:\/\/baztan-bidasoa.com\/desarrollo\/fuego-y-agua-para-celebrar-el-solsticio-de-verano\/\",\"name\":\"San Juan - Ritos y creencias - Baztan Bidasoa Turismoa\",\"isPartOf\":{\"@id\":\"https:\/\/baztan-bidasoa.com\/desarrollo\/#website\"},\"datePublished\":\"2019-06-18T00:00:00+00:00\",\"dateModified\":\"2019-06-18T00:00:00+00:00\",\"author\":{\"@id\":\"https:\/\/baztan-bidasoa.com\/desarrollo\/#\/schema\/person\/ec297d7c7c08a77e7ac6292c2b940e42\"},\"description\":\"Ritos con fuego y agua en Baztan y Bidasoa para celebrar el solsticio de varano. San Juan, la noche m\u00e1s corta del a\u00f1o. \u00bfD\u00f3nde la quieres pasar?\",\"breadcrumb\":{\"@id\":\"https:\/\/baztan-bidasoa.com\/desarrollo\/fuego-y-agua-para-celebrar-el-solsticio-de-verano\/#breadcrumb\"},\"inLanguage\":\"es\",\"potentialAction\":[{\"@type\":\"ReadAction\",\"target\":[\"https:\/\/baztan-bidasoa.com\/desarrollo\/fuego-y-agua-para-celebrar-el-solsticio-de-verano\/\"]}]},{\"@type\":\"BreadcrumbList\",\"@id\":\"https:\/\/baztan-bidasoa.com\/desarrollo\/fuego-y-agua-para-celebrar-el-solsticio-de-verano\/#breadcrumb\",\"itemListElement\":[{\"@type\":\"ListItem\",\"position\":1,\"name\":\"Portada\",\"item\":\"https:\/\/baztan-bidasoa.com\/desarrollo\/\"},{\"@type\":\"ListItem\",\"position\":2,\"name\":\"Fuego y agua para celebrar el solsticio de verano\"}]},{\"@type\":\"WebSite\",\"@id\":\"https:\/\/baztan-bidasoa.com\/desarrollo\/#website\",\"url\":\"https:\/\/baztan-bidasoa.com\/desarrollo\/\",\"name\":\"Baztan Bidasoa Turismoa\",\"description\":\"Asociaci\u00f3n Tur\u00edstica Baztan-Bidasoa Turismo Elkartea\",\"potentialAction\":[{\"@type\":\"SearchAction\",\"target\":{\"@type\":\"EntryPoint\",\"urlTemplate\":\"https:\/\/baztan-bidasoa.com\/desarrollo\/?s={search_term_string}\"},\"query-input\":\"required name=search_term_string\"}],\"inLanguage\":\"es\"},{\"@type\":\"Person\",\"@id\":\"https:\/\/baztan-bidasoa.com\/desarrollo\/#\/schema\/person\/ec297d7c7c08a77e7ac6292c2b940e42\",\"name\":\"mktpamplona2\",\"image\":{\"@type\":\"ImageObject\",\"inLanguage\":\"es\",\"@id\":\"https:\/\/baztan-bidasoa.com\/desarrollo\/#\/schema\/person\/image\/\",\"url\":\"https:\/\/secure.gravatar.com\/avatar\/132223b7affa4daaa3f3ea2b5597a64f?s=96&d=mm&r=g\",\"contentUrl\":\"https:\/\/secure.gravatar.com\/avatar\/132223b7affa4daaa3f3ea2b5597a64f?s=96&d=mm&r=g\",\"caption\":\"mktpamplona2\"}}]}<\/script>\n<!-- \/ Yoast SEO plugin. -->","yoast_head_json":{"title":"San Juan - Ritos y creencias - Baztan Bidasoa Turismoa","description":"Ritos con fuego y agua en Baztan y Bidasoa para celebrar el solsticio de varano. San Juan, la noche m\u00e1s corta del a\u00f1o. \u00bfD\u00f3nde la quieres pasar?","robots":{"index":"index","follow":"follow","max-snippet":"max-snippet:-1","max-image-preview":"max-image-preview:large","max-video-preview":"max-video-preview:-1"},"canonical":"https:\/\/baztan-bidasoa.com\/desarrollo\/fuego-y-agua-para-celebrar-el-solsticio-de-verano\/","og_locale":"es_ES","og_type":"article","og_title":"San Juan - Ritos y creencias - Baztan Bidasoa Turismoa","og_description":"Ritos con fuego y agua en Baztan y Bidasoa para celebrar el solsticio de varano. San Juan, la noche m\u00e1s corta del a\u00f1o. \u00bfD\u00f3nde la quieres pasar?","og_url":"https:\/\/baztan-bidasoa.com\/desarrollo\/fuego-y-agua-para-celebrar-el-solsticio-de-verano\/","og_site_name":"Baztan Bidasoa Turismoa","article_published_time":"2019-06-18T00:00:00+00:00","og_image":[{"width":2560,"height":1700,"url":"https:\/\/baztan-bidasoa.com\/desarrollo\/wp-content\/uploads\/2020\/04\/San-Juan-gaua-Arizkun.-Hogueras-de-San-Juan-en-Arizkun-scaled.jpg","type":"image\/jpeg"}],"author":"mktpamplona2","twitter_card":"summary_large_image","twitter_misc":{"Escrito por":"mktpamplona2","Tiempo de lectura":"3 minutos"},"schema":{"@context":"https:\/\/schema.org","@graph":[{"@type":"WebPage","@id":"https:\/\/baztan-bidasoa.com\/desarrollo\/fuego-y-agua-para-celebrar-el-solsticio-de-verano\/","url":"https:\/\/baztan-bidasoa.com\/desarrollo\/fuego-y-agua-para-celebrar-el-solsticio-de-verano\/","name":"San Juan - Ritos y creencias - Baztan Bidasoa Turismoa","isPartOf":{"@id":"https:\/\/baztan-bidasoa.com\/desarrollo\/#website"},"datePublished":"2019-06-18T00:00:00+00:00","dateModified":"2019-06-18T00:00:00+00:00","author":{"@id":"https:\/\/baztan-bidasoa.com\/desarrollo\/#\/schema\/person\/ec297d7c7c08a77e7ac6292c2b940e42"},"description":"Ritos con fuego y agua en Baztan y Bidasoa para celebrar el solsticio de varano. San Juan, la noche m\u00e1s corta del a\u00f1o. \u00bfD\u00f3nde la quieres pasar?","breadcrumb":{"@id":"https:\/\/baztan-bidasoa.com\/desarrollo\/fuego-y-agua-para-celebrar-el-solsticio-de-verano\/#breadcrumb"},"inLanguage":"es","potentialAction":[{"@type":"ReadAction","target":["https:\/\/baztan-bidasoa.com\/desarrollo\/fuego-y-agua-para-celebrar-el-solsticio-de-verano\/"]}]},{"@type":"BreadcrumbList","@id":"https:\/\/baztan-bidasoa.com\/desarrollo\/fuego-y-agua-para-celebrar-el-solsticio-de-verano\/#breadcrumb","itemListElement":[{"@type":"ListItem","position":1,"name":"Portada","item":"https:\/\/baztan-bidasoa.com\/desarrollo\/"},{"@type":"ListItem","position":2,"name":"Fuego y agua para celebrar el solsticio de verano"}]},{"@type":"WebSite","@id":"https:\/\/baztan-bidasoa.com\/desarrollo\/#website","url":"https:\/\/baztan-bidasoa.com\/desarrollo\/","name":"Baztan Bidasoa Turismoa","description":"Asociaci\u00f3n Tur\u00edstica Baztan-Bidasoa Turismo Elkartea","potentialAction":[{"@type":"SearchAction","target":{"@type":"EntryPoint","urlTemplate":"https:\/\/baztan-bidasoa.com\/desarrollo\/?s={search_term_string}"},"query-input":"required name=search_term_string"}],"inLanguage":"es"},{"@type":"Person","@id":"https:\/\/baztan-bidasoa.com\/desarrollo\/#\/schema\/person\/ec297d7c7c08a77e7ac6292c2b940e42","name":"mktpamplona2","image":{"@type":"ImageObject","inLanguage":"es","@id":"https:\/\/baztan-bidasoa.com\/desarrollo\/#\/schema\/person\/image\/","url":"https:\/\/secure.gravatar.com\/avatar\/132223b7affa4daaa3f3ea2b5597a64f?s=96&d=mm&r=g","contentUrl":"https:\/\/secure.gravatar.com\/avatar\/132223b7affa4daaa3f3ea2b5597a64f?s=96&d=mm&r=g","caption":"mktpamplona2"}}]}},"_links":{"self":[{"href":"https:\/\/baztan-bidasoa.com\/desarrollo\/wp-json\/wp\/v2\/posts\/22703"}],"collection":[{"href":"https:\/\/baztan-bidasoa.com\/desarrollo\/wp-json\/wp\/v2\/posts"}],"about":[{"href":"https:\/\/baztan-bidasoa.com\/desarrollo\/wp-json\/wp\/v2\/types\/post"}],"author":[{"embeddable":true,"href":"https:\/\/baztan-bidasoa.com\/desarrollo\/wp-json\/wp\/v2\/users\/3"}],"replies":[{"embeddable":true,"href":"https:\/\/baztan-bidasoa.com\/desarrollo\/wp-json\/wp\/v2\/comments?post=22703"}],"version-history":[{"count":0,"href":"https:\/\/baztan-bidasoa.com\/desarrollo\/wp-json\/wp\/v2\/posts\/22703\/revisions"}],"wp:featuredmedia":[{"embeddable":true,"href":"https:\/\/baztan-bidasoa.com\/desarrollo\/wp-json\/wp\/v2\/media\/22269"}],"wp:attachment":[{"href":"https:\/\/baztan-bidasoa.com\/desarrollo\/wp-json\/wp\/v2\/media?parent=22703"}],"wp:term":[{"taxonomy":"category","embeddable":true,"href":"https:\/\/baztan-bidasoa.com\/desarrollo\/wp-json\/wp\/v2\/categories?post=22703"},{"taxonomy":"post_tag","embeddable":true,"href":"https:\/\/baztan-bidasoa.com\/desarrollo\/wp-json\/wp\/v2\/tags?post=22703"}],"curies":[{"name":"wp","href":"https:\/\/api.w.org\/{rel}","templated":true}]}}