{"id":22648,"date":"2019-03-18T00:00:00","date_gmt":"2019-03-18T00:00:00","guid":{"rendered":"https:\/\/baztan-bidasoa.com\/desarrollo\/paseos-con-sabor\/"},"modified":"2019-03-18T00:00:00","modified_gmt":"2019-03-18T00:00:00","slug":"paseos-con-sabor","status":"publish","type":"post","link":"https:\/\/baztan-bidasoa.com\/desarrollo\/paseos-con-sabor\/","title":{"rendered":"Paseos con sabor"},"content":{"rendered":"<h2>\u00abSabores y Campo\u00bb<\/h2>\n<p>\u00bfA qu\u00e9 sabe Baztan-Bidasoa? \u00a1Ven a catar nuestro paisaje!<\/p>\n<p>Baztan-Bidasoa Turismoa se suma a la campa\u00f1a del Departamento de Turismo <strong>\u00abSabores y campo\u00bb<\/strong>.<\/p>\n<p>Esta primavera, del 23 de marzo al 23 de junio, se desarrollar\u00e1 esta sabrosa campa\u00f1a en la que se ofertan 12 \u00abpaseos con sabor\u00bb por toda Navarra. Son paseos que fusionan senderismo, naturaleza, historia y gastronom\u00eda. Recorridos con aroma a queso, pat\u00e9, sidra, sal, aceite o verdura de temporada.<\/p>\n<p>Tres de los 12 recorridos se realizar\u00e1n en Baztan-Bidasoa:<\/p>\n<h4>1-Recorrido de la \u00ab<strong>Pottoka azul\u00bb<\/strong> + degustaci\u00f3n de queso Etxelekua:<\/h4>\n<figure id=\"attachment_13591\" aria-describedby=\"caption-attachment-13591\" style=\"width: 308px\" class=\"wp-caption alignleft\"><a href=\"https:\/\/baztan-bidasoa.com\/desarrollo\/wp-content\/uploads\/2020\/04\/Pottoka-urdinaren-ibilbideko-seinalea-2.jpg\"><img decoding=\"async\" loading=\"lazy\" class=\"size-full wp-image-13591\" src=\"https:\/\/baztan-bidasoa.com\/desarrollo\/wp-content\/uploads\/2020\/04\/Pottoka-urdinaren-ibilbideko-seinalea-2.jpg\" alt=\"Sendero de la Pottoka azul\" width=\"308\" height=\"191\" data-wp-pid=\"13591\" \/><\/a><figcaption id=\"caption-attachment-13591\" class=\"wp-caption-text\">Sendero de la Pottoka azul<\/figcaption><\/figure>\n<p>Paseo con sabor a cuevas, a brujer\u00eda, a hierro,&#8230;Un recorrido entre Urdax y Zugarramurdi, por caminos y senderos \u00abembrujados\u00bb que culminar\u00e1 con una degustaci\u00f3n de queso en la queser\u00eda Etxelekua de Zugarramurdi.<\/p>\n<p><strong>Cu\u00e1ndo:<\/strong> 23\/03, 22\/04, 01\/06<\/p>\n<p><strong>Hora:<\/strong> 10:00<\/p>\n<p><strong>Inscripciones:<\/strong> Orbela\u00a0659477396 \/ <a href=\"mailto:info@orbela-beintza.com\">info@orbela-beintza.com<\/a><\/p>\n<p><strong>Reservas:<\/strong> 24 horas antelaci\u00f3n<\/p>\n<p><strong>Visita gastron\u00f3mica:<\/strong> 12:30h.<\/p>\n<h4>2-Iturburua (Bertiz) + degustaci\u00f3n de productos t\u00edpicos en la <strong>Tienda de Artesan\u00eda de Bertiz IXIART<\/strong><\/h4>\n<p><a href=\"https:\/\/baztan-bidasoa.com\/desarrollo\/wp-content\/uploads\/2020\/04\/IMG_1171-scaled.jpg\"><img decoding=\"async\" loading=\"lazy\" class=\"alignright wp-image-8119\" src=\"https:\/\/baztan-bidasoa.com\/desarrollo\/wp-content\/uploads\/2020\/04\/IMG_1171-scaled.jpg\" alt=\"\" width=\"467\" height=\"311\" data-wp-pid=\"8119\" \/><\/a><\/p>\n<p>Este recorrido sabe a madera, a bosque, a historia de un se\u00f1or\u00edo legado por Pedro Ciga y Dorotea Fern\u00e1ndez a todos l@s navarr@s. Es un camino de paz que concluye en la <a href=\"https:\/\/baztan-bidasoa.com\/desarrollo\/tienda-de-artesania-ixiart\/\">Tienda de Artesan\u00eda<\/a> de nuestra agrupaci\u00f3n.<\/p>\n<p><strong>Cuando:<\/strong> 24\/03, 04\/05, 15\/06<\/p>\n<p><strong>Hora:<\/strong> 10:30<\/p>\n<p><strong>Inscripciones:<\/strong>\u00a0Navarra Natural\u00a0628649249 \/ <a href=\"mailto:navarraalnatural@gmail.com\">navarraalnatural@gmail.com<\/a><\/p>\n<p><strong>Reservas:<\/strong> 24 horas antelaci\u00f3n<\/p>\n<p><strong>Visita gastron\u00f3mica:<\/strong> 13h.<\/p>\n<p>&nbsp;<\/p>\n<h4>3-V\u00eda Verde del Bidasoa con\u00a0<a href=\"https:\/\/baztan-bidasoa.com\/desarrollo\/ameztia-doneztebe\/\">Ameztia BTT<\/a>\u00a0+ degustaci\u00f3n Queser\u00eda Ardiarana<\/h4>\n<figure id=\"attachment_13640\" aria-describedby=\"caption-attachment-13640\" style=\"width: 450px\" class=\"wp-caption alignleft\"><a href=\"https:\/\/baztan-bidasoa.com\/desarrollo\/wp-content\/uploads\/2019\/12\/1.jpg\"><img decoding=\"async\" loading=\"lazy\" class=\" wp-image-13640\" src=\"https:\/\/baztan-bidasoa.com\/desarrollo\/wp-content\/uploads\/2019\/12\/1.jpg\" alt=\"Ameztia BTT. Paseos guiado por la V\u00eda verde del Bidasoa\" width=\"450\" height=\"338\" data-wp-pid=\"13640\" \/><\/a><figcaption id=\"caption-attachment-13640\" class=\"wp-caption-text\">Ameztia BTT. Paseos guiado por la V\u00eda verde del Bidasoa<\/figcaption><\/figure>\n<p><strong>Cuando:<\/strong> 06\/04, 12\/05, 15\/06,<\/p>\n<p><strong>Hora:<\/strong> 10:00<\/p>\n<p><strong>Inscripciones:<\/strong>\u00a0948 45 00 28<\/p>\n<p><strong>Reservas:<\/strong> 24 horas antelaci\u00f3n<\/p>\n<p>Precio:\u00a0\u00a010\u20ac (paseo guiado y visita gastron\u00f3mica); 3\u20ac (visita gastron\u00f3mica)<\/p>\n<p>Desc\u00e1rgate<a href=\"https:\/\/baztan-bidasoa.com\/desarrollo\/wp-content\/uploads\/2019\/03\/20190320-Folleto-CAST-EUS-DEF.pdf\"> AQU\u00cd<\/a> el folleto completo<\/p>\n","protected":false},"excerpt":{"rendered":"<p>\u00abSabores y Campo\u00bb \u00bfA qu\u00e9 sabe Baztan-Bidasoa? \u00a1Ven a catar nuestro paisaje! Baztan-Bidasoa Turismoa se suma a la campa\u00f1a del Departamento de Turismo \u00abSabores y campo\u00bb. Esta primavera, del 23 de marzo al 23 de junio, se desarrollar\u00e1 esta sabrosa campa\u00f1a en la que se ofertan 12 \u00abpaseos con sabor\u00bb por toda Navarra. Son paseos [&hellip;]<\/p>\n","protected":false},"author":3,"featured_media":22650,"comment_status":"open","ping_status":"open","sticky":false,"template":"","format":"standard","meta":[],"categories":[237,235],"tags":[662,664,666,403,277,407,305,295],"acf":[],"yoast_head":"<!-- This site is optimized with the Yoast SEO plugin v19.10 - https:\/\/yoast.com\/wordpress\/plugins\/seo\/ -->\n<title>&quot;Paseos con sabor&quot; - Baztan Bidasoa Turismoa<\/title>\n<meta name=\"description\" content=\"Paseos con sabor por Baztan-Bidasoa, dentro de la campa\u00f1a de primavera &quot;Sabores y Campos&quot; del Departamento de Turismo. \u00a1Ven a catar nuestros paisajes!\" \/>\n<meta name=\"robots\" content=\"index, follow, max-snippet:-1, max-image-preview:large, max-video-preview:-1\" \/>\n<link rel=\"canonical\" href=\"https:\/\/baztan-bidasoa.com\/desarrollo\/paseos-con-sabor\/\" \/>\n<meta property=\"og:locale\" content=\"es_ES\" \/>\n<meta property=\"og:type\" content=\"article\" \/>\n<meta property=\"og:title\" content=\"&quot;Paseos con sabor&quot; - Baztan Bidasoa Turismoa\" \/>\n<meta property=\"og:description\" content=\"Paseos con sabor por Baztan-Bidasoa, dentro de la campa\u00f1a de primavera &quot;Sabores y Campos&quot; del Departamento de Turismo. \u00a1Ven a catar nuestros paisajes!\" \/>\n<meta property=\"og:url\" content=\"https:\/\/baztan-bidasoa.com\/desarrollo\/paseos-con-sabor\/\" \/>\n<meta property=\"og:site_name\" content=\"Baztan Bidasoa Turismoa\" \/>\n<meta property=\"article:published_time\" content=\"2019-03-18T00:00:00+00:00\" \/>\n<meta property=\"og:image\" content=\"https:\/\/baztan-bidasoa.com\/desarrollo\/wp-content\/uploads\/2020\/04\/Sabores-y-campos-2.jpg\" \/>\n\t<meta property=\"og:image:width\" content=\"887\" \/>\n\t<meta property=\"og:image:height\" content=\"1241\" \/>\n\t<meta property=\"og:image:type\" content=\"image\/jpeg\" \/>\n<meta name=\"author\" content=\"mktpamplona2\" \/>\n<meta name=\"twitter:card\" content=\"summary_large_image\" \/>\n<meta name=\"twitter:label1\" content=\"Escrito por\" \/>\n\t<meta name=\"twitter:data1\" content=\"mktpamplona2\" \/>\n\t<meta name=\"twitter:label2\" content=\"Tiempo de lectura\" \/>\n\t<meta name=\"twitter:data2\" content=\"1 minuto\" \/>\n<script type=\"application\/ld+json\" class=\"yoast-schema-graph\">{\"@context\":\"https:\/\/schema.org\",\"@graph\":[{\"@type\":\"WebPage\",\"@id\":\"https:\/\/baztan-bidasoa.com\/desarrollo\/paseos-con-sabor\/\",\"url\":\"https:\/\/baztan-bidasoa.com\/desarrollo\/paseos-con-sabor\/\",\"name\":\"\\\"Paseos con sabor\\\" - Baztan Bidasoa Turismoa\",\"isPartOf\":{\"@id\":\"https:\/\/baztan-bidasoa.com\/desarrollo\/#website\"},\"datePublished\":\"2019-03-18T00:00:00+00:00\",\"dateModified\":\"2019-03-18T00:00:00+00:00\",\"author\":{\"@id\":\"https:\/\/baztan-bidasoa.com\/desarrollo\/#\/schema\/person\/ec297d7c7c08a77e7ac6292c2b940e42\"},\"description\":\"Paseos con sabor por Baztan-Bidasoa, dentro de la campa\u00f1a de primavera \\\"Sabores y Campos\\\" del Departamento de Turismo. \u00a1Ven a catar nuestros paisajes!\",\"breadcrumb\":{\"@id\":\"https:\/\/baztan-bidasoa.com\/desarrollo\/paseos-con-sabor\/#breadcrumb\"},\"inLanguage\":\"es\",\"potentialAction\":[{\"@type\":\"ReadAction\",\"target\":[\"https:\/\/baztan-bidasoa.com\/desarrollo\/paseos-con-sabor\/\"]}]},{\"@type\":\"BreadcrumbList\",\"@id\":\"https:\/\/baztan-bidasoa.com\/desarrollo\/paseos-con-sabor\/#breadcrumb\",\"itemListElement\":[{\"@type\":\"ListItem\",\"position\":1,\"name\":\"Portada\",\"item\":\"https:\/\/baztan-bidasoa.com\/desarrollo\/\"},{\"@type\":\"ListItem\",\"position\":2,\"name\":\"Paseos con sabor\"}]},{\"@type\":\"WebSite\",\"@id\":\"https:\/\/baztan-bidasoa.com\/desarrollo\/#website\",\"url\":\"https:\/\/baztan-bidasoa.com\/desarrollo\/\",\"name\":\"Baztan Bidasoa Turismoa\",\"description\":\"Asociaci\u00f3n Tur\u00edstica Baztan-Bidasoa Turismo Elkartea\",\"potentialAction\":[{\"@type\":\"SearchAction\",\"target\":{\"@type\":\"EntryPoint\",\"urlTemplate\":\"https:\/\/baztan-bidasoa.com\/desarrollo\/?s={search_term_string}\"},\"query-input\":\"required name=search_term_string\"}],\"inLanguage\":\"es\"},{\"@type\":\"Person\",\"@id\":\"https:\/\/baztan-bidasoa.com\/desarrollo\/#\/schema\/person\/ec297d7c7c08a77e7ac6292c2b940e42\",\"name\":\"mktpamplona2\",\"image\":{\"@type\":\"ImageObject\",\"inLanguage\":\"es\",\"@id\":\"https:\/\/baztan-bidasoa.com\/desarrollo\/#\/schema\/person\/image\/\",\"url\":\"https:\/\/secure.gravatar.com\/avatar\/132223b7affa4daaa3f3ea2b5597a64f?s=96&d=mm&r=g\",\"contentUrl\":\"https:\/\/secure.gravatar.com\/avatar\/132223b7affa4daaa3f3ea2b5597a64f?s=96&d=mm&r=g\",\"caption\":\"mktpamplona2\"}}]}<\/script>\n<!-- \/ Yoast SEO plugin. -->","yoast_head_json":{"title":"\"Paseos con sabor\" - Baztan Bidasoa Turismoa","description":"Paseos con sabor por Baztan-Bidasoa, dentro de la campa\u00f1a de primavera \"Sabores y Campos\" del Departamento de Turismo. \u00a1Ven a catar nuestros paisajes!","robots":{"index":"index","follow":"follow","max-snippet":"max-snippet:-1","max-image-preview":"max-image-preview:large","max-video-preview":"max-video-preview:-1"},"canonical":"https:\/\/baztan-bidasoa.com\/desarrollo\/paseos-con-sabor\/","og_locale":"es_ES","og_type":"article","og_title":"\"Paseos con sabor\" - Baztan Bidasoa Turismoa","og_description":"Paseos con sabor por Baztan-Bidasoa, dentro de la campa\u00f1a de primavera \"Sabores y Campos\" del Departamento de Turismo. \u00a1Ven a catar nuestros paisajes!","og_url":"https:\/\/baztan-bidasoa.com\/desarrollo\/paseos-con-sabor\/","og_site_name":"Baztan Bidasoa Turismoa","article_published_time":"2019-03-18T00:00:00+00:00","og_image":[{"width":887,"height":1241,"url":"https:\/\/baztan-bidasoa.com\/desarrollo\/wp-content\/uploads\/2020\/04\/Sabores-y-campos-2.jpg","type":"image\/jpeg"}],"author":"mktpamplona2","twitter_card":"summary_large_image","twitter_misc":{"Escrito por":"mktpamplona2","Tiempo de lectura":"1 minuto"},"schema":{"@context":"https:\/\/schema.org","@graph":[{"@type":"WebPage","@id":"https:\/\/baztan-bidasoa.com\/desarrollo\/paseos-con-sabor\/","url":"https:\/\/baztan-bidasoa.com\/desarrollo\/paseos-con-sabor\/","name":"\"Paseos con sabor\" - Baztan Bidasoa Turismoa","isPartOf":{"@id":"https:\/\/baztan-bidasoa.com\/desarrollo\/#website"},"datePublished":"2019-03-18T00:00:00+00:00","dateModified":"2019-03-18T00:00:00+00:00","author":{"@id":"https:\/\/baztan-bidasoa.com\/desarrollo\/#\/schema\/person\/ec297d7c7c08a77e7ac6292c2b940e42"},"description":"Paseos con sabor por Baztan-Bidasoa, dentro de la campa\u00f1a de primavera \"Sabores y Campos\" del Departamento de Turismo. \u00a1Ven a catar nuestros paisajes!","breadcrumb":{"@id":"https:\/\/baztan-bidasoa.com\/desarrollo\/paseos-con-sabor\/#breadcrumb"},"inLanguage":"es","potentialAction":[{"@type":"ReadAction","target":["https:\/\/baztan-bidasoa.com\/desarrollo\/paseos-con-sabor\/"]}]},{"@type":"BreadcrumbList","@id":"https:\/\/baztan-bidasoa.com\/desarrollo\/paseos-con-sabor\/#breadcrumb","itemListElement":[{"@type":"ListItem","position":1,"name":"Portada","item":"https:\/\/baztan-bidasoa.com\/desarrollo\/"},{"@type":"ListItem","position":2,"name":"Paseos con sabor"}]},{"@type":"WebSite","@id":"https:\/\/baztan-bidasoa.com\/desarrollo\/#website","url":"https:\/\/baztan-bidasoa.com\/desarrollo\/","name":"Baztan Bidasoa Turismoa","description":"Asociaci\u00f3n Tur\u00edstica Baztan-Bidasoa Turismo Elkartea","potentialAction":[{"@type":"SearchAction","target":{"@type":"EntryPoint","urlTemplate":"https:\/\/baztan-bidasoa.com\/desarrollo\/?s={search_term_string}"},"query-input":"required name=search_term_string"}],"inLanguage":"es"},{"@type":"Person","@id":"https:\/\/baztan-bidasoa.com\/desarrollo\/#\/schema\/person\/ec297d7c7c08a77e7ac6292c2b940e42","name":"mktpamplona2","image":{"@type":"ImageObject","inLanguage":"es","@id":"https:\/\/baztan-bidasoa.com\/desarrollo\/#\/schema\/person\/image\/","url":"https:\/\/secure.gravatar.com\/avatar\/132223b7affa4daaa3f3ea2b5597a64f?s=96&d=mm&r=g","contentUrl":"https:\/\/secure.gravatar.com\/avatar\/132223b7affa4daaa3f3ea2b5597a64f?s=96&d=mm&r=g","caption":"mktpamplona2"}}]}},"_links":{"self":[{"href":"https:\/\/baztan-bidasoa.com\/desarrollo\/wp-json\/wp\/v2\/posts\/22648"}],"collection":[{"href":"https:\/\/baztan-bidasoa.com\/desarrollo\/wp-json\/wp\/v2\/posts"}],"about":[{"href":"https:\/\/baztan-bidasoa.com\/desarrollo\/wp-json\/wp\/v2\/types\/post"}],"author":[{"embeddable":true,"href":"https:\/\/baztan-bidasoa.com\/desarrollo\/wp-json\/wp\/v2\/users\/3"}],"replies":[{"embeddable":true,"href":"https:\/\/baztan-bidasoa.com\/desarrollo\/wp-json\/wp\/v2\/comments?post=22648"}],"version-history":[{"count":0,"href":"https:\/\/baztan-bidasoa.com\/desarrollo\/wp-json\/wp\/v2\/posts\/22648\/revisions"}],"wp:featuredmedia":[{"embeddable":true,"href":"https:\/\/baztan-bidasoa.com\/desarrollo\/wp-json\/wp\/v2\/media\/22650"}],"wp:attachment":[{"href":"https:\/\/baztan-bidasoa.com\/desarrollo\/wp-json\/wp\/v2\/media?parent=22648"}],"wp:term":[{"taxonomy":"category","embeddable":true,"href":"https:\/\/baztan-bidasoa.com\/desarrollo\/wp-json\/wp\/v2\/categories?post=22648"},{"taxonomy":"post_tag","embeddable":true,"href":"https:\/\/baztan-bidasoa.com\/desarrollo\/wp-json\/wp\/v2\/tags?post=22648"}],"curies":[{"name":"wp","href":"https:\/\/api.w.org\/{rel}","templated":true}]}}