{"id":22618,"date":"2019-02-19T00:00:00","date_gmt":"2019-02-19T00:00:00","guid":{"rendered":"https:\/\/baztan-bidasoa.com\/desarrollo\/escuela-de-bici-y-educacion-vial\/"},"modified":"2019-02-19T00:00:00","modified_gmt":"2019-02-19T00:00:00","slug":"escuela-de-bici-y-educacion-vial","status":"publish","type":"post","link":"https:\/\/baztan-bidasoa.com\/desarrollo\/escuela-de-bici-y-educacion-vial\/","title":{"rendered":"Escuela de bici y educaci\u00f3n vial"},"content":{"rendered":"\n<p>Todos sabemos andar en bicicleta, pero \u00bfsabemos c\u00f3mo se arregla un pinchazo? \u00bfTenemos los conocimientos b\u00e1sicos de educaci\u00f3n vial?<\/p>\n\n\n\n<p>Porque andar en bicicleta es m\u00e1s que pedalear, la <strong>Escuela de Bici <\/strong>EDERBIDEA que promueve <a href=\"https:\/\/baztan-bidasoa.com\/desarrollo\">Baztan-Bidasoa Turismoa<\/a> es una oportunidad para sacarle el m\u00e1ximo rendimiento al uso de la bicicleta. <\/p>\n\n\n\n<p>Se trata de una iniciativa <strong>dirigida a escolares<\/strong> de 5\u00ba y 6\u00ba de educaci\u00f3n primaria, de 1\u00ba y 2\u00ba de ESO y de 1\u00ba y 2\u00ba de Bachiller.<\/p>\n\n\n\n<h4>Inscripciones hasta el 29 de marzo<\/h4>\n\n\n\n<p>El plazo de inscripci\u00f3n est\u00e1 abierto \u00a1AP\u00daNTATE antes del 29 de marzo llamando al 948 59 23 23!<\/p>\n\n\n\n<p>M\u00e1s informaci\u00f3n <a href=\"https:\/\/baztan-bidasoa.com\/desarrollo\/wp-content\/uploads\/2019\/02\/escuela-cicloturistav-AF.pdf\">AQU\u00cd <\/a><\/p>\n\n\n\n<div class=\"wp-block-image\"><figure class=\"alignleft is-resized\"><img decoding=\"async\" loading=\"lazy\" src=\"https:\/\/baztan-bidasoa.com\/desarrollo\/wp-content\/uploads\/2020\/04\/Fotograf\u00eda-Bizikleta-eskola.-Escuela-de-bicileta-scaled.jpg\" alt=\"\" class=\"wp-image-13438\" width=\"282\" height=\"187\"\/><\/figure><\/div>\n\n\n\n<h4>Unidades dic\u00e1cticas <\/h4>\n\n\n\n<p>El proyecto <strong>BIZIKLETA ESKOLA<\/strong> consistir\u00eda b\u00e1sicamente en educar a los j\u00f3venes\nusuarios &nbsp;(en una fase inicial) en una\nserie de conceptos y conocimientos sobre la bicicleta y su uso cotidiano, as\u00ed\ncomo normas de conducci\u00f3n y seguridad, que les de confianza y seguridad para\nutilizarla como un medio de transporte:<\/p>\n\n\n\n<ul><li>\n<strong>Introducci\u00f3n\n<\/strong>\/ Presentaci\u00f3n: la bicicleta, un modo de transporte saludable y respetuoso.<\/li><\/ul>\n\n\n\n<ul><li>\n<strong>Mec\u00e1nica\nb\u00e1sica<\/strong>: breve m\u00f3dulo de peque\u00f1as reparaciones (pinchazos, ajustes,\ncadenas\u2026) que ayudan a desenvolverse con mayor seguridad.<\/li><\/ul>\n\n\n\n<ul><li>\n<strong>Conducci\u00f3n\n(teor\u00eda): <\/strong>la bicicleta, un medio de transporte para respetar y ser\nrespetado. Se\u00f1alizaci\u00f3n de v\u00edas ciclables, normativa\u2026 normativa b\u00e1sica de\nconducci\u00f3n. Educaci\u00f3n vial.<\/li><\/ul>\n\n\n\n<ul><li>\n<strong>Conducci\u00f3n (pr\u00e1ctica): <\/strong>paseo excursi\u00f3n\npor la V\u00eda Verde del Bidasoa y\/o otros caminos ciclables pr\u00f3ximos (seg\u00fan\nprogramas y niveles). Una buena conducci\u00f3n y manejo de la bicicleta permite\noptimizar el esfuerzo f\u00edsico.<\/li><\/ul>\n\n\n\n<h4><strong>Desarrollo de la actividad<\/strong><\/h4>\n\n\n\n<p>La actividad se desarrollar\u00e1 en programas de 1 d\u00eda \u00f3 2 d\u00edas (con alojamiento inclu\u00eddo; no si son participantes locales) en las instalaciones de <strong><a href=\"https:\/\/baztan-bidasoa.com\/desarrollo\/ameztia-doneztebe\/\">Ameztia BTT Zentroa<\/a><\/strong>, de Doneztebe, quien pondr\u00e1 a disposici\u00f3n de los participantes:<\/p>\n\n\n\n<p>-Bicicleta y casco obligatorio. Seguro de la actividad.<\/p>\n\n\n\n<p>-Monitores y gu\u00edas necesarios para el desempe\u00f1o de la actividad, con un ratio m\u00ednimo de 1\/15 y un m\u00ednimo de dos monitores-gu\u00edas.<\/p>\n\n\n\n<p>-Instalaciones para impartir los conceptos te\u00f3ricos y mec\u00e1nica b\u00e1sica.No se admitir\u00e1n bicicletas privadas. <\/p>\n\n\n\n<h4><div>\u00bfD\u00f3nde se desarrollar\u00e1 la actividad?<\/div><\/h4>\n\n\n\n<ul><li>La\nactividad de conducci\u00f3n pr\u00e1ctica se desarrollar\u00e1 en la V\u00eda Verde del Bidasoa o\ncaminos rurales pr\u00f3ximos, apropiados para circular en bicicleta. En funci\u00f3n de\nla duraci\u00f3n del programa (1 \u00f3 2 d\u00edas), se profundizar\u00e1 en las unidades de la\nactividad.&nbsp; En la actualidad se dispone\nde los siguientes trazados:<\/li><\/ul>\n\n\n\n<ul><li>\n<strong>Via Verde del Bidasoa<\/strong>, antiguo ferrocarril, m\u00e1s <strong>35 km <\/strong><strong>de trazado llano<\/strong> de entre\nDoneztebe y Behobia.<\/li><li>\n<strong>V\u00eda Verde del Bidasoa,<\/strong> prolongaci\u00f3n hasta el Parque\nNatural del Se\u00f1or\u00edo de Bertiz (8 km), y futura ampliaci\u00f3n hasta Elizondo.<\/li><li>\n<strong>Uraren Bidea \/ Camino del Agua<\/strong>: ruta ciclable (7 km) para\nbicicleta mixta entre Doneztebe y Zubieta, aorillas del r\u00edo Ezkurra.<\/li><\/ul>\n\n\n\n<ul><li>Programa Educativo: <strong>ESCUELA DE BICICLETA Y EDUCACI\u00d3N VIAL<\/strong><\/li><li>Entidad Promotora: <strong>BAZTAN-BIDASOA TURISMOA ELKARGOA<\/strong><\/li><li>Edad participantes: <strong>10 \u2013 17 a\u00f1os<\/strong> (5\u00ba EP \/ 2\u00ba Bachillerato) de Centros Escolares de Navarra.<\/li><li>Plazas ofertadas: <strong>m\u00e1ximo de 300 plazas<\/strong> en programa de 1 d\u00eda, o 150 plazas en programa de 2 d\u00edas.<\/li><li>M\u00ednimo de grupo: <strong>25 alumnos<\/strong> (pueden ser diferentes edades y centros escolares).<\/li><li>M\u00e1ximo de grupo: <strong>50 alumnos<\/strong> (pueden ser diferentes edades y centros escolares).<\/li><li>Profesor acompa\u00f1ante: <strong>SI<\/strong> (m\u00ednimo: 2; no obligatorio participar). Se responsabilizan de los alumnos en tiempos libre.<\/li><li>Fechas: <strong>6 mayo \u2013 15 junio<\/strong> (primavera) \/ <strong>7 octubre \u2013 29 noviembre<\/strong> (oto\u00f1o). Durante la campa\u00f1a se detallar\u00e1 este calendario.<\/li><li>Horario (programa 1 d\u00eda): <strong>10h \u2013 16h<\/strong>. (45\u00b4 para comer).<\/li><li>Horario (programa 2 d\u00edas): <strong>10h \u2013 18h (1\u00ba d\u00eda) y&nbsp; 10h \u2013 16h (2\u00ba d\u00eda)<\/strong>.<\/li><li>Idioma: <strong>EUSKERA y CASTELLANO<\/strong>.<\/li><li>Desplazamiento al Centro BTT: por <strong>cuenta del centro escolar<\/strong>.<\/li><li>En funci\u00f3n de las condiciones climatol\u00f3gicas o las caracter\u00edsticas del grupo (n\u00ba de participantes y nivel), <strong>se podr\u00e1n crear subgrupos y modificar el orden de las unidades <\/strong>tem\u00e1ticas.<\/li><\/ul>\n\n\n\n<h4><strong>Equipo profesional<\/strong><\/h4>\n\n\n\n<p>El programa ser\u00e1 desarrollado por\nun equipo profesional de monitores y gu\u00edas acompa\u00f1antes titulados, a saber: <\/p>\n\n\n\n<ul><li>\n<strong>1\nmonitor-mec\u00e1nico de bicicleta<\/strong> (taller y mec\u00e1nica).<\/li><li>\n<strong>&nbsp;1 gu\u00eda acompa\u00f1ante de bicicleta<\/strong> (paseo\ngu\u00edado y conducci\u00f3n).<\/li><\/ul>\n\n\n\n<p>El ratio\nmonitor\/alumnos ser\u00e1 como <strong>m\u00e1ximo de 1\/15<\/strong>,\ny siempre habr\u00e1 un <strong>m\u00ednimo de 2<\/strong>\nmonitores y\/o gu\u00edas por grupo.<\/p>\n\n\n\n<p><strong>Bizikleta Eskola \/ Escuela de Bicicleta<\/strong> es un proyecto promovido por la Agrupaci\u00f3n Baztan-Bidasoa Turismoa, en el marco del proyecto Ederbidea con los siguientes<\/p>\n\n\n\n<h4><strong>Objetivos:<\/strong><\/h4>\n\n\n\n<ul><li>Fomentar el conocimiento de la <strong>bicicleta como\nmedio de transporte y ocio <\/strong>entre los <strong>j\u00f3venes <\/strong>(en una fase inicial) y\nel p\u00fablico en general (m\u00e1s adelante), y educ\u00e1ndoles en un uso <strong>respetuoso con las normas de conducci\u00f3n\nvial<\/strong>, que permitan un uso seguro de este medio.<\/li><\/ul>\n\n\n\n<ul><li>Valorar\nla bicicleta (paseo o mixta, no BTT t\u00e9cnica) como <strong>medio de desplazamiento\nsaludable <\/strong>para el usuario y <strong>compatible con la conservaci\u00f3n <\/strong>del medio\nambiente.<\/li><\/ul>\n\n\n\n<ul><li>Poner <strong>en valor v\u00edas de comunicaci\u00f3n aptas <\/strong>para\nel tr\u00e1nsito en bicicleta, como la V\u00eda Verde del Bidasoa y caminos rurales\naccesibles, as\u00ed como aquellos previstos para un futuro cercano (Ederbidea,\nEuroVelo\u2026).<\/li><\/ul>\n\n\n\n<ul><li>Poner <strong>en valor recursos naturales y\nculturales <\/strong>pr\u00f3ximas a las v\u00edas ciclables, as\u00ed como las <strong>empresas y\nservicios <\/strong>(alquiler de bicicletas, conducci\u00f3n de clientes\u2026) y alojamientos\ny restauraci\u00f3n (albergues, campings, restaurantes\u2026).<\/li><\/ul>\n\n\n\n<ul><li> <strong>Generar nuevas actividades <\/strong>que ayuden a consolidar la oferta tur\u00edstica y de servicios de Baztan-Bidasoa, mejorando la expectativa laboral y profesional.<\/li><\/ul>\n\n\n\n<p><strong>Bizikleta eskola\/Escuela de bicicleta <\/strong>se enmarca dentro del proyecto transfronterizo EDERBIDEA (<a href=\"http:\/\/www.ederbidea.com\">www.ederbidea.com<\/a>). Un proyecto que se puso en marcha en 2016 y cuyo objetivo principal es la conexi\u00f3n entre Baiona, Pamplona y Donostia-San Sebastian a trav\u00e9s de una red cicloturista que potencie <strong>la conectividad y<\/strong> <strong>movilidad interterritorial. <\/strong>En \u00e9l &nbsp;participa la Agrupaci\u00f3n Baztan-Bidasoa Turismoa y, como socios principales, el Gobierno de Navarra, la Diputaci\u00f3n Foral de Gipuzkoa y el Departamento de Pirineos Atl\u00e1nticos. Est\u00e1 financiado por los fondos europeos Interreg-POCTEFA 2016-2020.<\/p>\n","protected":false},"excerpt":{"rendered":"<p>Todos sabemos andar en bicicleta, pero \u00bfsabemos c\u00f3mo se arregla un pinchazo? \u00bfTenemos los conocimientos b\u00e1sicos de educaci\u00f3n vial? Porque andar en bicicleta es m\u00e1s que pedalear, la Escuela de Bici EDERBIDEA que promueve Baztan-Bidasoa Turismoa es una oportunidad para sacarle el m\u00e1ximo rendimiento al uso de la bicicleta. Se trata de una iniciativa dirigida [&hellip;]<\/p>\n","protected":false},"author":3,"featured_media":22620,"comment_status":"open","ping_status":"open","sticky":false,"template":"","format":"standard","meta":[],"categories":[237,235],"tags":[],"acf":[],"yoast_head":"<!-- This site is optimized with the Yoast SEO plugin v19.10 - https:\/\/yoast.com\/wordpress\/plugins\/seo\/ -->\n<title>Escuela de bici - V\u00eda Verde del Bidasoa - Baztan Bidasoa Turismoa<\/title>\n<meta name=\"description\" content=\"La escuela de bici organizada por Baztan-Bidasoa Turismoa y Alquiler de bicis Ameztia BTT se desarrollar\u00e1 en primavera por la V\u00eda Verde del Bidasoa, Navarra\" \/>\n<meta name=\"robots\" content=\"index, follow, max-snippet:-1, max-image-preview:large, max-video-preview:-1\" \/>\n<link rel=\"canonical\" href=\"https:\/\/baztan-bidasoa.com\/desarrollo\/escuela-de-bici-y-educacion-vial\/\" \/>\n<meta property=\"og:locale\" content=\"es_ES\" \/>\n<meta property=\"og:type\" content=\"article\" \/>\n<meta property=\"og:title\" content=\"Escuela de bici - V\u00eda Verde del Bidasoa - Baztan Bidasoa Turismoa\" \/>\n<meta property=\"og:description\" content=\"La escuela de bici organizada por Baztan-Bidasoa Turismoa y Alquiler de bicis Ameztia BTT se desarrollar\u00e1 en primavera por la V\u00eda Verde del Bidasoa, Navarra\" \/>\n<meta property=\"og:url\" content=\"https:\/\/baztan-bidasoa.com\/desarrollo\/escuela-de-bici-y-educacion-vial\/\" \/>\n<meta property=\"og:site_name\" content=\"Baztan Bidasoa Turismoa\" \/>\n<meta property=\"article:published_time\" content=\"2019-02-19T00:00:00+00:00\" \/>\n<meta property=\"og:image\" content=\"https:\/\/baztan-bidasoa.com\/desarrollo\/wp-content\/uploads\/2020\/04\/Fotograf\u00eda-Bizikleta-eskola.-Escuela-de-bicileta-1-scaled.jpg\" \/>\n\t<meta property=\"og:image:width\" content=\"2560\" \/>\n\t<meta property=\"og:image:height\" content=\"1707\" \/>\n\t<meta property=\"og:image:type\" content=\"image\/jpeg\" \/>\n<meta name=\"author\" content=\"mktpamplona2\" \/>\n<meta name=\"twitter:card\" content=\"summary_large_image\" \/>\n<meta name=\"twitter:label1\" content=\"Escrito por\" \/>\n\t<meta name=\"twitter:data1\" content=\"mktpamplona2\" \/>\n\t<meta name=\"twitter:label2\" content=\"Tiempo de lectura\" \/>\n\t<meta name=\"twitter:data2\" content=\"5 minutos\" \/>\n<script type=\"application\/ld+json\" class=\"yoast-schema-graph\">{\"@context\":\"https:\/\/schema.org\",\"@graph\":[{\"@type\":\"WebPage\",\"@id\":\"https:\/\/baztan-bidasoa.com\/desarrollo\/escuela-de-bici-y-educacion-vial\/\",\"url\":\"https:\/\/baztan-bidasoa.com\/desarrollo\/escuela-de-bici-y-educacion-vial\/\",\"name\":\"Escuela de bici - V\u00eda Verde del Bidasoa - Baztan Bidasoa Turismoa\",\"isPartOf\":{\"@id\":\"https:\/\/baztan-bidasoa.com\/desarrollo\/#website\"},\"datePublished\":\"2019-02-19T00:00:00+00:00\",\"dateModified\":\"2019-02-19T00:00:00+00:00\",\"author\":{\"@id\":\"https:\/\/baztan-bidasoa.com\/desarrollo\/#\/schema\/person\/ec297d7c7c08a77e7ac6292c2b940e42\"},\"description\":\"La escuela de bici organizada por Baztan-Bidasoa Turismoa y Alquiler de bicis Ameztia BTT se desarrollar\u00e1 en primavera por la V\u00eda Verde del Bidasoa, Navarra\",\"breadcrumb\":{\"@id\":\"https:\/\/baztan-bidasoa.com\/desarrollo\/escuela-de-bici-y-educacion-vial\/#breadcrumb\"},\"inLanguage\":\"es\",\"potentialAction\":[{\"@type\":\"ReadAction\",\"target\":[\"https:\/\/baztan-bidasoa.com\/desarrollo\/escuela-de-bici-y-educacion-vial\/\"]}]},{\"@type\":\"BreadcrumbList\",\"@id\":\"https:\/\/baztan-bidasoa.com\/desarrollo\/escuela-de-bici-y-educacion-vial\/#breadcrumb\",\"itemListElement\":[{\"@type\":\"ListItem\",\"position\":1,\"name\":\"Portada\",\"item\":\"https:\/\/baztan-bidasoa.com\/desarrollo\/\"},{\"@type\":\"ListItem\",\"position\":2,\"name\":\"Escuela de bici y educaci\u00f3n vial\"}]},{\"@type\":\"WebSite\",\"@id\":\"https:\/\/baztan-bidasoa.com\/desarrollo\/#website\",\"url\":\"https:\/\/baztan-bidasoa.com\/desarrollo\/\",\"name\":\"Baztan Bidasoa Turismoa\",\"description\":\"Asociaci\u00f3n Tur\u00edstica Baztan-Bidasoa Turismo Elkartea\",\"potentialAction\":[{\"@type\":\"SearchAction\",\"target\":{\"@type\":\"EntryPoint\",\"urlTemplate\":\"https:\/\/baztan-bidasoa.com\/desarrollo\/?s={search_term_string}\"},\"query-input\":\"required name=search_term_string\"}],\"inLanguage\":\"es\"},{\"@type\":\"Person\",\"@id\":\"https:\/\/baztan-bidasoa.com\/desarrollo\/#\/schema\/person\/ec297d7c7c08a77e7ac6292c2b940e42\",\"name\":\"mktpamplona2\",\"image\":{\"@type\":\"ImageObject\",\"inLanguage\":\"es\",\"@id\":\"https:\/\/baztan-bidasoa.com\/desarrollo\/#\/schema\/person\/image\/\",\"url\":\"https:\/\/secure.gravatar.com\/avatar\/132223b7affa4daaa3f3ea2b5597a64f?s=96&d=mm&r=g\",\"contentUrl\":\"https:\/\/secure.gravatar.com\/avatar\/132223b7affa4daaa3f3ea2b5597a64f?s=96&d=mm&r=g\",\"caption\":\"mktpamplona2\"}}]}<\/script>\n<!-- \/ Yoast SEO plugin. -->","yoast_head_json":{"title":"Escuela de bici - V\u00eda Verde del Bidasoa - Baztan Bidasoa Turismoa","description":"La escuela de bici organizada por Baztan-Bidasoa Turismoa y Alquiler de bicis Ameztia BTT se desarrollar\u00e1 en primavera por la V\u00eda Verde del Bidasoa, Navarra","robots":{"index":"index","follow":"follow","max-snippet":"max-snippet:-1","max-image-preview":"max-image-preview:large","max-video-preview":"max-video-preview:-1"},"canonical":"https:\/\/baztan-bidasoa.com\/desarrollo\/escuela-de-bici-y-educacion-vial\/","og_locale":"es_ES","og_type":"article","og_title":"Escuela de bici - V\u00eda Verde del Bidasoa - Baztan Bidasoa Turismoa","og_description":"La escuela de bici organizada por Baztan-Bidasoa Turismoa y Alquiler de bicis Ameztia BTT se desarrollar\u00e1 en primavera por la V\u00eda Verde del Bidasoa, Navarra","og_url":"https:\/\/baztan-bidasoa.com\/desarrollo\/escuela-de-bici-y-educacion-vial\/","og_site_name":"Baztan Bidasoa Turismoa","article_published_time":"2019-02-19T00:00:00+00:00","og_image":[{"width":2560,"height":1707,"url":"https:\/\/baztan-bidasoa.com\/desarrollo\/wp-content\/uploads\/2020\/04\/Fotograf\u00eda-Bizikleta-eskola.-Escuela-de-bicileta-1-scaled.jpg","type":"image\/jpeg"}],"author":"mktpamplona2","twitter_card":"summary_large_image","twitter_misc":{"Escrito por":"mktpamplona2","Tiempo de lectura":"5 minutos"},"schema":{"@context":"https:\/\/schema.org","@graph":[{"@type":"WebPage","@id":"https:\/\/baztan-bidasoa.com\/desarrollo\/escuela-de-bici-y-educacion-vial\/","url":"https:\/\/baztan-bidasoa.com\/desarrollo\/escuela-de-bici-y-educacion-vial\/","name":"Escuela de bici - V\u00eda Verde del Bidasoa - Baztan Bidasoa Turismoa","isPartOf":{"@id":"https:\/\/baztan-bidasoa.com\/desarrollo\/#website"},"datePublished":"2019-02-19T00:00:00+00:00","dateModified":"2019-02-19T00:00:00+00:00","author":{"@id":"https:\/\/baztan-bidasoa.com\/desarrollo\/#\/schema\/person\/ec297d7c7c08a77e7ac6292c2b940e42"},"description":"La escuela de bici organizada por Baztan-Bidasoa Turismoa y Alquiler de bicis Ameztia BTT se desarrollar\u00e1 en primavera por la V\u00eda Verde del Bidasoa, Navarra","breadcrumb":{"@id":"https:\/\/baztan-bidasoa.com\/desarrollo\/escuela-de-bici-y-educacion-vial\/#breadcrumb"},"inLanguage":"es","potentialAction":[{"@type":"ReadAction","target":["https:\/\/baztan-bidasoa.com\/desarrollo\/escuela-de-bici-y-educacion-vial\/"]}]},{"@type":"BreadcrumbList","@id":"https:\/\/baztan-bidasoa.com\/desarrollo\/escuela-de-bici-y-educacion-vial\/#breadcrumb","itemListElement":[{"@type":"ListItem","position":1,"name":"Portada","item":"https:\/\/baztan-bidasoa.com\/desarrollo\/"},{"@type":"ListItem","position":2,"name":"Escuela de bici y educaci\u00f3n vial"}]},{"@type":"WebSite","@id":"https:\/\/baztan-bidasoa.com\/desarrollo\/#website","url":"https:\/\/baztan-bidasoa.com\/desarrollo\/","name":"Baztan Bidasoa Turismoa","description":"Asociaci\u00f3n Tur\u00edstica Baztan-Bidasoa Turismo Elkartea","potentialAction":[{"@type":"SearchAction","target":{"@type":"EntryPoint","urlTemplate":"https:\/\/baztan-bidasoa.com\/desarrollo\/?s={search_term_string}"},"query-input":"required name=search_term_string"}],"inLanguage":"es"},{"@type":"Person","@id":"https:\/\/baztan-bidasoa.com\/desarrollo\/#\/schema\/person\/ec297d7c7c08a77e7ac6292c2b940e42","name":"mktpamplona2","image":{"@type":"ImageObject","inLanguage":"es","@id":"https:\/\/baztan-bidasoa.com\/desarrollo\/#\/schema\/person\/image\/","url":"https:\/\/secure.gravatar.com\/avatar\/132223b7affa4daaa3f3ea2b5597a64f?s=96&d=mm&r=g","contentUrl":"https:\/\/secure.gravatar.com\/avatar\/132223b7affa4daaa3f3ea2b5597a64f?s=96&d=mm&r=g","caption":"mktpamplona2"}}]}},"_links":{"self":[{"href":"https:\/\/baztan-bidasoa.com\/desarrollo\/wp-json\/wp\/v2\/posts\/22618"}],"collection":[{"href":"https:\/\/baztan-bidasoa.com\/desarrollo\/wp-json\/wp\/v2\/posts"}],"about":[{"href":"https:\/\/baztan-bidasoa.com\/desarrollo\/wp-json\/wp\/v2\/types\/post"}],"author":[{"embeddable":true,"href":"https:\/\/baztan-bidasoa.com\/desarrollo\/wp-json\/wp\/v2\/users\/3"}],"replies":[{"embeddable":true,"href":"https:\/\/baztan-bidasoa.com\/desarrollo\/wp-json\/wp\/v2\/comments?post=22618"}],"version-history":[{"count":0,"href":"https:\/\/baztan-bidasoa.com\/desarrollo\/wp-json\/wp\/v2\/posts\/22618\/revisions"}],"wp:featuredmedia":[{"embeddable":true,"href":"https:\/\/baztan-bidasoa.com\/desarrollo\/wp-json\/wp\/v2\/media\/22620"}],"wp:attachment":[{"href":"https:\/\/baztan-bidasoa.com\/desarrollo\/wp-json\/wp\/v2\/media?parent=22618"}],"wp:term":[{"taxonomy":"category","embeddable":true,"href":"https:\/\/baztan-bidasoa.com\/desarrollo\/wp-json\/wp\/v2\/categories?post=22618"},{"taxonomy":"post_tag","embeddable":true,"href":"https:\/\/baztan-bidasoa.com\/desarrollo\/wp-json\/wp\/v2\/tags?post=22618"}],"curies":[{"name":"wp","href":"https:\/\/api.w.org\/{rel}","templated":true}]}}