{"id":22538,"date":"2018-11-28T00:00:00","date_gmt":"2018-11-28T00:00:00","guid":{"rendered":"https:\/\/baztan-bidasoa.com\/desarrollo\/encendido-de-la-carbonera-en-irrisarri-land\/"},"modified":"2018-11-28T00:00:00","modified_gmt":"2018-11-28T00:00:00","slug":"encendido-de-la-carbonera-en-irrisarri-land","status":"publish","type":"post","link":"https:\/\/baztan-bidasoa.com\/desarrollo\/encendido-de-la-carbonera-en-irrisarri-land\/","title":{"rendered":"Encendido de la Carbonera en Irrisarri Land"},"content":{"rendered":"<h2>Irrisarri Land enciende la \u00abtxondorra\u00bb en homenaje a Olentzero, el carbonero m\u00e1s conocido y popular de Euskal Herria<\/h2>\n<h5>La actriz Aizpea Goenaga ser\u00e1 la encargada del encendido de la carbonera de Irrisarri Land, el s\u00e1bado 1 de diciembre. La actriz donostiarra ser\u00e1 la encargada de el encendido de la \u00abtxondorra\u00bb por su contribuci\u00f3n al euskara y a la cultura vasca.<\/h5>\n<h5>El parque iniciar\u00e1 ese d\u00eda una semana llena de actividades culturales, con visitas guiadas a la carbonera que incluyen degustaci\u00f3n de casta\u00f1as y pintxo-pote en la taberna.<\/h5>\n<h5>Olentzero por su parte ha anunciado que estar\u00e1 en Irrisarri Land los d\u00edas 22 y 23 de diciembre para recoger las cartas de l@s ni\u00f1@s.<\/h5>\n<p>&nbsp;<\/p>\n<figure id=\"attachment_12938\" aria-describedby=\"caption-attachment-12938\" style=\"width: 350px\" class=\"wp-caption alignleft\"><a href=\"https:\/\/baztan-bidasoa.com\/desarrollo\/wp-content\/uploads\/2020\/01\/totitxondorra-scaled.jpg\"><img decoding=\"async\" loading=\"lazy\" class=\"wp-image-12938 size-us_350_350_crop\" src=\"https:\/\/baztan-bidasoa.com\/desarrollo\/wp-content\/uploads\/2020\/01\/totitxondorra-scaled.jpg\" alt=\"Encendido de la carbonera 2017. Toti Mart\u00ednez de Lezea enciende la txondorra de Irrisarri Land\" width=\"350\" height=\"350\" data-wp-pid=\"12938\" \/><\/a><figcaption id=\"caption-attachment-12938\" class=\"wp-caption-text\">Encendido de la carbonera 2017. Toti Mart\u00ednez de Lezea enciende la txondorra de Irrisarri Land<\/figcaption><\/figure>\n<h5><strong>D\u00eda de la carbonera<\/strong><\/h5>\n<p><strong>D\u00eda 1 de Diciembre, S\u00e1bado:<\/strong><br \/>\nVisitas guiadas al Museo del Carb\u00f3n durante todo el d\u00eda.<br \/>\nMenu Carbonero en el Restaurante Jolastoki.<br \/>\nPintxo-Pote<br \/>\n18:00h: Encendido de la Carbonera con Aizpea Goenaga.<br \/>\n19:00h : Conociendo a Aizpea Goenaga, en la Taberna Jolastoki<br \/>\n20:00h: Cena, Kantu Zaharrak.<\/p>\n<p><strong>Del 2 al 9 de diciembre:<\/strong><br \/>\nVisitas guiada a la carbonera encendida. Conociendo al carbonero.<br \/>\nDegustaci\u00f3n de casta\u00f1as.<\/p>\n<p>&nbsp;<\/p>\n<h5>Para la construcci\u00f3n de la carbonera de este a\u00f1o se han\u00a0 han empleado 15.000 kg. de madera de los bosques de Irisarri, casta\u00f1o y roble en su mayor\u00eda.<\/h5>\n<h5>Una vez encendida la \u00abtxondorra\u00bb, personas voluntarias de IrriSarri Land cuidar\u00e1n de la \u00abtxondorra\u00bb para que todo vaya bien y poder empezar a obtener carb\u00f3n a principios de enero.<\/h5>\n<h5>Se espera obtener alrededor de 11.000 kg. de carb\u00f3n que se utilizar\u00e1 en las parrillas de los restaurantes del parque<\/h5>\n<p>Pincha <a href=\"https:\/\/baztan-bidasoa.com\/desarrollo\/wp-content\/uploads\/2018\/11\/Nota-de-Prensa.-Txondorra2018.pdf\">aqu\u00ed <\/a>para leer la nota de prensa<\/p>\n<p>&nbsp;<\/p>\n<p>&nbsp;<\/p>\n","protected":false},"excerpt":{"rendered":"<p>Irrisarri Land enciende la \u00abtxondorra\u00bb en homenaje a Olentzero, el carbonero m\u00e1s conocido y popular de Euskal Herria La actriz Aizpea Goenaga ser\u00e1 la encargada del encendido de la carbonera de Irrisarri Land, el s\u00e1bado 1 de diciembre. La actriz donostiarra ser\u00e1 la encargada de el encendido de la \u00abtxondorra\u00bb por su contribuci\u00f3n al euskara [&hellip;]<\/p>\n","protected":false},"author":3,"featured_media":22539,"comment_status":"open","ping_status":"open","sticky":false,"template":"","format":"standard","meta":[],"categories":[237],"tags":[604,606,590,592,309],"acf":[],"yoast_head":"<!-- This site is optimized with the Yoast SEO plugin v19.10 - https:\/\/yoast.com\/wordpress\/plugins\/seo\/ -->\n<title>Encendido de la carbonera - Baztan Bidasoa Turismoa<\/title>\n<meta name=\"description\" content=\"Irrisarri Land enciende la &quot;txondorra&quot; y este a\u00f1o la encargada del encendido de la txondorra ser\u00e1 ala acrtix Aizpea Goenaga.\" \/>\n<meta name=\"robots\" content=\"index, follow, max-snippet:-1, max-image-preview:large, max-video-preview:-1\" \/>\n<link rel=\"canonical\" href=\"https:\/\/baztan-bidasoa.com\/desarrollo\/encendido-de-la-carbonera-en-irrisarri-land\/\" \/>\n<meta property=\"og:locale\" content=\"es_ES\" \/>\n<meta property=\"og:type\" content=\"article\" \/>\n<meta property=\"og:title\" content=\"Encendido de la carbonera - Baztan Bidasoa Turismoa\" \/>\n<meta property=\"og:description\" content=\"Irrisarri Land enciende la &quot;txondorra&quot; y este a\u00f1o la encargada del encendido de la txondorra ser\u00e1 ala acrtix Aizpea Goenaga.\" \/>\n<meta property=\"og:url\" content=\"https:\/\/baztan-bidasoa.com\/desarrollo\/encendido-de-la-carbonera-en-irrisarri-land\/\" \/>\n<meta property=\"og:site_name\" content=\"Baztan Bidasoa Turismoa\" \/>\n<meta property=\"article:published_time\" content=\"2018-11-28T00:00:00+00:00\" \/>\n<meta property=\"og:image\" content=\"https:\/\/baztan-bidasoa.com\/desarrollo\/wp-content\/uploads\/2020\/04\/Olentzero-Irrisarri-Land.jpg\" \/>\n\t<meta property=\"og:image:width\" content=\"960\" \/>\n\t<meta property=\"og:image:height\" content=\"540\" \/>\n\t<meta property=\"og:image:type\" content=\"image\/jpeg\" \/>\n<meta name=\"author\" content=\"mktpamplona2\" \/>\n<meta name=\"twitter:card\" content=\"summary_large_image\" \/>\n<meta name=\"twitter:label1\" content=\"Escrito por\" \/>\n\t<meta name=\"twitter:data1\" content=\"mktpamplona2\" \/>\n\t<meta name=\"twitter:label2\" content=\"Tiempo de lectura\" \/>\n\t<meta name=\"twitter:data2\" content=\"2 minutos\" \/>\n<script type=\"application\/ld+json\" class=\"yoast-schema-graph\">{\"@context\":\"https:\/\/schema.org\",\"@graph\":[{\"@type\":\"WebPage\",\"@id\":\"https:\/\/baztan-bidasoa.com\/desarrollo\/encendido-de-la-carbonera-en-irrisarri-land\/\",\"url\":\"https:\/\/baztan-bidasoa.com\/desarrollo\/encendido-de-la-carbonera-en-irrisarri-land\/\",\"name\":\"Encendido de la carbonera - Baztan Bidasoa Turismoa\",\"isPartOf\":{\"@id\":\"https:\/\/baztan-bidasoa.com\/desarrollo\/#website\"},\"datePublished\":\"2018-11-28T00:00:00+00:00\",\"dateModified\":\"2018-11-28T00:00:00+00:00\",\"author\":{\"@id\":\"https:\/\/baztan-bidasoa.com\/desarrollo\/#\/schema\/person\/ec297d7c7c08a77e7ac6292c2b940e42\"},\"description\":\"Irrisarri Land enciende la \\\"txondorra\\\" y este a\u00f1o la encargada del encendido de la txondorra ser\u00e1 ala acrtix Aizpea Goenaga.\",\"breadcrumb\":{\"@id\":\"https:\/\/baztan-bidasoa.com\/desarrollo\/encendido-de-la-carbonera-en-irrisarri-land\/#breadcrumb\"},\"inLanguage\":\"es\",\"potentialAction\":[{\"@type\":\"ReadAction\",\"target\":[\"https:\/\/baztan-bidasoa.com\/desarrollo\/encendido-de-la-carbonera-en-irrisarri-land\/\"]}]},{\"@type\":\"BreadcrumbList\",\"@id\":\"https:\/\/baztan-bidasoa.com\/desarrollo\/encendido-de-la-carbonera-en-irrisarri-land\/#breadcrumb\",\"itemListElement\":[{\"@type\":\"ListItem\",\"position\":1,\"name\":\"Portada\",\"item\":\"https:\/\/baztan-bidasoa.com\/desarrollo\/\"},{\"@type\":\"ListItem\",\"position\":2,\"name\":\"Encendido de la Carbonera en Irrisarri Land\"}]},{\"@type\":\"WebSite\",\"@id\":\"https:\/\/baztan-bidasoa.com\/desarrollo\/#website\",\"url\":\"https:\/\/baztan-bidasoa.com\/desarrollo\/\",\"name\":\"Baztan Bidasoa Turismoa\",\"description\":\"Asociaci\u00f3n Tur\u00edstica Baztan-Bidasoa Turismo Elkartea\",\"potentialAction\":[{\"@type\":\"SearchAction\",\"target\":{\"@type\":\"EntryPoint\",\"urlTemplate\":\"https:\/\/baztan-bidasoa.com\/desarrollo\/?s={search_term_string}\"},\"query-input\":\"required name=search_term_string\"}],\"inLanguage\":\"es\"},{\"@type\":\"Person\",\"@id\":\"https:\/\/baztan-bidasoa.com\/desarrollo\/#\/schema\/person\/ec297d7c7c08a77e7ac6292c2b940e42\",\"name\":\"mktpamplona2\",\"image\":{\"@type\":\"ImageObject\",\"inLanguage\":\"es\",\"@id\":\"https:\/\/baztan-bidasoa.com\/desarrollo\/#\/schema\/person\/image\/\",\"url\":\"https:\/\/secure.gravatar.com\/avatar\/132223b7affa4daaa3f3ea2b5597a64f?s=96&d=mm&r=g\",\"contentUrl\":\"https:\/\/secure.gravatar.com\/avatar\/132223b7affa4daaa3f3ea2b5597a64f?s=96&d=mm&r=g\",\"caption\":\"mktpamplona2\"}}]}<\/script>\n<!-- \/ Yoast SEO plugin. -->","yoast_head_json":{"title":"Encendido de la carbonera - Baztan Bidasoa Turismoa","description":"Irrisarri Land enciende la \"txondorra\" y este a\u00f1o la encargada del encendido de la txondorra ser\u00e1 ala acrtix Aizpea Goenaga.","robots":{"index":"index","follow":"follow","max-snippet":"max-snippet:-1","max-image-preview":"max-image-preview:large","max-video-preview":"max-video-preview:-1"},"canonical":"https:\/\/baztan-bidasoa.com\/desarrollo\/encendido-de-la-carbonera-en-irrisarri-land\/","og_locale":"es_ES","og_type":"article","og_title":"Encendido de la carbonera - Baztan Bidasoa Turismoa","og_description":"Irrisarri Land enciende la \"txondorra\" y este a\u00f1o la encargada del encendido de la txondorra ser\u00e1 ala acrtix Aizpea Goenaga.","og_url":"https:\/\/baztan-bidasoa.com\/desarrollo\/encendido-de-la-carbonera-en-irrisarri-land\/","og_site_name":"Baztan Bidasoa Turismoa","article_published_time":"2018-11-28T00:00:00+00:00","og_image":[{"width":960,"height":540,"url":"https:\/\/baztan-bidasoa.com\/desarrollo\/wp-content\/uploads\/2020\/04\/Olentzero-Irrisarri-Land.jpg","type":"image\/jpeg"}],"author":"mktpamplona2","twitter_card":"summary_large_image","twitter_misc":{"Escrito por":"mktpamplona2","Tiempo de lectura":"2 minutos"},"schema":{"@context":"https:\/\/schema.org","@graph":[{"@type":"WebPage","@id":"https:\/\/baztan-bidasoa.com\/desarrollo\/encendido-de-la-carbonera-en-irrisarri-land\/","url":"https:\/\/baztan-bidasoa.com\/desarrollo\/encendido-de-la-carbonera-en-irrisarri-land\/","name":"Encendido de la carbonera - Baztan Bidasoa Turismoa","isPartOf":{"@id":"https:\/\/baztan-bidasoa.com\/desarrollo\/#website"},"datePublished":"2018-11-28T00:00:00+00:00","dateModified":"2018-11-28T00:00:00+00:00","author":{"@id":"https:\/\/baztan-bidasoa.com\/desarrollo\/#\/schema\/person\/ec297d7c7c08a77e7ac6292c2b940e42"},"description":"Irrisarri Land enciende la \"txondorra\" y este a\u00f1o la encargada del encendido de la txondorra ser\u00e1 ala acrtix Aizpea Goenaga.","breadcrumb":{"@id":"https:\/\/baztan-bidasoa.com\/desarrollo\/encendido-de-la-carbonera-en-irrisarri-land\/#breadcrumb"},"inLanguage":"es","potentialAction":[{"@type":"ReadAction","target":["https:\/\/baztan-bidasoa.com\/desarrollo\/encendido-de-la-carbonera-en-irrisarri-land\/"]}]},{"@type":"BreadcrumbList","@id":"https:\/\/baztan-bidasoa.com\/desarrollo\/encendido-de-la-carbonera-en-irrisarri-land\/#breadcrumb","itemListElement":[{"@type":"ListItem","position":1,"name":"Portada","item":"https:\/\/baztan-bidasoa.com\/desarrollo\/"},{"@type":"ListItem","position":2,"name":"Encendido de la Carbonera en Irrisarri Land"}]},{"@type":"WebSite","@id":"https:\/\/baztan-bidasoa.com\/desarrollo\/#website","url":"https:\/\/baztan-bidasoa.com\/desarrollo\/","name":"Baztan Bidasoa Turismoa","description":"Asociaci\u00f3n Tur\u00edstica Baztan-Bidasoa Turismo Elkartea","potentialAction":[{"@type":"SearchAction","target":{"@type":"EntryPoint","urlTemplate":"https:\/\/baztan-bidasoa.com\/desarrollo\/?s={search_term_string}"},"query-input":"required name=search_term_string"}],"inLanguage":"es"},{"@type":"Person","@id":"https:\/\/baztan-bidasoa.com\/desarrollo\/#\/schema\/person\/ec297d7c7c08a77e7ac6292c2b940e42","name":"mktpamplona2","image":{"@type":"ImageObject","inLanguage":"es","@id":"https:\/\/baztan-bidasoa.com\/desarrollo\/#\/schema\/person\/image\/","url":"https:\/\/secure.gravatar.com\/avatar\/132223b7affa4daaa3f3ea2b5597a64f?s=96&d=mm&r=g","contentUrl":"https:\/\/secure.gravatar.com\/avatar\/132223b7affa4daaa3f3ea2b5597a64f?s=96&d=mm&r=g","caption":"mktpamplona2"}}]}},"_links":{"self":[{"href":"https:\/\/baztan-bidasoa.com\/desarrollo\/wp-json\/wp\/v2\/posts\/22538"}],"collection":[{"href":"https:\/\/baztan-bidasoa.com\/desarrollo\/wp-json\/wp\/v2\/posts"}],"about":[{"href":"https:\/\/baztan-bidasoa.com\/desarrollo\/wp-json\/wp\/v2\/types\/post"}],"author":[{"embeddable":true,"href":"https:\/\/baztan-bidasoa.com\/desarrollo\/wp-json\/wp\/v2\/users\/3"}],"replies":[{"embeddable":true,"href":"https:\/\/baztan-bidasoa.com\/desarrollo\/wp-json\/wp\/v2\/comments?post=22538"}],"version-history":[{"count":0,"href":"https:\/\/baztan-bidasoa.com\/desarrollo\/wp-json\/wp\/v2\/posts\/22538\/revisions"}],"wp:featuredmedia":[{"embeddable":true,"href":"https:\/\/baztan-bidasoa.com\/desarrollo\/wp-json\/wp\/v2\/media\/22539"}],"wp:attachment":[{"href":"https:\/\/baztan-bidasoa.com\/desarrollo\/wp-json\/wp\/v2\/media?parent=22538"}],"wp:term":[{"taxonomy":"category","embeddable":true,"href":"https:\/\/baztan-bidasoa.com\/desarrollo\/wp-json\/wp\/v2\/categories?post=22538"},{"taxonomy":"post_tag","embeddable":true,"href":"https:\/\/baztan-bidasoa.com\/desarrollo\/wp-json\/wp\/v2\/tags?post=22538"}],"curies":[{"name":"wp","href":"https:\/\/api.w.org\/{rel}","templated":true}]}}