{"id":22423,"date":"2018-08-31T00:00:00","date_gmt":"2018-08-31T00:00:00","guid":{"rendered":"https:\/\/baztan-bidasoa.com\/desarrollo\/agenda-de-septiembre\/"},"modified":"2018-08-31T00:00:00","modified_gmt":"2018-08-31T00:00:00","slug":"agenda-de-septiembre","status":"publish","type":"post","link":"https:\/\/baztan-bidasoa.com\/desarrollo\/agenda-de-septiembre\/","title":{"rendered":"Agenda de septiembre"},"content":{"rendered":"<h4><span style=\"color: #008000;\">\u00a1Terminamos septiembre como empezamos, con la agenda a rebosar!\u00a0<\/span><\/h4>\n<p><span style=\"color: #008000;\">Paseos guiados en bicicleta por la V\u00eda Verde del Bidasoa, fiestas patronales en Igantzi y Urroz de Santesteban, Cap\u00edtulo de la Cofrad\u00eda del Hongo y la Seta de Navarra en Elgorriaga,&#8230; Adem\u00e1s en la agenda de septiembre en Navarra encontrar\u00e1s Turismo activo, cultural, aventura, relax..<\/span><\/p>\n<h4><span style=\"color: #008000;\">Agenda de septiembre en Navarra<\/span><\/h4>\n<h5>Consulta la <a href=\"https:\/\/baztan-bidasoa.com\/desarrollo\/wp-content\/uploads\/2018\/08\/AGENDA-SEPTIEMBRE-5.pdf\">AGENDA SEPTIEMBRE<\/a>y ver\u00e1s todo lo que puedes hacer en Baztan-Bidasoa.<\/h5>\n<h5>Consulta <a href=\"https:\/\/baztan-bidasoa.com\/desarrollo\/wp-content\/uploads\/2018\/08\/HORARIOS-SEPTIEMBRE-1.pdf\">AQU\u00cd<\/a> los horarios de nuestras visitas guiadas: visitas natural\u00edsticas, gastron\u00f3micas, exposiciones, informaci\u00f3n general,&#8230;<\/h5>\n<h5>Desc\u00e1rgate <a href=\"http:\/\/www.turismo.navarra.es\/imgs\/rrtt\/12\/00\/00\/00\/3271DOCAJ210.PDF\">AQU\u00cd<\/a>\u00a0los horarios de las Oficinas de Turismo, punto de informaci\u00f3n y lugares de inter\u00e9s de Baztan-Bidasoa (Informaci\u00f3n oficial del Departamento de Turismo del Gobierno de Navarra)<\/h5>\n<figure id=\"attachment_12618\" aria-describedby=\"caption-attachment-12618\" style=\"width: 250px\" class=\"wp-caption alignleft\"><a href=\"https:\/\/baztan-bidasoa.com\/desarrollo\/wp-content\/uploads\/2018\/08\/GIN-TONIK-GAUA.jpg\"><img decoding=\"async\" loading=\"lazy\" class=\"wp-image-12618\" src=\"https:\/\/baztan-bidasoa.com\/desarrollo\/wp-content\/uploads\/2018\/08\/GIN-TONIK-GAUA.jpg\" alt=\"Noche de Gintonic en el Bar Futbol\u00edn Ostatua de Elizondo (Baztan, Navarra)\" width=\"250\" height=\"313\" data-wp-pid=\"12618\" \/><\/a><figcaption id=\"caption-attachment-12618\" class=\"wp-caption-text\">Noche de Gintonic y concierto del grupo Lamia en el Bar Futbolin Ostatua de Elizondo (Baztan, Navarra)<\/figcaption><\/figure>\n","protected":false},"excerpt":{"rendered":"<p>\u00a1Terminamos septiembre como empezamos, con la agenda a rebosar!\u00a0 Paseos guiados en bicicleta por la V\u00eda Verde del Bidasoa, fiestas patronales en Igantzi y Urroz de Santesteban, Cap\u00edtulo de la Cofrad\u00eda del Hongo y la Seta de Navarra en Elgorriaga,&#8230; Adem\u00e1s en la agenda de septiembre en Navarra encontrar\u00e1s Turismo activo, cultural, aventura, relax.. Agenda [&hellip;]<\/p>\n","protected":false},"author":3,"featured_media":8992,"comment_status":"open","ping_status":"open","sticky":false,"template":"","format":"standard","meta":[],"categories":[237,235],"tags":[307,339,351,393,538,285,522,403,277,347],"acf":[],"yoast_head":"<!-- This site is optimized with the Yoast SEO plugin v19.10 - https:\/\/yoast.com\/wordpress\/plugins\/seo\/ -->\n<title>Agenda de septiembre en Navarra- BAZTAN BIDASOA TURISMOA<\/title>\n<meta name=\"description\" content=\"La agenda de septiembre en Navarra incluye las actividades de Baztan Bidasoa. Ferias, tradiciones, exposiciones, visitas guiadas, charlas,...\" \/>\n<meta name=\"robots\" content=\"index, follow, max-snippet:-1, max-image-preview:large, max-video-preview:-1\" \/>\n<link rel=\"canonical\" href=\"https:\/\/baztan-bidasoa.com\/desarrollo\/agenda-de-septiembre\/\" \/>\n<meta property=\"og:locale\" content=\"es_ES\" \/>\n<meta property=\"og:type\" content=\"article\" \/>\n<meta property=\"og:title\" content=\"Agenda de septiembre en Navarra- BAZTAN BIDASOA TURISMOA\" \/>\n<meta property=\"og:description\" content=\"La agenda de septiembre en Navarra incluye las actividades de Baztan Bidasoa. Ferias, tradiciones, exposiciones, visitas guiadas, charlas,...\" \/>\n<meta property=\"og:url\" content=\"https:\/\/baztan-bidasoa.com\/desarrollo\/agenda-de-septiembre\/\" \/>\n<meta property=\"og:site_name\" content=\"Baztan Bidasoa Turismoa\" \/>\n<meta property=\"article:published_time\" content=\"2018-08-31T00:00:00+00:00\" \/>\n<meta property=\"og:image\" content=\"https:\/\/baztan-bidasoa.com\/desarrollo\/wp-content\/uploads\/2020\/01\/Pottokas-en-Larun-scaled.jpg\" \/>\n\t<meta property=\"og:image:width\" content=\"2560\" \/>\n\t<meta property=\"og:image:height\" content=\"1920\" \/>\n\t<meta property=\"og:image:type\" content=\"image\/jpeg\" \/>\n<meta name=\"author\" content=\"mktpamplona2\" \/>\n<meta name=\"twitter:card\" content=\"summary_large_image\" \/>\n<meta name=\"twitter:label1\" content=\"Escrito por\" \/>\n\t<meta name=\"twitter:data1\" content=\"mktpamplona2\" \/>\n\t<meta name=\"twitter:label2\" content=\"Tiempo de lectura\" \/>\n\t<meta name=\"twitter:data2\" content=\"1 minuto\" \/>\n<script type=\"application\/ld+json\" class=\"yoast-schema-graph\">{\"@context\":\"https:\/\/schema.org\",\"@graph\":[{\"@type\":\"WebPage\",\"@id\":\"https:\/\/baztan-bidasoa.com\/desarrollo\/agenda-de-septiembre\/\",\"url\":\"https:\/\/baztan-bidasoa.com\/desarrollo\/agenda-de-septiembre\/\",\"name\":\"Agenda de septiembre en Navarra- BAZTAN BIDASOA TURISMOA\",\"isPartOf\":{\"@id\":\"https:\/\/baztan-bidasoa.com\/desarrollo\/#website\"},\"datePublished\":\"2018-08-31T00:00:00+00:00\",\"dateModified\":\"2018-08-31T00:00:00+00:00\",\"author\":{\"@id\":\"https:\/\/baztan-bidasoa.com\/desarrollo\/#\/schema\/person\/ec297d7c7c08a77e7ac6292c2b940e42\"},\"description\":\"La agenda de septiembre en Navarra incluye las actividades de Baztan Bidasoa. Ferias, tradiciones, exposiciones, visitas guiadas, charlas,...\",\"breadcrumb\":{\"@id\":\"https:\/\/baztan-bidasoa.com\/desarrollo\/agenda-de-septiembre\/#breadcrumb\"},\"inLanguage\":\"es\",\"potentialAction\":[{\"@type\":\"ReadAction\",\"target\":[\"https:\/\/baztan-bidasoa.com\/desarrollo\/agenda-de-septiembre\/\"]}]},{\"@type\":\"BreadcrumbList\",\"@id\":\"https:\/\/baztan-bidasoa.com\/desarrollo\/agenda-de-septiembre\/#breadcrumb\",\"itemListElement\":[{\"@type\":\"ListItem\",\"position\":1,\"name\":\"Portada\",\"item\":\"https:\/\/baztan-bidasoa.com\/desarrollo\/\"},{\"@type\":\"ListItem\",\"position\":2,\"name\":\"Agenda de septiembre\"}]},{\"@type\":\"WebSite\",\"@id\":\"https:\/\/baztan-bidasoa.com\/desarrollo\/#website\",\"url\":\"https:\/\/baztan-bidasoa.com\/desarrollo\/\",\"name\":\"Baztan Bidasoa Turismoa\",\"description\":\"Asociaci\u00f3n Tur\u00edstica Baztan-Bidasoa Turismo Elkartea\",\"potentialAction\":[{\"@type\":\"SearchAction\",\"target\":{\"@type\":\"EntryPoint\",\"urlTemplate\":\"https:\/\/baztan-bidasoa.com\/desarrollo\/?s={search_term_string}\"},\"query-input\":\"required name=search_term_string\"}],\"inLanguage\":\"es\"},{\"@type\":\"Person\",\"@id\":\"https:\/\/baztan-bidasoa.com\/desarrollo\/#\/schema\/person\/ec297d7c7c08a77e7ac6292c2b940e42\",\"name\":\"mktpamplona2\",\"image\":{\"@type\":\"ImageObject\",\"inLanguage\":\"es\",\"@id\":\"https:\/\/baztan-bidasoa.com\/desarrollo\/#\/schema\/person\/image\/\",\"url\":\"https:\/\/secure.gravatar.com\/avatar\/132223b7affa4daaa3f3ea2b5597a64f?s=96&d=mm&r=g\",\"contentUrl\":\"https:\/\/secure.gravatar.com\/avatar\/132223b7affa4daaa3f3ea2b5597a64f?s=96&d=mm&r=g\",\"caption\":\"mktpamplona2\"}}]}<\/script>\n<!-- \/ Yoast SEO plugin. -->","yoast_head_json":{"title":"Agenda de septiembre en Navarra- BAZTAN BIDASOA TURISMOA","description":"La agenda de septiembre en Navarra incluye las actividades de Baztan Bidasoa. Ferias, tradiciones, exposiciones, visitas guiadas, charlas,...","robots":{"index":"index","follow":"follow","max-snippet":"max-snippet:-1","max-image-preview":"max-image-preview:large","max-video-preview":"max-video-preview:-1"},"canonical":"https:\/\/baztan-bidasoa.com\/desarrollo\/agenda-de-septiembre\/","og_locale":"es_ES","og_type":"article","og_title":"Agenda de septiembre en Navarra- BAZTAN BIDASOA TURISMOA","og_description":"La agenda de septiembre en Navarra incluye las actividades de Baztan Bidasoa. Ferias, tradiciones, exposiciones, visitas guiadas, charlas,...","og_url":"https:\/\/baztan-bidasoa.com\/desarrollo\/agenda-de-septiembre\/","og_site_name":"Baztan Bidasoa Turismoa","article_published_time":"2018-08-31T00:00:00+00:00","og_image":[{"width":2560,"height":1920,"url":"https:\/\/baztan-bidasoa.com\/desarrollo\/wp-content\/uploads\/2020\/01\/Pottokas-en-Larun-scaled.jpg","type":"image\/jpeg"}],"author":"mktpamplona2","twitter_card":"summary_large_image","twitter_misc":{"Escrito por":"mktpamplona2","Tiempo de lectura":"1 minuto"},"schema":{"@context":"https:\/\/schema.org","@graph":[{"@type":"WebPage","@id":"https:\/\/baztan-bidasoa.com\/desarrollo\/agenda-de-septiembre\/","url":"https:\/\/baztan-bidasoa.com\/desarrollo\/agenda-de-septiembre\/","name":"Agenda de septiembre en Navarra- BAZTAN BIDASOA TURISMOA","isPartOf":{"@id":"https:\/\/baztan-bidasoa.com\/desarrollo\/#website"},"datePublished":"2018-08-31T00:00:00+00:00","dateModified":"2018-08-31T00:00:00+00:00","author":{"@id":"https:\/\/baztan-bidasoa.com\/desarrollo\/#\/schema\/person\/ec297d7c7c08a77e7ac6292c2b940e42"},"description":"La agenda de septiembre en Navarra incluye las actividades de Baztan Bidasoa. Ferias, tradiciones, exposiciones, visitas guiadas, charlas,...","breadcrumb":{"@id":"https:\/\/baztan-bidasoa.com\/desarrollo\/agenda-de-septiembre\/#breadcrumb"},"inLanguage":"es","potentialAction":[{"@type":"ReadAction","target":["https:\/\/baztan-bidasoa.com\/desarrollo\/agenda-de-septiembre\/"]}]},{"@type":"BreadcrumbList","@id":"https:\/\/baztan-bidasoa.com\/desarrollo\/agenda-de-septiembre\/#breadcrumb","itemListElement":[{"@type":"ListItem","position":1,"name":"Portada","item":"https:\/\/baztan-bidasoa.com\/desarrollo\/"},{"@type":"ListItem","position":2,"name":"Agenda de septiembre"}]},{"@type":"WebSite","@id":"https:\/\/baztan-bidasoa.com\/desarrollo\/#website","url":"https:\/\/baztan-bidasoa.com\/desarrollo\/","name":"Baztan Bidasoa Turismoa","description":"Asociaci\u00f3n Tur\u00edstica Baztan-Bidasoa Turismo Elkartea","potentialAction":[{"@type":"SearchAction","target":{"@type":"EntryPoint","urlTemplate":"https:\/\/baztan-bidasoa.com\/desarrollo\/?s={search_term_string}"},"query-input":"required name=search_term_string"}],"inLanguage":"es"},{"@type":"Person","@id":"https:\/\/baztan-bidasoa.com\/desarrollo\/#\/schema\/person\/ec297d7c7c08a77e7ac6292c2b940e42","name":"mktpamplona2","image":{"@type":"ImageObject","inLanguage":"es","@id":"https:\/\/baztan-bidasoa.com\/desarrollo\/#\/schema\/person\/image\/","url":"https:\/\/secure.gravatar.com\/avatar\/132223b7affa4daaa3f3ea2b5597a64f?s=96&d=mm&r=g","contentUrl":"https:\/\/secure.gravatar.com\/avatar\/132223b7affa4daaa3f3ea2b5597a64f?s=96&d=mm&r=g","caption":"mktpamplona2"}}]}},"_links":{"self":[{"href":"https:\/\/baztan-bidasoa.com\/desarrollo\/wp-json\/wp\/v2\/posts\/22423"}],"collection":[{"href":"https:\/\/baztan-bidasoa.com\/desarrollo\/wp-json\/wp\/v2\/posts"}],"about":[{"href":"https:\/\/baztan-bidasoa.com\/desarrollo\/wp-json\/wp\/v2\/types\/post"}],"author":[{"embeddable":true,"href":"https:\/\/baztan-bidasoa.com\/desarrollo\/wp-json\/wp\/v2\/users\/3"}],"replies":[{"embeddable":true,"href":"https:\/\/baztan-bidasoa.com\/desarrollo\/wp-json\/wp\/v2\/comments?post=22423"}],"version-history":[{"count":0,"href":"https:\/\/baztan-bidasoa.com\/desarrollo\/wp-json\/wp\/v2\/posts\/22423\/revisions"}],"wp:featuredmedia":[{"embeddable":true,"href":"https:\/\/baztan-bidasoa.com\/desarrollo\/wp-json\/wp\/v2\/media\/8992"}],"wp:attachment":[{"href":"https:\/\/baztan-bidasoa.com\/desarrollo\/wp-json\/wp\/v2\/media?parent=22423"}],"wp:term":[{"taxonomy":"category","embeddable":true,"href":"https:\/\/baztan-bidasoa.com\/desarrollo\/wp-json\/wp\/v2\/categories?post=22423"},{"taxonomy":"post_tag","embeddable":true,"href":"https:\/\/baztan-bidasoa.com\/desarrollo\/wp-json\/wp\/v2\/tags?post=22423"}],"curies":[{"name":"wp","href":"https:\/\/api.w.org\/{rel}","templated":true}]}}