{"id":22338,"date":"2018-07-26T00:00:00","date_gmt":"2018-07-26T00:00:00","guid":{"rendered":"https:\/\/baztan-bidasoa.com\/desarrollo\/agenda-de-agosto\/"},"modified":"2020-04-03T09:43:50","modified_gmt":"2020-04-03T09:43:50","slug":"agenda-de-agosto","status":"publish","type":"post","link":"https:\/\/baztan-bidasoa.com\/desarrollo\/agenda-de-agosto\/","title":{"rendered":"Agenda de agosto"},"content":{"rendered":"<h4><span style=\"color: #008000;\">\u00a1Tus planes en Baztan-Bidasoa! Conoce Navarra a trav\u00e9s de nuestros planes \u00a1no te pierdas nuestra agenda! Turismo activo, cultural, de aventura y relax.<\/span><\/h4>\n<h5>Consulta la <a href=\"https:\/\/baztan-bidasoa.com\/desarrollo\/wp-content\/uploads\/2018\/07\/AGENDA-AGOSTO-4.pdf\">AGENDA AGOSTO<\/a><a href=\"https:\/\/baztan-bidasoa.com\/desarrollo\/wp-content\/uploads\/2018\/07\/AGENDA-AGOSTO-3.pdf\">\u00a0<\/a>y ver\u00e1s todos tus planes en Baztan-Bidasoa.<\/h5>\n<h5>Consulta <a href=\"https:\/\/baztan-bidasoa.com\/desarrollo\/wp-content\/uploads\/2018\/08\/HORARIOS-DE-AGOSTO.pdf\">AQU\u00cd<\/a> los horarios de nuestras visitas guiadas: visitas natural\u00edsticas, gastron\u00f3micas, exposiciones, informaci\u00f3n general,&#8230;<\/h5>\n<h5>Desc\u00e1rgate <a href=\"http:\/\/www.turismo.navarra.es\/imgs\/rrtt\/12\/00\/00\/00\/3271DOCAJ204.PDF\">AQU\u00cd<\/a>\u00a0los horarios de las Oficinas de Turismo, punto de informaci\u00f3n y lugares de inter\u00e9s de Baztan-Bidasoa (Informaci\u00f3n oficial del Departamento de Turismo del Gobierno de Navarra)<\/h5>\n<figure id=\"attachment_11795\" aria-describedby=\"caption-attachment-11795\" style=\"width: 211px\" class=\"wp-caption alignleft\"><a href=\"https:\/\/baztan-bidasoa.com\/desarrollo\/wp-content\/uploads\/2020\/04\/20180522-Visitas-Guiadas-2018-DEF-001.jpg\"><img decoding=\"async\" loading=\"lazy\" class=\"wp-image-11795\" src=\"https:\/\/baztan-bidasoa.com\/desarrollo\/wp-content\/uploads\/2020\/04\/20180522-Visitas-Guiadas-2018-DEF-001-211x300.jpg\" alt=\"Senderismo, paseos guiados, turismo en familia, naturaleza\" width=\"211\" height=\"300\" \/><\/a><figcaption id=\"caption-attachment-11795\" class=\"wp-caption-text\">Paseos guiados por Navarra. Cascada de Xorroxin (Erratzu) y Ruta de la Pottoka Urdina (Zugarramurdi-Urdazubi) en Baztan-Bidasoa<\/figcaption><\/figure>\n<figure id=\"attachment_12467\" aria-describedby=\"caption-attachment-12467\" style=\"width: 206px\" class=\"wp-caption alignleft\"><a href=\"https:\/\/baztan-bidasoa.com\/desarrollo\/wp-content\/uploads\/2020\/04\/Festival-rural-scaled.jpg\"><img decoding=\"async\" loading=\"lazy\" class=\" wp-image-12467\" src=\"https:\/\/baztan-bidasoa.com\/desarrollo\/wp-content\/uploads\/2020\/04\/Festival-rural-scaled.jpg\" alt=\"festival rural Urdazubi-Urdax\" width=\"206\" height=\"297\" data-wp-pid=\"12467\" \/><\/a><figcaption id=\"caption-attachment-12467\" class=\"wp-caption-text\">Urdazubi celebra el festival rural, un escaparate para conocer el modo de vida de la localidad<\/figcaption><\/figure>\n<figure id=\"attachment_12420\" aria-describedby=\"caption-attachment-12420\" style=\"width: 300px\" class=\"wp-caption alignnone\"><a href=\"https:\/\/baztan-bidasoa.com\/desarrollo\/wp-content\/uploads\/2020\/04\/Bertiz-argazki-lehiaketa.jpg\"><img decoding=\"async\" loading=\"lazy\" class=\"wp-image-12420 size-medium\" src=\"https:\/\/baztan-bidasoa.com\/desarrollo\/wp-content\/uploads\/2020\/04\/Bertiz-argazki-lehiaketa-300x212.jpg\" alt=\"Concurso fotogr\u00e1fico\" width=\"300\" height=\"212\" data-wp-pid=\"12420\" \/><\/a><figcaption id=\"caption-attachment-12420\" class=\"wp-caption-text\">Concurso fotogr\u00e1fico en el Parque Natural de B\u00e9rtiz<\/figcaption><\/figure>\n<p>&nbsp;<\/p>\n<figure id=\"attachment_12173\" aria-describedby=\"caption-attachment-12173\" style=\"width: 213px\" class=\"wp-caption alignleft\"><a href=\"https:\/\/baztan-bidasoa.com\/desarrollo\/wp-content\/uploads\/2019\/12\/Aterpe.jpg\"><img decoding=\"async\" loading=\"lazy\" class=\"size-medium wp-image-12173\" src=\"https:\/\/baztan-bidasoa.com\/desarrollo\/wp-content\/uploads\/2019\/12\/Aterpe.jpg\" alt=\"Conciertos Aterpe Arantza\" width=\"213\" height=\"300\" \/><\/a><figcaption id=\"caption-attachment-12173\" class=\"wp-caption-text\">Ciclo conciertos ATERPE ARANTZA<\/figcaption><\/figure>\n<p>&nbsp;<\/p>\n","protected":false},"excerpt":{"rendered":"<p>\u00a1Tus planes en Baztan-Bidasoa! Conoce Navarra a trav\u00e9s de nuestros planes \u00a1no te pierdas nuestra agenda! Turismo activo, cultural, de aventura y relax. Consulta la AGENDA AGOSTO\u00a0y ver\u00e1s todos tus planes en Baztan-Bidasoa. Consulta AQU\u00cd los horarios de nuestras visitas guiadas: visitas natural\u00edsticas, gastron\u00f3micas, exposiciones, informaci\u00f3n general,&#8230; Desc\u00e1rgate AQU\u00cd\u00a0los horarios de las Oficinas de Turismo, [&hellip;]<\/p>\n","protected":false},"author":3,"featured_media":22341,"comment_status":"open","ping_status":"open","sticky":false,"template":"","format":"standard","meta":[],"categories":[237,235],"tags":[307,271,253,518,520,522,277,303],"acf":[],"yoast_head":"<!-- This site is optimized with the Yoast SEO plugin v19.10 - https:\/\/yoast.com\/wordpress\/plugins\/seo\/ -->\n<title>Agenda de agosto, tus planes en Baztan-Bidasoa - www.baztan-bidasoa.com<\/title>\n<meta name=\"description\" content=\"Agenda de agosto. Actos y fiesta, horarios y visitas guiadas para hacer turismo en Baztan-Bidasoa. Turismo rural con encanto\" \/>\n<meta name=\"robots\" content=\"index, follow, max-snippet:-1, max-image-preview:large, max-video-preview:-1\" \/>\n<link rel=\"canonical\" href=\"https:\/\/baztan-bidasoa.com\/desarrollo\/agenda-de-agosto\/\" \/>\n<meta property=\"og:locale\" content=\"es_ES\" \/>\n<meta property=\"og:type\" content=\"article\" \/>\n<meta property=\"og:title\" content=\"Agenda de agosto, tus planes en Baztan-Bidasoa - www.baztan-bidasoa.com\" \/>\n<meta property=\"og:description\" content=\"Agenda de agosto. Actos y fiesta, horarios y visitas guiadas para hacer turismo en Baztan-Bidasoa. Turismo rural con encanto\" \/>\n<meta property=\"og:url\" content=\"https:\/\/baztan-bidasoa.com\/desarrollo\/agenda-de-agosto\/\" \/>\n<meta property=\"og:site_name\" content=\"Baztan Bidasoa Turismoa\" \/>\n<meta property=\"article:published_time\" content=\"2018-07-26T00:00:00+00:00\" \/>\n<meta property=\"article:modified_time\" content=\"2020-04-03T09:43:50+00:00\" \/>\n<meta property=\"og:image\" content=\"https:\/\/baztan-bidasoa.com\/desarrollo\/wp-content\/uploads\/2020\/04\/Zugarramurdiko-behiak-1-scaled.jpg\" \/>\n\t<meta property=\"og:image:width\" content=\"2560\" \/>\n\t<meta property=\"og:image:height\" content=\"1920\" \/>\n\t<meta property=\"og:image:type\" content=\"image\/jpeg\" \/>\n<meta name=\"author\" content=\"mktpamplona2\" \/>\n<meta name=\"twitter:card\" content=\"summary_large_image\" \/>\n<meta name=\"twitter:label1\" content=\"Escrito por\" \/>\n\t<meta name=\"twitter:data1\" content=\"mktpamplona2\" \/>\n\t<meta name=\"twitter:label2\" content=\"Tiempo de lectura\" \/>\n\t<meta name=\"twitter:data2\" content=\"1 minuto\" \/>\n<script type=\"application\/ld+json\" class=\"yoast-schema-graph\">{\"@context\":\"https:\/\/schema.org\",\"@graph\":[{\"@type\":\"WebPage\",\"@id\":\"https:\/\/baztan-bidasoa.com\/desarrollo\/agenda-de-agosto\/\",\"url\":\"https:\/\/baztan-bidasoa.com\/desarrollo\/agenda-de-agosto\/\",\"name\":\"Agenda de agosto, tus planes en Baztan-Bidasoa - www.baztan-bidasoa.com\",\"isPartOf\":{\"@id\":\"https:\/\/baztan-bidasoa.com\/desarrollo\/#website\"},\"datePublished\":\"2018-07-26T00:00:00+00:00\",\"dateModified\":\"2020-04-03T09:43:50+00:00\",\"author\":{\"@id\":\"https:\/\/baztan-bidasoa.com\/desarrollo\/#\/schema\/person\/ec297d7c7c08a77e7ac6292c2b940e42\"},\"description\":\"Agenda de agosto. Actos y fiesta, horarios y visitas guiadas para hacer turismo en Baztan-Bidasoa. Turismo rural con encanto\",\"breadcrumb\":{\"@id\":\"https:\/\/baztan-bidasoa.com\/desarrollo\/agenda-de-agosto\/#breadcrumb\"},\"inLanguage\":\"es\",\"potentialAction\":[{\"@type\":\"ReadAction\",\"target\":[\"https:\/\/baztan-bidasoa.com\/desarrollo\/agenda-de-agosto\/\"]}]},{\"@type\":\"BreadcrumbList\",\"@id\":\"https:\/\/baztan-bidasoa.com\/desarrollo\/agenda-de-agosto\/#breadcrumb\",\"itemListElement\":[{\"@type\":\"ListItem\",\"position\":1,\"name\":\"Portada\",\"item\":\"https:\/\/baztan-bidasoa.com\/desarrollo\/\"},{\"@type\":\"ListItem\",\"position\":2,\"name\":\"Agenda de agosto\"}]},{\"@type\":\"WebSite\",\"@id\":\"https:\/\/baztan-bidasoa.com\/desarrollo\/#website\",\"url\":\"https:\/\/baztan-bidasoa.com\/desarrollo\/\",\"name\":\"Baztan Bidasoa Turismoa\",\"description\":\"Asociaci\u00f3n Tur\u00edstica Baztan-Bidasoa Turismo Elkartea\",\"potentialAction\":[{\"@type\":\"SearchAction\",\"target\":{\"@type\":\"EntryPoint\",\"urlTemplate\":\"https:\/\/baztan-bidasoa.com\/desarrollo\/?s={search_term_string}\"},\"query-input\":\"required name=search_term_string\"}],\"inLanguage\":\"es\"},{\"@type\":\"Person\",\"@id\":\"https:\/\/baztan-bidasoa.com\/desarrollo\/#\/schema\/person\/ec297d7c7c08a77e7ac6292c2b940e42\",\"name\":\"mktpamplona2\",\"image\":{\"@type\":\"ImageObject\",\"inLanguage\":\"es\",\"@id\":\"https:\/\/baztan-bidasoa.com\/desarrollo\/#\/schema\/person\/image\/\",\"url\":\"https:\/\/secure.gravatar.com\/avatar\/132223b7affa4daaa3f3ea2b5597a64f?s=96&d=mm&r=g\",\"contentUrl\":\"https:\/\/secure.gravatar.com\/avatar\/132223b7affa4daaa3f3ea2b5597a64f?s=96&d=mm&r=g\",\"caption\":\"mktpamplona2\"}}]}<\/script>\n<!-- \/ Yoast SEO plugin. -->","yoast_head_json":{"title":"Agenda de agosto, tus planes en Baztan-Bidasoa - www.baztan-bidasoa.com","description":"Agenda de agosto. Actos y fiesta, horarios y visitas guiadas para hacer turismo en Baztan-Bidasoa. Turismo rural con encanto","robots":{"index":"index","follow":"follow","max-snippet":"max-snippet:-1","max-image-preview":"max-image-preview:large","max-video-preview":"max-video-preview:-1"},"canonical":"https:\/\/baztan-bidasoa.com\/desarrollo\/agenda-de-agosto\/","og_locale":"es_ES","og_type":"article","og_title":"Agenda de agosto, tus planes en Baztan-Bidasoa - www.baztan-bidasoa.com","og_description":"Agenda de agosto. Actos y fiesta, horarios y visitas guiadas para hacer turismo en Baztan-Bidasoa. Turismo rural con encanto","og_url":"https:\/\/baztan-bidasoa.com\/desarrollo\/agenda-de-agosto\/","og_site_name":"Baztan Bidasoa Turismoa","article_published_time":"2018-07-26T00:00:00+00:00","article_modified_time":"2020-04-03T09:43:50+00:00","og_image":[{"width":2560,"height":1920,"url":"https:\/\/baztan-bidasoa.com\/desarrollo\/wp-content\/uploads\/2020\/04\/Zugarramurdiko-behiak-1-scaled.jpg","type":"image\/jpeg"}],"author":"mktpamplona2","twitter_card":"summary_large_image","twitter_misc":{"Escrito por":"mktpamplona2","Tiempo de lectura":"1 minuto"},"schema":{"@context":"https:\/\/schema.org","@graph":[{"@type":"WebPage","@id":"https:\/\/baztan-bidasoa.com\/desarrollo\/agenda-de-agosto\/","url":"https:\/\/baztan-bidasoa.com\/desarrollo\/agenda-de-agosto\/","name":"Agenda de agosto, tus planes en Baztan-Bidasoa - www.baztan-bidasoa.com","isPartOf":{"@id":"https:\/\/baztan-bidasoa.com\/desarrollo\/#website"},"datePublished":"2018-07-26T00:00:00+00:00","dateModified":"2020-04-03T09:43:50+00:00","author":{"@id":"https:\/\/baztan-bidasoa.com\/desarrollo\/#\/schema\/person\/ec297d7c7c08a77e7ac6292c2b940e42"},"description":"Agenda de agosto. Actos y fiesta, horarios y visitas guiadas para hacer turismo en Baztan-Bidasoa. Turismo rural con encanto","breadcrumb":{"@id":"https:\/\/baztan-bidasoa.com\/desarrollo\/agenda-de-agosto\/#breadcrumb"},"inLanguage":"es","potentialAction":[{"@type":"ReadAction","target":["https:\/\/baztan-bidasoa.com\/desarrollo\/agenda-de-agosto\/"]}]},{"@type":"BreadcrumbList","@id":"https:\/\/baztan-bidasoa.com\/desarrollo\/agenda-de-agosto\/#breadcrumb","itemListElement":[{"@type":"ListItem","position":1,"name":"Portada","item":"https:\/\/baztan-bidasoa.com\/desarrollo\/"},{"@type":"ListItem","position":2,"name":"Agenda de agosto"}]},{"@type":"WebSite","@id":"https:\/\/baztan-bidasoa.com\/desarrollo\/#website","url":"https:\/\/baztan-bidasoa.com\/desarrollo\/","name":"Baztan Bidasoa Turismoa","description":"Asociaci\u00f3n Tur\u00edstica Baztan-Bidasoa Turismo Elkartea","potentialAction":[{"@type":"SearchAction","target":{"@type":"EntryPoint","urlTemplate":"https:\/\/baztan-bidasoa.com\/desarrollo\/?s={search_term_string}"},"query-input":"required name=search_term_string"}],"inLanguage":"es"},{"@type":"Person","@id":"https:\/\/baztan-bidasoa.com\/desarrollo\/#\/schema\/person\/ec297d7c7c08a77e7ac6292c2b940e42","name":"mktpamplona2","image":{"@type":"ImageObject","inLanguage":"es","@id":"https:\/\/baztan-bidasoa.com\/desarrollo\/#\/schema\/person\/image\/","url":"https:\/\/secure.gravatar.com\/avatar\/132223b7affa4daaa3f3ea2b5597a64f?s=96&d=mm&r=g","contentUrl":"https:\/\/secure.gravatar.com\/avatar\/132223b7affa4daaa3f3ea2b5597a64f?s=96&d=mm&r=g","caption":"mktpamplona2"}}]}},"_links":{"self":[{"href":"https:\/\/baztan-bidasoa.com\/desarrollo\/wp-json\/wp\/v2\/posts\/22338"}],"collection":[{"href":"https:\/\/baztan-bidasoa.com\/desarrollo\/wp-json\/wp\/v2\/posts"}],"about":[{"href":"https:\/\/baztan-bidasoa.com\/desarrollo\/wp-json\/wp\/v2\/types\/post"}],"author":[{"embeddable":true,"href":"https:\/\/baztan-bidasoa.com\/desarrollo\/wp-json\/wp\/v2\/users\/3"}],"replies":[{"embeddable":true,"href":"https:\/\/baztan-bidasoa.com\/desarrollo\/wp-json\/wp\/v2\/comments?post=22338"}],"version-history":[{"count":1,"href":"https:\/\/baztan-bidasoa.com\/desarrollo\/wp-json\/wp\/v2\/posts\/22338\/revisions"}],"predecessor-version":[{"id":22385,"href":"https:\/\/baztan-bidasoa.com\/desarrollo\/wp-json\/wp\/v2\/posts\/22338\/revisions\/22385"}],"wp:featuredmedia":[{"embeddable":true,"href":"https:\/\/baztan-bidasoa.com\/desarrollo\/wp-json\/wp\/v2\/media\/22341"}],"wp:attachment":[{"href":"https:\/\/baztan-bidasoa.com\/desarrollo\/wp-json\/wp\/v2\/media?parent=22338"}],"wp:term":[{"taxonomy":"category","embeddable":true,"href":"https:\/\/baztan-bidasoa.com\/desarrollo\/wp-json\/wp\/v2\/categories?post=22338"},{"taxonomy":"post_tag","embeddable":true,"href":"https:\/\/baztan-bidasoa.com\/desarrollo\/wp-json\/wp\/v2\/tags?post=22338"}],"curies":[{"name":"wp","href":"https:\/\/api.w.org\/{rel}","templated":true}]}}