{"id":22283,"date":"2018-06-29T00:00:00","date_gmt":"2018-06-29T00:00:00","guid":{"rendered":"https:\/\/baztan-bidasoa.com\/desarrollo\/agenda-de-julio\/"},"modified":"2020-04-03T09:43:02","modified_gmt":"2020-04-03T09:43:02","slug":"agenda-de-julio","status":"publish","type":"post","link":"https:\/\/baztan-bidasoa.com\/desarrollo\/agenda-de-julio\/","title":{"rendered":"AGENDA DE JULIO"},"content":{"rendered":"<h4><span style=\"color: #008000;\">\u00a1Vive Baztan-Bidasoa! Baztandarren Biltzarra en Elizondo, conciertos en el Aterpe de Arantza, visitas guiadas, folklore, gastronom\u00eda, paisaje, cultura&#8230;&#8230;<\/span><\/h4>\n<h4>Consulta\u00a0nuestra <a href=\"https:\/\/baztan-bidasoa.com\/desarrollo\/wp-content\/uploads\/2018\/06\/AGENDA-JULIO-4.pdf\">AGENDA<\/a> y \u00a1disfruta a tope con nosotr@s!!<\/h4>\n<h5>Consulta <a href=\"https:\/\/baztan-bidasoa.com\/desarrollo\/wp-content\/uploads\/2018\/06\/HORARIOS-JULIO-3.pdf\">AQU\u00cd<\/a> los horarios de nuestras visitas guiadas: visitas natural\u00edsticas, gastron\u00f3micas, exposiciones, informaci\u00f3n general,&#8230;<\/h5>\n<h5>Desc\u00e1rgate <a href=\"http:\/\/www.turismo.navarra.es\/imgs\/rrtt\/12\/00\/00\/00\/3271DOCAJ182.PDF\">AQU\u00cd<\/a>\u00a0los horarios de las Oficinas de Turismo, punto de informaci\u00f3n y lugares de inter\u00e9s de Baztan-Bidasoa (Informaci\u00f3n oficial del Departamento de Turismo del Gobierno de Navarra)<\/h5>\n<figure id=\"attachment_11795\" aria-describedby=\"caption-attachment-11795\" style=\"width: 211px\" class=\"wp-caption alignleft\"><a href=\"https:\/\/baztan-bidasoa.com\/desarrollo\/wp-content\/uploads\/2020\/04\/20180522-Visitas-Guiadas-2018-DEF-001.jpg\"><img decoding=\"async\" loading=\"lazy\" class=\"wp-image-11795\" src=\"https:\/\/baztan-bidasoa.com\/desarrollo\/wp-content\/uploads\/2020\/04\/20180522-Visitas-Guiadas-2018-DEF-001-211x300.jpg\" alt=\"Senderismo, paseos guiados, turismo en familia, naturaleza\" width=\"211\" height=\"300\" \/><\/a><figcaption id=\"caption-attachment-11795\" class=\"wp-caption-text\">Paseos guiados por Navarra. Cascada de Xorroxin (Erratzu) y Ruta de la Pottoka Urdina (Zugarramurdi-Urdazubi) en Baztan-Bidasoa<\/figcaption><\/figure>\n<figure id=\"attachment_12150\" aria-describedby=\"caption-attachment-12150\" style=\"width: 212px\" class=\"wp-caption alignleft\"><a href=\"https:\/\/baztan-bidasoa.com\/desarrollo\/wp-content\/uploads\/2020\/04\/BAZTANDARREN-KARTELA-1-ZATIA.jpg\"><img decoding=\"async\" loading=\"lazy\" class=\"size-medium wp-image-12150\" src=\"https:\/\/baztan-bidasoa.com\/desarrollo\/wp-content\/uploads\/2020\/04\/BAZTANDARREN-KARTELA-1-ZATIA.jpg\" alt=\"cartel del Baztandarren Biltzarra 2018\" width=\"212\" height=\"300\" data-wp-pid=\"12150\" \/><\/a><figcaption id=\"caption-attachment-12150\" class=\"wp-caption-text\">Cartel anunciador del Baztandarren Biltzarra. Obra de Pello Sanmill\u00e1n<\/figcaption><\/figure>\n<figure id=\"attachment_12148\" aria-describedby=\"caption-attachment-12148\" style=\"width: 212px\" class=\"wp-caption alignleft\"><a href=\"https:\/\/baztan-bidasoa.com\/desarrollo\/wp-content\/uploads\/2020\/04\/baztandarren-karela-2.-zatia.jpg\"><img decoding=\"async\" loading=\"lazy\" class=\"size-medium wp-image-12148\" src=\"https:\/\/baztan-bidasoa.com\/desarrollo\/wp-content\/uploads\/2020\/04\/baztandarren-karela-2.-zatia.jpg\" alt=\"BAztandarren Biltzarra, fiesta de hermandada de los pueblos de Baztan\" width=\"212\" height=\"300\" data-wp-pid=\"12148\" \/><\/a><figcaption id=\"caption-attachment-12148\" class=\"wp-caption-text\">cartel anunciador Baztandarren Biltzarra, fiesta de hermandad de los pueblos de Baztan. Obra de pello Sanmill\u00e1n<\/figcaption><\/figure>\n<figure id=\"attachment_12173\" aria-describedby=\"caption-attachment-12173\" style=\"width: 213px\" class=\"wp-caption alignleft\"><a href=\"https:\/\/baztan-bidasoa.com\/desarrollo\/wp-content\/uploads\/2019\/12\/Aterpe.jpg\"><img decoding=\"async\" loading=\"lazy\" class=\"size-medium wp-image-12173\" src=\"https:\/\/baztan-bidasoa.com\/desarrollo\/wp-content\/uploads\/2019\/12\/Aterpe.jpg\" alt=\"Conciertos Aterpe Arantza\" width=\"213\" height=\"300\" \/><\/a><figcaption id=\"caption-attachment-12173\" class=\"wp-caption-text\">Ciclo conciertos ATERPE ARANTZA<\/figcaption><\/figure>\n<p>&nbsp;<\/p>\n","protected":false},"excerpt":{"rendered":"<p>\u00a1Vive Baztan-Bidasoa! Baztandarren Biltzarra en Elizondo, conciertos en el Aterpe de Arantza, visitas guiadas, folklore, gastronom\u00eda, paisaje, cultura&#8230;&#8230; Consulta\u00a0nuestra AGENDA y \u00a1disfruta a tope con nosotr@s!! Consulta AQU\u00cd los horarios de nuestras visitas guiadas: visitas natural\u00edsticas, gastron\u00f3micas, exposiciones, informaci\u00f3n general,&#8230; Desc\u00e1rgate AQU\u00cd\u00a0los horarios de las Oficinas de Turismo, punto de informaci\u00f3n y lugares de inter\u00e9s [&hellip;]<\/p>\n","protected":false},"author":3,"featured_media":22286,"comment_status":"open","ping_status":"open","sticky":false,"template":"","format":"standard","meta":[],"categories":[237,235],"tags":[492,307,494,496],"acf":[],"yoast_head":"<!-- This site is optimized with the Yoast SEO plugin v19.10 - https:\/\/yoast.com\/wordpress\/plugins\/seo\/ -->\n<title>Agenda de Julio - www.baztan-bidaosa.com<\/title>\n<meta name=\"description\" content=\"Agenda de fiestas, actos, cursos, exposiciones, informaci\u00f3n de Baztan-Bidasoa. Actualizada semanalmente. En colaboraci\u00f3n con la OIT de Bertiz\" \/>\n<meta name=\"robots\" content=\"index, follow, max-snippet:-1, max-image-preview:large, max-video-preview:-1\" \/>\n<link rel=\"canonical\" href=\"https:\/\/baztan-bidasoa.com\/desarrollo\/agenda-de-julio\/\" \/>\n<meta property=\"og:locale\" content=\"es_ES\" \/>\n<meta property=\"og:type\" content=\"article\" \/>\n<meta property=\"og:title\" content=\"Agenda de Julio - www.baztan-bidaosa.com\" \/>\n<meta property=\"og:description\" content=\"Agenda de fiestas, actos, cursos, exposiciones, informaci\u00f3n de Baztan-Bidasoa. Actualizada semanalmente. En colaboraci\u00f3n con la OIT de Bertiz\" \/>\n<meta property=\"og:url\" content=\"https:\/\/baztan-bidasoa.com\/desarrollo\/agenda-de-julio\/\" \/>\n<meta property=\"og:site_name\" content=\"Baztan Bidasoa Turismoa\" \/>\n<meta property=\"article:published_time\" content=\"2018-06-29T00:00:00+00:00\" \/>\n<meta property=\"article:modified_time\" content=\"2020-04-03T09:43:02+00:00\" \/>\n<meta property=\"og:image\" content=\"https:\/\/baztan-bidasoa.com\/desarrollo\/wp-content\/uploads\/2020\/04\/Desfile-Baztandarren-Biltzarra-scaled.jpg\" \/>\n\t<meta property=\"og:image:width\" content=\"2560\" \/>\n\t<meta property=\"og:image:height\" content=\"1946\" \/>\n\t<meta property=\"og:image:type\" content=\"image\/jpeg\" \/>\n<meta name=\"author\" content=\"mktpamplona2\" \/>\n<meta name=\"twitter:card\" content=\"summary_large_image\" \/>\n<meta name=\"twitter:label1\" content=\"Escrito por\" \/>\n\t<meta name=\"twitter:data1\" content=\"mktpamplona2\" \/>\n\t<meta name=\"twitter:label2\" content=\"Tiempo de lectura\" \/>\n\t<meta name=\"twitter:data2\" content=\"1 minuto\" \/>\n<script type=\"application\/ld+json\" class=\"yoast-schema-graph\">{\"@context\":\"https:\/\/schema.org\",\"@graph\":[{\"@type\":\"WebPage\",\"@id\":\"https:\/\/baztan-bidasoa.com\/desarrollo\/agenda-de-julio\/\",\"url\":\"https:\/\/baztan-bidasoa.com\/desarrollo\/agenda-de-julio\/\",\"name\":\"Agenda de Julio - www.baztan-bidaosa.com\",\"isPartOf\":{\"@id\":\"https:\/\/baztan-bidasoa.com\/desarrollo\/#website\"},\"datePublished\":\"2018-06-29T00:00:00+00:00\",\"dateModified\":\"2020-04-03T09:43:02+00:00\",\"author\":{\"@id\":\"https:\/\/baztan-bidasoa.com\/desarrollo\/#\/schema\/person\/ec297d7c7c08a77e7ac6292c2b940e42\"},\"description\":\"Agenda de fiestas, actos, cursos, exposiciones, informaci\u00f3n de Baztan-Bidasoa. Actualizada semanalmente. En colaboraci\u00f3n con la OIT de Bertiz\",\"breadcrumb\":{\"@id\":\"https:\/\/baztan-bidasoa.com\/desarrollo\/agenda-de-julio\/#breadcrumb\"},\"inLanguage\":\"es\",\"potentialAction\":[{\"@type\":\"ReadAction\",\"target\":[\"https:\/\/baztan-bidasoa.com\/desarrollo\/agenda-de-julio\/\"]}]},{\"@type\":\"BreadcrumbList\",\"@id\":\"https:\/\/baztan-bidasoa.com\/desarrollo\/agenda-de-julio\/#breadcrumb\",\"itemListElement\":[{\"@type\":\"ListItem\",\"position\":1,\"name\":\"Portada\",\"item\":\"https:\/\/baztan-bidasoa.com\/desarrollo\/\"},{\"@type\":\"ListItem\",\"position\":2,\"name\":\"AGENDA DE JULIO\"}]},{\"@type\":\"WebSite\",\"@id\":\"https:\/\/baztan-bidasoa.com\/desarrollo\/#website\",\"url\":\"https:\/\/baztan-bidasoa.com\/desarrollo\/\",\"name\":\"Baztan Bidasoa Turismoa\",\"description\":\"Asociaci\u00f3n Tur\u00edstica Baztan-Bidasoa Turismo Elkartea\",\"potentialAction\":[{\"@type\":\"SearchAction\",\"target\":{\"@type\":\"EntryPoint\",\"urlTemplate\":\"https:\/\/baztan-bidasoa.com\/desarrollo\/?s={search_term_string}\"},\"query-input\":\"required name=search_term_string\"}],\"inLanguage\":\"es\"},{\"@type\":\"Person\",\"@id\":\"https:\/\/baztan-bidasoa.com\/desarrollo\/#\/schema\/person\/ec297d7c7c08a77e7ac6292c2b940e42\",\"name\":\"mktpamplona2\",\"image\":{\"@type\":\"ImageObject\",\"inLanguage\":\"es\",\"@id\":\"https:\/\/baztan-bidasoa.com\/desarrollo\/#\/schema\/person\/image\/\",\"url\":\"https:\/\/secure.gravatar.com\/avatar\/132223b7affa4daaa3f3ea2b5597a64f?s=96&d=mm&r=g\",\"contentUrl\":\"https:\/\/secure.gravatar.com\/avatar\/132223b7affa4daaa3f3ea2b5597a64f?s=96&d=mm&r=g\",\"caption\":\"mktpamplona2\"}}]}<\/script>\n<!-- \/ Yoast SEO plugin. -->","yoast_head_json":{"title":"Agenda de Julio - www.baztan-bidaosa.com","description":"Agenda de fiestas, actos, cursos, exposiciones, informaci\u00f3n de Baztan-Bidasoa. Actualizada semanalmente. En colaboraci\u00f3n con la OIT de Bertiz","robots":{"index":"index","follow":"follow","max-snippet":"max-snippet:-1","max-image-preview":"max-image-preview:large","max-video-preview":"max-video-preview:-1"},"canonical":"https:\/\/baztan-bidasoa.com\/desarrollo\/agenda-de-julio\/","og_locale":"es_ES","og_type":"article","og_title":"Agenda de Julio - www.baztan-bidaosa.com","og_description":"Agenda de fiestas, actos, cursos, exposiciones, informaci\u00f3n de Baztan-Bidasoa. Actualizada semanalmente. En colaboraci\u00f3n con la OIT de Bertiz","og_url":"https:\/\/baztan-bidasoa.com\/desarrollo\/agenda-de-julio\/","og_site_name":"Baztan Bidasoa Turismoa","article_published_time":"2018-06-29T00:00:00+00:00","article_modified_time":"2020-04-03T09:43:02+00:00","og_image":[{"width":2560,"height":1946,"url":"https:\/\/baztan-bidasoa.com\/desarrollo\/wp-content\/uploads\/2020\/04\/Desfile-Baztandarren-Biltzarra-scaled.jpg","type":"image\/jpeg"}],"author":"mktpamplona2","twitter_card":"summary_large_image","twitter_misc":{"Escrito por":"mktpamplona2","Tiempo de lectura":"1 minuto"},"schema":{"@context":"https:\/\/schema.org","@graph":[{"@type":"WebPage","@id":"https:\/\/baztan-bidasoa.com\/desarrollo\/agenda-de-julio\/","url":"https:\/\/baztan-bidasoa.com\/desarrollo\/agenda-de-julio\/","name":"Agenda de Julio - www.baztan-bidaosa.com","isPartOf":{"@id":"https:\/\/baztan-bidasoa.com\/desarrollo\/#website"},"datePublished":"2018-06-29T00:00:00+00:00","dateModified":"2020-04-03T09:43:02+00:00","author":{"@id":"https:\/\/baztan-bidasoa.com\/desarrollo\/#\/schema\/person\/ec297d7c7c08a77e7ac6292c2b940e42"},"description":"Agenda de fiestas, actos, cursos, exposiciones, informaci\u00f3n de Baztan-Bidasoa. Actualizada semanalmente. En colaboraci\u00f3n con la OIT de Bertiz","breadcrumb":{"@id":"https:\/\/baztan-bidasoa.com\/desarrollo\/agenda-de-julio\/#breadcrumb"},"inLanguage":"es","potentialAction":[{"@type":"ReadAction","target":["https:\/\/baztan-bidasoa.com\/desarrollo\/agenda-de-julio\/"]}]},{"@type":"BreadcrumbList","@id":"https:\/\/baztan-bidasoa.com\/desarrollo\/agenda-de-julio\/#breadcrumb","itemListElement":[{"@type":"ListItem","position":1,"name":"Portada","item":"https:\/\/baztan-bidasoa.com\/desarrollo\/"},{"@type":"ListItem","position":2,"name":"AGENDA DE JULIO"}]},{"@type":"WebSite","@id":"https:\/\/baztan-bidasoa.com\/desarrollo\/#website","url":"https:\/\/baztan-bidasoa.com\/desarrollo\/","name":"Baztan Bidasoa Turismoa","description":"Asociaci\u00f3n Tur\u00edstica Baztan-Bidasoa Turismo Elkartea","potentialAction":[{"@type":"SearchAction","target":{"@type":"EntryPoint","urlTemplate":"https:\/\/baztan-bidasoa.com\/desarrollo\/?s={search_term_string}"},"query-input":"required name=search_term_string"}],"inLanguage":"es"},{"@type":"Person","@id":"https:\/\/baztan-bidasoa.com\/desarrollo\/#\/schema\/person\/ec297d7c7c08a77e7ac6292c2b940e42","name":"mktpamplona2","image":{"@type":"ImageObject","inLanguage":"es","@id":"https:\/\/baztan-bidasoa.com\/desarrollo\/#\/schema\/person\/image\/","url":"https:\/\/secure.gravatar.com\/avatar\/132223b7affa4daaa3f3ea2b5597a64f?s=96&d=mm&r=g","contentUrl":"https:\/\/secure.gravatar.com\/avatar\/132223b7affa4daaa3f3ea2b5597a64f?s=96&d=mm&r=g","caption":"mktpamplona2"}}]}},"_links":{"self":[{"href":"https:\/\/baztan-bidasoa.com\/desarrollo\/wp-json\/wp\/v2\/posts\/22283"}],"collection":[{"href":"https:\/\/baztan-bidasoa.com\/desarrollo\/wp-json\/wp\/v2\/posts"}],"about":[{"href":"https:\/\/baztan-bidasoa.com\/desarrollo\/wp-json\/wp\/v2\/types\/post"}],"author":[{"embeddable":true,"href":"https:\/\/baztan-bidasoa.com\/desarrollo\/wp-json\/wp\/v2\/users\/3"}],"replies":[{"embeddable":true,"href":"https:\/\/baztan-bidasoa.com\/desarrollo\/wp-json\/wp\/v2\/comments?post=22283"}],"version-history":[{"count":1,"href":"https:\/\/baztan-bidasoa.com\/desarrollo\/wp-json\/wp\/v2\/posts\/22283\/revisions"}],"predecessor-version":[{"id":22354,"href":"https:\/\/baztan-bidasoa.com\/desarrollo\/wp-json\/wp\/v2\/posts\/22283\/revisions\/22354"}],"wp:featuredmedia":[{"embeddable":true,"href":"https:\/\/baztan-bidasoa.com\/desarrollo\/wp-json\/wp\/v2\/media\/22286"}],"wp:attachment":[{"href":"https:\/\/baztan-bidasoa.com\/desarrollo\/wp-json\/wp\/v2\/media?parent=22283"}],"wp:term":[{"taxonomy":"category","embeddable":true,"href":"https:\/\/baztan-bidasoa.com\/desarrollo\/wp-json\/wp\/v2\/categories?post=22283"},{"taxonomy":"post_tag","embeddable":true,"href":"https:\/\/baztan-bidasoa.com\/desarrollo\/wp-json\/wp\/v2\/tags?post=22283"}],"curies":[{"name":"wp","href":"https:\/\/api.w.org\/{rel}","templated":true}]}}