{"id":22239,"date":"2018-05-23T00:00:00","date_gmt":"2018-05-23T00:00:00","guid":{"rendered":"https:\/\/baztan-bidasoa.com\/desarrollo\/v-gran-feria-del-caballo-en-irrisarri-land\/"},"modified":"2018-05-23T00:00:00","modified_gmt":"2018-05-23T00:00:00","slug":"v-gran-feria-del-caballo-en-irrisarri-land","status":"publish","type":"post","link":"https:\/\/baztan-bidasoa.com\/desarrollo\/v-gran-feria-del-caballo-en-irrisarri-land\/","title":{"rendered":"V. GRAN FERIA DEL CABALLO, en IrriSarri Land"},"content":{"rendered":"<h1>\u00a1Al paso, al trote o al galope!<\/h1>\n<p>Este fin de semana, <strong>26 y 27 de mayo<\/strong>, IrriSarri Land te invita a montar a caballo. Se celebra la 5\u00aa edici\u00f3n de la Gran Feria del Caballo. Un acontecimiento que poco a poco se est\u00e1 consolidando en el calendario del parque y que cada vez atrae a m\u00e1s aficionados. A amazonas y jinetes que llevan su propio caballo a la feria, as\u00ed como a novat@s, para quienes el parque propone un \u00abbautizo a caballo\u00bb. Junto con la entrada te regala 15 minutos a caballo, un bautismo totalmente gratis.<\/p>\n<p><strong>Program<a href=\"https:\/\/baztan-bidasoa.com\/desarrollo\/wp-content\/uploads\/2020\/04\/ZALDI-AZOKA-IRRISARRI.jpg\"><img decoding=\"async\" loading=\"lazy\" class=\" wp-image-8279 alignleft\" src=\"https:\/\/baztan-bidasoa.com\/desarrollo\/wp-content\/uploads\/2020\/04\/ZALDI-AZOKA-IRRISARRI-150x150.jpg\" alt=\"\" width=\"196\" height=\"196\" \/><\/a>a:\u00a0\u00a0<\/strong><\/p>\n<p>Si vienes a IrriSarri Land el 26 o el 27 de mayo, con tu entrada te regalamos un bautismo a caballo (15 minutos) gratis.<\/p>\n<p>SABADO,\u00a0\u00a026 de mayo<br \/>\n9:00 Ruta a caballo IrriSarri Land &#8211; Mendaur &#8211; IrriSarri Land.<br \/>\n15:00 Comida en IrriSarri Land. (Ruta + Comida 30\u20ac)<br \/>\n18:00 Entrenamientos libres Ginkana Gran Premio de Yrisarri.<\/p>\n<p>&nbsp;<\/p>\n<p>DOMINGO, 27 de mayo<br \/>\n11:00 Ginkana Gran Premio de Yrisarri.<br \/>\n13:00 Palio libre de Yrisarri.<br \/>\n14:30 Comida en IrriSarri Land. (Ginkana + Comida 25\u20ac)<br \/>\n16:00 Entrega de premios.<\/p>\n","protected":false},"excerpt":{"rendered":"<p>\u00a1Al paso, al trote o al galope! Este fin de semana, 26 y 27 de mayo, IrriSarri Land te invita a montar a caballo. Se celebra la 5\u00aa edici\u00f3n de la Gran Feria del Caballo. Un acontecimiento que poco a poco se est\u00e1 consolidando en el calendario del parque y que cada vez atrae a [&hellip;]<\/p>\n","protected":false},"author":3,"featured_media":20879,"comment_status":"open","ping_status":"open","sticky":false,"template":"","format":"standard","meta":[],"categories":[237,235],"tags":[],"acf":[],"yoast_head":"<!-- This site is optimized with the Yoast SEO plugin v19.10 - https:\/\/yoast.com\/wordpress\/plugins\/seo\/ -->\n<title>V. GRAN FERIA DEL CABALLO, en IrriSarri Land - Baztan Bidasoa Turismoa<\/title>\n<meta name=\"robots\" content=\"index, follow, max-snippet:-1, max-image-preview:large, max-video-preview:-1\" \/>\n<link rel=\"canonical\" href=\"https:\/\/baztan-bidasoa.com\/desarrollo\/v-gran-feria-del-caballo-en-irrisarri-land\/\" \/>\n<meta property=\"og:locale\" content=\"es_ES\" \/>\n<meta property=\"og:type\" content=\"article\" \/>\n<meta property=\"og:title\" content=\"V. GRAN FERIA DEL CABALLO, en IrriSarri Land - Baztan Bidasoa Turismoa\" \/>\n<meta property=\"og:description\" content=\"\u00a1Al paso, al trote o al galope! Este fin de semana, 26 y 27 de mayo, IrriSarri Land te invita a montar a caballo. Se celebra la 5\u00aa edici\u00f3n de la Gran Feria del Caballo. Un acontecimiento que poco a poco se est\u00e1 consolidando en el calendario del parque y que cada vez atrae a [&hellip;]\" \/>\n<meta property=\"og:url\" content=\"https:\/\/baztan-bidasoa.com\/desarrollo\/v-gran-feria-del-caballo-en-irrisarri-land\/\" \/>\n<meta property=\"og:site_name\" content=\"Baztan Bidasoa Turismoa\" \/>\n<meta property=\"article:published_time\" content=\"2018-05-23T00:00:00+00:00\" \/>\n<meta property=\"og:image\" content=\"https:\/\/baztan-bidasoa.com\/desarrollo\/wp-content\/uploads\/2020\/04\/33197458_1940781995952806_1381323600505602048_o.jpg\" \/>\n\t<meta property=\"og:image:width\" content=\"1181\" \/>\n\t<meta property=\"og:image:height\" content=\"787\" \/>\n\t<meta property=\"og:image:type\" content=\"image\/jpeg\" \/>\n<meta name=\"author\" content=\"mktpamplona2\" \/>\n<meta name=\"twitter:card\" content=\"summary_large_image\" \/>\n<meta name=\"twitter:label1\" content=\"Escrito por\" \/>\n\t<meta name=\"twitter:data1\" content=\"mktpamplona2\" \/>\n\t<meta name=\"twitter:label2\" content=\"Tiempo de lectura\" \/>\n\t<meta name=\"twitter:data2\" content=\"1 minuto\" \/>\n<script type=\"application\/ld+json\" class=\"yoast-schema-graph\">{\"@context\":\"https:\/\/schema.org\",\"@graph\":[{\"@type\":\"WebPage\",\"@id\":\"https:\/\/baztan-bidasoa.com\/desarrollo\/v-gran-feria-del-caballo-en-irrisarri-land\/\",\"url\":\"https:\/\/baztan-bidasoa.com\/desarrollo\/v-gran-feria-del-caballo-en-irrisarri-land\/\",\"name\":\"V. GRAN FERIA DEL CABALLO, en IrriSarri Land - Baztan Bidasoa Turismoa\",\"isPartOf\":{\"@id\":\"https:\/\/baztan-bidasoa.com\/desarrollo\/#website\"},\"datePublished\":\"2018-05-23T00:00:00+00:00\",\"dateModified\":\"2018-05-23T00:00:00+00:00\",\"author\":{\"@id\":\"https:\/\/baztan-bidasoa.com\/desarrollo\/#\/schema\/person\/ec297d7c7c08a77e7ac6292c2b940e42\"},\"breadcrumb\":{\"@id\":\"https:\/\/baztan-bidasoa.com\/desarrollo\/v-gran-feria-del-caballo-en-irrisarri-land\/#breadcrumb\"},\"inLanguage\":\"es\",\"potentialAction\":[{\"@type\":\"ReadAction\",\"target\":[\"https:\/\/baztan-bidasoa.com\/desarrollo\/v-gran-feria-del-caballo-en-irrisarri-land\/\"]}]},{\"@type\":\"BreadcrumbList\",\"@id\":\"https:\/\/baztan-bidasoa.com\/desarrollo\/v-gran-feria-del-caballo-en-irrisarri-land\/#breadcrumb\",\"itemListElement\":[{\"@type\":\"ListItem\",\"position\":1,\"name\":\"Portada\",\"item\":\"https:\/\/baztan-bidasoa.com\/desarrollo\/\"},{\"@type\":\"ListItem\",\"position\":2,\"name\":\"V. GRAN FERIA DEL CABALLO, en IrriSarri Land\"}]},{\"@type\":\"WebSite\",\"@id\":\"https:\/\/baztan-bidasoa.com\/desarrollo\/#website\",\"url\":\"https:\/\/baztan-bidasoa.com\/desarrollo\/\",\"name\":\"Baztan Bidasoa Turismoa\",\"description\":\"Asociaci\u00f3n Tur\u00edstica Baztan-Bidasoa Turismo Elkartea\",\"potentialAction\":[{\"@type\":\"SearchAction\",\"target\":{\"@type\":\"EntryPoint\",\"urlTemplate\":\"https:\/\/baztan-bidasoa.com\/desarrollo\/?s={search_term_string}\"},\"query-input\":\"required name=search_term_string\"}],\"inLanguage\":\"es\"},{\"@type\":\"Person\",\"@id\":\"https:\/\/baztan-bidasoa.com\/desarrollo\/#\/schema\/person\/ec297d7c7c08a77e7ac6292c2b940e42\",\"name\":\"mktpamplona2\",\"image\":{\"@type\":\"ImageObject\",\"inLanguage\":\"es\",\"@id\":\"https:\/\/baztan-bidasoa.com\/desarrollo\/#\/schema\/person\/image\/\",\"url\":\"https:\/\/secure.gravatar.com\/avatar\/132223b7affa4daaa3f3ea2b5597a64f?s=96&d=mm&r=g\",\"contentUrl\":\"https:\/\/secure.gravatar.com\/avatar\/132223b7affa4daaa3f3ea2b5597a64f?s=96&d=mm&r=g\",\"caption\":\"mktpamplona2\"}}]}<\/script>\n<!-- \/ Yoast SEO plugin. -->","yoast_head_json":{"title":"V. GRAN FERIA DEL CABALLO, en IrriSarri Land - Baztan Bidasoa Turismoa","robots":{"index":"index","follow":"follow","max-snippet":"max-snippet:-1","max-image-preview":"max-image-preview:large","max-video-preview":"max-video-preview:-1"},"canonical":"https:\/\/baztan-bidasoa.com\/desarrollo\/v-gran-feria-del-caballo-en-irrisarri-land\/","og_locale":"es_ES","og_type":"article","og_title":"V. GRAN FERIA DEL CABALLO, en IrriSarri Land - Baztan Bidasoa Turismoa","og_description":"\u00a1Al paso, al trote o al galope! Este fin de semana, 26 y 27 de mayo, IrriSarri Land te invita a montar a caballo. Se celebra la 5\u00aa edici\u00f3n de la Gran Feria del Caballo. Un acontecimiento que poco a poco se est\u00e1 consolidando en el calendario del parque y que cada vez atrae a [&hellip;]","og_url":"https:\/\/baztan-bidasoa.com\/desarrollo\/v-gran-feria-del-caballo-en-irrisarri-land\/","og_site_name":"Baztan Bidasoa Turismoa","article_published_time":"2018-05-23T00:00:00+00:00","og_image":[{"width":1181,"height":787,"url":"https:\/\/baztan-bidasoa.com\/desarrollo\/wp-content\/uploads\/2020\/04\/33197458_1940781995952806_1381323600505602048_o.jpg","type":"image\/jpeg"}],"author":"mktpamplona2","twitter_card":"summary_large_image","twitter_misc":{"Escrito por":"mktpamplona2","Tiempo de lectura":"1 minuto"},"schema":{"@context":"https:\/\/schema.org","@graph":[{"@type":"WebPage","@id":"https:\/\/baztan-bidasoa.com\/desarrollo\/v-gran-feria-del-caballo-en-irrisarri-land\/","url":"https:\/\/baztan-bidasoa.com\/desarrollo\/v-gran-feria-del-caballo-en-irrisarri-land\/","name":"V. GRAN FERIA DEL CABALLO, en IrriSarri Land - Baztan Bidasoa Turismoa","isPartOf":{"@id":"https:\/\/baztan-bidasoa.com\/desarrollo\/#website"},"datePublished":"2018-05-23T00:00:00+00:00","dateModified":"2018-05-23T00:00:00+00:00","author":{"@id":"https:\/\/baztan-bidasoa.com\/desarrollo\/#\/schema\/person\/ec297d7c7c08a77e7ac6292c2b940e42"},"breadcrumb":{"@id":"https:\/\/baztan-bidasoa.com\/desarrollo\/v-gran-feria-del-caballo-en-irrisarri-land\/#breadcrumb"},"inLanguage":"es","potentialAction":[{"@type":"ReadAction","target":["https:\/\/baztan-bidasoa.com\/desarrollo\/v-gran-feria-del-caballo-en-irrisarri-land\/"]}]},{"@type":"BreadcrumbList","@id":"https:\/\/baztan-bidasoa.com\/desarrollo\/v-gran-feria-del-caballo-en-irrisarri-land\/#breadcrumb","itemListElement":[{"@type":"ListItem","position":1,"name":"Portada","item":"https:\/\/baztan-bidasoa.com\/desarrollo\/"},{"@type":"ListItem","position":2,"name":"V. GRAN FERIA DEL CABALLO, en IrriSarri Land"}]},{"@type":"WebSite","@id":"https:\/\/baztan-bidasoa.com\/desarrollo\/#website","url":"https:\/\/baztan-bidasoa.com\/desarrollo\/","name":"Baztan Bidasoa Turismoa","description":"Asociaci\u00f3n Tur\u00edstica Baztan-Bidasoa Turismo Elkartea","potentialAction":[{"@type":"SearchAction","target":{"@type":"EntryPoint","urlTemplate":"https:\/\/baztan-bidasoa.com\/desarrollo\/?s={search_term_string}"},"query-input":"required name=search_term_string"}],"inLanguage":"es"},{"@type":"Person","@id":"https:\/\/baztan-bidasoa.com\/desarrollo\/#\/schema\/person\/ec297d7c7c08a77e7ac6292c2b940e42","name":"mktpamplona2","image":{"@type":"ImageObject","inLanguage":"es","@id":"https:\/\/baztan-bidasoa.com\/desarrollo\/#\/schema\/person\/image\/","url":"https:\/\/secure.gravatar.com\/avatar\/132223b7affa4daaa3f3ea2b5597a64f?s=96&d=mm&r=g","contentUrl":"https:\/\/secure.gravatar.com\/avatar\/132223b7affa4daaa3f3ea2b5597a64f?s=96&d=mm&r=g","caption":"mktpamplona2"}}]}},"_links":{"self":[{"href":"https:\/\/baztan-bidasoa.com\/desarrollo\/wp-json\/wp\/v2\/posts\/22239"}],"collection":[{"href":"https:\/\/baztan-bidasoa.com\/desarrollo\/wp-json\/wp\/v2\/posts"}],"about":[{"href":"https:\/\/baztan-bidasoa.com\/desarrollo\/wp-json\/wp\/v2\/types\/post"}],"author":[{"embeddable":true,"href":"https:\/\/baztan-bidasoa.com\/desarrollo\/wp-json\/wp\/v2\/users\/3"}],"replies":[{"embeddable":true,"href":"https:\/\/baztan-bidasoa.com\/desarrollo\/wp-json\/wp\/v2\/comments?post=22239"}],"version-history":[{"count":0,"href":"https:\/\/baztan-bidasoa.com\/desarrollo\/wp-json\/wp\/v2\/posts\/22239\/revisions"}],"wp:featuredmedia":[{"embeddable":true,"href":"https:\/\/baztan-bidasoa.com\/desarrollo\/wp-json\/wp\/v2\/media\/20879"}],"wp:attachment":[{"href":"https:\/\/baztan-bidasoa.com\/desarrollo\/wp-json\/wp\/v2\/media?parent=22239"}],"wp:term":[{"taxonomy":"category","embeddable":true,"href":"https:\/\/baztan-bidasoa.com\/desarrollo\/wp-json\/wp\/v2\/categories?post=22239"},{"taxonomy":"post_tag","embeddable":true,"href":"https:\/\/baztan-bidasoa.com\/desarrollo\/wp-json\/wp\/v2\/tags?post=22239"}],"curies":[{"name":"wp","href":"https:\/\/api.w.org\/{rel}","templated":true}]}}