{"id":22232,"date":"2018-05-17T00:00:00","date_gmt":"2018-05-17T00:00:00","guid":{"rendered":"https:\/\/baztan-bidasoa.com\/desarrollo\/dia-internacional-de-los-museos\/"},"modified":"2018-05-17T00:00:00","modified_gmt":"2018-05-17T00:00:00","slug":"dia-internacional-de-los-museos","status":"publish","type":"post","link":"https:\/\/baztan-bidasoa.com\/desarrollo\/dia-internacional-de-los-museos\/","title":{"rendered":"D\u00cdA INTERNACIONAL DE LOS MUSEOS"},"content":{"rendered":"<h5 class=\"chapeau\">El Museo de las Brujas de Zugarramurdi se suma al D\u00eda Internacional de los Museos<\/h5>\n<p class=\"chapeau\">Desde 1977, cada 18 de mayo se celebra el D\u00eda Internacional de los Museos. Una jornada para concienciar al\u00a0p\u00fablico en general sobre el papel de los museos en el desarrollo de la sociedad.<\/p>\n<p class=\"chapeau\">De Am\u00e9rica a Ocean\u00eda, pasando por Europa, Asia y \u00c1frica, este evento internacional ha confirmado su fama. Estos \u00faltimos a\u00f1os, el D\u00eda Internacional de los Museos ha conocido su mayor afluencia con cerca de 30.000 museos que organizaron actividades en m\u00e1s de 120 pa\u00edses.<\/p>\n<p class=\"chapeau\">Cada Museo lo celebra a su manera, con jornadas de puertas abiertas, actividades que duran un fin de semana, una semana o un mes.<\/p>\n<p>En el <strong>Museo de la Brujas de Zugarramurdi<\/strong> ya lo tienen todo preparado para conmemorar esta fecha. Con la ayuda de\u00a0Agurtzane Anduetza, han preparado algo especial: la inauguraci\u00f3n de la exposici\u00f3n permanente <strong><b>\u201cOro\u201d<\/b><\/strong> (Totalidad) y el proyecto de creaci\u00f3n activa <strong><b>\u201cItzalean Sortzen\u201d<\/b><\/strong> (Creando en la sombra).<\/p>\n<p><a href=\"https:\/\/baztan-bidasoa.com\/desarrollo\/wp-content\/uploads\/2020\/04\/oro.jpg\"><img decoding=\"async\" loading=\"lazy\" class=\"size-medium wp-image-11722 alignleft\" src=\"https:\/\/baztan-bidasoa.com\/desarrollo\/wp-content\/uploads\/2020\/04\/oro-214x300.jpg\" alt=\"\" width=\"214\" height=\"300\" \/><\/a><\/p>\n<p>\u00bfCU\u00c1NDO? <strong><b>El s\u00e1bado 19 de mayo<\/b><\/strong><\/p>\n<p>\u00bfA QU\u00c9 HORA? <strong><b>A las 19h<\/b><\/strong><\/p>\n<p>\u00bfD\u00d3NDE? <strong><b>En la planta bajo-cubierta del Museo de las Brujas<\/b><\/strong><\/p>\n<p>M\u00e1s informaci\u00f3n <a href=\"https:\/\/baztan-bidasoa.com\/desarrollo\/wp-content\/uploads\/2018\/05\/totalidad_creando-en-la-sombra.pdf\">AQU\u00cd\u00a0<\/a><\/p>\n<p class=\"bodytext\">\n","protected":false},"excerpt":{"rendered":"<p>El Museo de las Brujas de Zugarramurdi se suma al D\u00eda Internacional de los Museos Desde 1977, cada 18 de mayo se celebra el D\u00eda Internacional de los Museos. Una jornada para concienciar al\u00a0p\u00fablico en general sobre el papel de los museos en el desarrollo de la sociedad. De Am\u00e9rica a Ocean\u00eda, pasando por Europa, [&hellip;]<\/p>\n","protected":false},"author":3,"featured_media":8395,"comment_status":"open","ping_status":"open","sticky":false,"template":"","format":"standard","meta":[],"categories":[237,235],"tags":[],"acf":[],"yoast_head":"<!-- This site is optimized with the Yoast SEO plugin v19.10 - https:\/\/yoast.com\/wordpress\/plugins\/seo\/ -->\n<title>D\u00cdA INTERNACIONAL DE LOS MUSEOS - Baztan Bidasoa Turismoa<\/title>\n<meta name=\"robots\" content=\"index, follow, max-snippet:-1, max-image-preview:large, max-video-preview:-1\" \/>\n<link rel=\"canonical\" href=\"https:\/\/baztan-bidasoa.com\/desarrollo\/dia-internacional-de-los-museos\/\" \/>\n<meta property=\"og:locale\" content=\"es_ES\" \/>\n<meta property=\"og:type\" content=\"article\" \/>\n<meta property=\"og:title\" content=\"D\u00cdA INTERNACIONAL DE LOS MUSEOS - Baztan Bidasoa Turismoa\" \/>\n<meta property=\"og:description\" content=\"El Museo de las Brujas de Zugarramurdi se suma al D\u00eda Internacional de los Museos Desde 1977, cada 18 de mayo se celebra el D\u00eda Internacional de los Museos. Una jornada para concienciar al\u00a0p\u00fablico en general sobre el papel de los museos en el desarrollo de la sociedad. De Am\u00e9rica a Ocean\u00eda, pasando por Europa, [&hellip;]\" \/>\n<meta property=\"og:url\" content=\"https:\/\/baztan-bidasoa.com\/desarrollo\/dia-internacional-de-los-museos\/\" \/>\n<meta property=\"og:site_name\" content=\"Baztan Bidasoa Turismoa\" \/>\n<meta property=\"article:published_time\" content=\"2018-05-17T00:00:00+00:00\" \/>\n<meta property=\"og:image\" content=\"https:\/\/baztan-bidasoa.com\/desarrollo\/wp-content\/uploads\/2020\/01\/museo-de-las-brujas4.jpg\" \/>\n\t<meta property=\"og:image:width\" content=\"900\" \/>\n\t<meta property=\"og:image:height\" content=\"1359\" \/>\n\t<meta property=\"og:image:type\" content=\"image\/jpeg\" \/>\n<meta name=\"author\" content=\"mktpamplona2\" \/>\n<meta name=\"twitter:card\" content=\"summary_large_image\" \/>\n<meta name=\"twitter:label1\" content=\"Escrito por\" \/>\n\t<meta name=\"twitter:data1\" content=\"mktpamplona2\" \/>\n\t<meta name=\"twitter:label2\" content=\"Tiempo de lectura\" \/>\n\t<meta name=\"twitter:data2\" content=\"1 minuto\" \/>\n<script type=\"application\/ld+json\" class=\"yoast-schema-graph\">{\"@context\":\"https:\/\/schema.org\",\"@graph\":[{\"@type\":\"WebPage\",\"@id\":\"https:\/\/baztan-bidasoa.com\/desarrollo\/dia-internacional-de-los-museos\/\",\"url\":\"https:\/\/baztan-bidasoa.com\/desarrollo\/dia-internacional-de-los-museos\/\",\"name\":\"D\u00cdA INTERNACIONAL DE LOS MUSEOS - Baztan Bidasoa Turismoa\",\"isPartOf\":{\"@id\":\"https:\/\/baztan-bidasoa.com\/desarrollo\/#website\"},\"datePublished\":\"2018-05-17T00:00:00+00:00\",\"dateModified\":\"2018-05-17T00:00:00+00:00\",\"author\":{\"@id\":\"https:\/\/baztan-bidasoa.com\/desarrollo\/#\/schema\/person\/ec297d7c7c08a77e7ac6292c2b940e42\"},\"breadcrumb\":{\"@id\":\"https:\/\/baztan-bidasoa.com\/desarrollo\/dia-internacional-de-los-museos\/#breadcrumb\"},\"inLanguage\":\"es\",\"potentialAction\":[{\"@type\":\"ReadAction\",\"target\":[\"https:\/\/baztan-bidasoa.com\/desarrollo\/dia-internacional-de-los-museos\/\"]}]},{\"@type\":\"BreadcrumbList\",\"@id\":\"https:\/\/baztan-bidasoa.com\/desarrollo\/dia-internacional-de-los-museos\/#breadcrumb\",\"itemListElement\":[{\"@type\":\"ListItem\",\"position\":1,\"name\":\"Portada\",\"item\":\"https:\/\/baztan-bidasoa.com\/desarrollo\/\"},{\"@type\":\"ListItem\",\"position\":2,\"name\":\"D\u00cdA INTERNACIONAL DE LOS MUSEOS\"}]},{\"@type\":\"WebSite\",\"@id\":\"https:\/\/baztan-bidasoa.com\/desarrollo\/#website\",\"url\":\"https:\/\/baztan-bidasoa.com\/desarrollo\/\",\"name\":\"Baztan Bidasoa Turismoa\",\"description\":\"Asociaci\u00f3n Tur\u00edstica Baztan-Bidasoa Turismo Elkartea\",\"potentialAction\":[{\"@type\":\"SearchAction\",\"target\":{\"@type\":\"EntryPoint\",\"urlTemplate\":\"https:\/\/baztan-bidasoa.com\/desarrollo\/?s={search_term_string}\"},\"query-input\":\"required name=search_term_string\"}],\"inLanguage\":\"es\"},{\"@type\":\"Person\",\"@id\":\"https:\/\/baztan-bidasoa.com\/desarrollo\/#\/schema\/person\/ec297d7c7c08a77e7ac6292c2b940e42\",\"name\":\"mktpamplona2\",\"image\":{\"@type\":\"ImageObject\",\"inLanguage\":\"es\",\"@id\":\"https:\/\/baztan-bidasoa.com\/desarrollo\/#\/schema\/person\/image\/\",\"url\":\"https:\/\/secure.gravatar.com\/avatar\/132223b7affa4daaa3f3ea2b5597a64f?s=96&d=mm&r=g\",\"contentUrl\":\"https:\/\/secure.gravatar.com\/avatar\/132223b7affa4daaa3f3ea2b5597a64f?s=96&d=mm&r=g\",\"caption\":\"mktpamplona2\"}}]}<\/script>\n<!-- \/ Yoast SEO plugin. -->","yoast_head_json":{"title":"D\u00cdA INTERNACIONAL DE LOS MUSEOS - Baztan Bidasoa Turismoa","robots":{"index":"index","follow":"follow","max-snippet":"max-snippet:-1","max-image-preview":"max-image-preview:large","max-video-preview":"max-video-preview:-1"},"canonical":"https:\/\/baztan-bidasoa.com\/desarrollo\/dia-internacional-de-los-museos\/","og_locale":"es_ES","og_type":"article","og_title":"D\u00cdA INTERNACIONAL DE LOS MUSEOS - Baztan Bidasoa Turismoa","og_description":"El Museo de las Brujas de Zugarramurdi se suma al D\u00eda Internacional de los Museos Desde 1977, cada 18 de mayo se celebra el D\u00eda Internacional de los Museos. Una jornada para concienciar al\u00a0p\u00fablico en general sobre el papel de los museos en el desarrollo de la sociedad. De Am\u00e9rica a Ocean\u00eda, pasando por Europa, [&hellip;]","og_url":"https:\/\/baztan-bidasoa.com\/desarrollo\/dia-internacional-de-los-museos\/","og_site_name":"Baztan Bidasoa Turismoa","article_published_time":"2018-05-17T00:00:00+00:00","og_image":[{"width":900,"height":1359,"url":"https:\/\/baztan-bidasoa.com\/desarrollo\/wp-content\/uploads\/2020\/01\/museo-de-las-brujas4.jpg","type":"image\/jpeg"}],"author":"mktpamplona2","twitter_card":"summary_large_image","twitter_misc":{"Escrito por":"mktpamplona2","Tiempo de lectura":"1 minuto"},"schema":{"@context":"https:\/\/schema.org","@graph":[{"@type":"WebPage","@id":"https:\/\/baztan-bidasoa.com\/desarrollo\/dia-internacional-de-los-museos\/","url":"https:\/\/baztan-bidasoa.com\/desarrollo\/dia-internacional-de-los-museos\/","name":"D\u00cdA INTERNACIONAL DE LOS MUSEOS - Baztan Bidasoa Turismoa","isPartOf":{"@id":"https:\/\/baztan-bidasoa.com\/desarrollo\/#website"},"datePublished":"2018-05-17T00:00:00+00:00","dateModified":"2018-05-17T00:00:00+00:00","author":{"@id":"https:\/\/baztan-bidasoa.com\/desarrollo\/#\/schema\/person\/ec297d7c7c08a77e7ac6292c2b940e42"},"breadcrumb":{"@id":"https:\/\/baztan-bidasoa.com\/desarrollo\/dia-internacional-de-los-museos\/#breadcrumb"},"inLanguage":"es","potentialAction":[{"@type":"ReadAction","target":["https:\/\/baztan-bidasoa.com\/desarrollo\/dia-internacional-de-los-museos\/"]}]},{"@type":"BreadcrumbList","@id":"https:\/\/baztan-bidasoa.com\/desarrollo\/dia-internacional-de-los-museos\/#breadcrumb","itemListElement":[{"@type":"ListItem","position":1,"name":"Portada","item":"https:\/\/baztan-bidasoa.com\/desarrollo\/"},{"@type":"ListItem","position":2,"name":"D\u00cdA INTERNACIONAL DE LOS MUSEOS"}]},{"@type":"WebSite","@id":"https:\/\/baztan-bidasoa.com\/desarrollo\/#website","url":"https:\/\/baztan-bidasoa.com\/desarrollo\/","name":"Baztan Bidasoa Turismoa","description":"Asociaci\u00f3n Tur\u00edstica Baztan-Bidasoa Turismo Elkartea","potentialAction":[{"@type":"SearchAction","target":{"@type":"EntryPoint","urlTemplate":"https:\/\/baztan-bidasoa.com\/desarrollo\/?s={search_term_string}"},"query-input":"required name=search_term_string"}],"inLanguage":"es"},{"@type":"Person","@id":"https:\/\/baztan-bidasoa.com\/desarrollo\/#\/schema\/person\/ec297d7c7c08a77e7ac6292c2b940e42","name":"mktpamplona2","image":{"@type":"ImageObject","inLanguage":"es","@id":"https:\/\/baztan-bidasoa.com\/desarrollo\/#\/schema\/person\/image\/","url":"https:\/\/secure.gravatar.com\/avatar\/132223b7affa4daaa3f3ea2b5597a64f?s=96&d=mm&r=g","contentUrl":"https:\/\/secure.gravatar.com\/avatar\/132223b7affa4daaa3f3ea2b5597a64f?s=96&d=mm&r=g","caption":"mktpamplona2"}}]}},"_links":{"self":[{"href":"https:\/\/baztan-bidasoa.com\/desarrollo\/wp-json\/wp\/v2\/posts\/22232"}],"collection":[{"href":"https:\/\/baztan-bidasoa.com\/desarrollo\/wp-json\/wp\/v2\/posts"}],"about":[{"href":"https:\/\/baztan-bidasoa.com\/desarrollo\/wp-json\/wp\/v2\/types\/post"}],"author":[{"embeddable":true,"href":"https:\/\/baztan-bidasoa.com\/desarrollo\/wp-json\/wp\/v2\/users\/3"}],"replies":[{"embeddable":true,"href":"https:\/\/baztan-bidasoa.com\/desarrollo\/wp-json\/wp\/v2\/comments?post=22232"}],"version-history":[{"count":0,"href":"https:\/\/baztan-bidasoa.com\/desarrollo\/wp-json\/wp\/v2\/posts\/22232\/revisions"}],"wp:featuredmedia":[{"embeddable":true,"href":"https:\/\/baztan-bidasoa.com\/desarrollo\/wp-json\/wp\/v2\/media\/8395"}],"wp:attachment":[{"href":"https:\/\/baztan-bidasoa.com\/desarrollo\/wp-json\/wp\/v2\/media?parent=22232"}],"wp:term":[{"taxonomy":"category","embeddable":true,"href":"https:\/\/baztan-bidasoa.com\/desarrollo\/wp-json\/wp\/v2\/categories?post=22232"},{"taxonomy":"post_tag","embeddable":true,"href":"https:\/\/baztan-bidasoa.com\/desarrollo\/wp-json\/wp\/v2\/tags?post=22232"}],"curies":[{"name":"wp","href":"https:\/\/api.w.org\/{rel}","templated":true}]}}