{"id":22009,"date":"2017-09-20T00:00:00","date_gmt":"2017-09-20T00:00:00","guid":{"rendered":"https:\/\/baztan-bidasoa.com\/desarrollo\/etxalar-huele-a-paloma\/"},"modified":"2017-09-20T00:00:00","modified_gmt":"2017-09-20T00:00:00","slug":"etxalar-huele-a-paloma","status":"publish","type":"post","link":"https:\/\/baztan-bidasoa.com\/desarrollo\/etxalar-huele-a-paloma\/","title":{"rendered":"ETXALAR HUELE A PALOMA"},"content":{"rendered":"<h4><span style=\"color: #008000;\">Si en Pamplona huele a toro cuando los operaros de la Carpinter\u00eda Hermanos Aldaz comienzan a montar el vallado para los encierros&#8230;.cuando llega octubre, en Etxalar huele a Paloma<\/span><\/h4>\n<h5>Nervios, preparativos, acondicionamiento de puestos, \u00a0redes, elaboraci\u00f3n de palas&#8230;algo se mueve en Etxalar. La temporada de caza arrancar\u00e1 el primero de octubre y eso se nota en el ambiente. \u00a0Antes, sin embargo, y a modo de pistoletazo de salida, toca renovar el Tratado de Lizaieta. Tratado que permite a los etxalartarras hacer uso de las torres de vig\u00eda, ubicadas en terreno de la vecina localidad de Sara.<\/h5>\n<h5><a href=\"https:\/\/baztan-bidasoa.com\/desarrollo\/wp-content\/uploads\/2020\/04\/Etxalar-Palomeras-Trepa-gibelin-scaled.jpg\"><img decoding=\"async\" loading=\"lazy\" class=\"alignleft wp-image-9554 size-medium\" src=\"https:\/\/baztan-bidasoa.com\/desarrollo\/wp-content\/uploads\/2020\/04\/Etxalar-Palomeras-Trepa-gibelin-scaled.jpg\" alt=\"\" width=\"225\" height=\"300\" \/><\/a>Ser\u00e1 este domingo, 24 de septiembre, cuando los alcaldes de Etxalar y Sara renueven, con su r\u00fabrica, el Tratado de mugas que permite la continuidad de la tradicional caza de paloma con red. Una modalidad con ra\u00edces en el siglo XIV y que actualmente s\u00f3lo se mantiene y permite en Etxalar, en ning\u00fan otro lugar de la Pen\u00ednsula Ib\u00e9rica.<\/h5>\n<h5><span style=\"color: #008000;\">Si tu quieres vivir una experiencia \u00fanica, Baztan-Bidasoa Turismoa te ofrece la posibilidad de ver las palomeras y conocer \u00abin situ\u00bb esta tradicional modalidad de captura, a trav\u00e9s de las visitas guiadas a las palomeras. Todos los s\u00e1bados al mediod\u00eda.<\/span>\u00a0<a href=\"https:\/\/baztan-bidasoa.com\/desarrollo\/visitas-guiadas-a-palomeras-etxalar\/\">https:\/\/baztan-bidasoa.com\/desarrollo\/visitas-guiadas-a-palomeras-etxalar\/<\/a><\/h5>\n<h5><span style=\"color: #008000;\">Este a\u00f1o Baztan-Bidasoa Turismoa colabora tambi\u00e9n, junto con el Gobierno de Navarra, en las <strong>Jornadas europeas de Patrimonio 2017. <\/strong>Con este motivo est\u00e1 prevista una visita a las Palomeras de Etxalar el 1 de octubre, a las 11: 00 de la ma\u00f1ana. Las plazas son limitadas. Inscripciones en el 690 267 756.<\/span><\/h5>\n<h5>Por \u00faltimo, otra jornada interesante para conocer la caza de paloma con red es el \u00abD\u00eda de las Palomeras\u00bb, que este a\u00f1o se celebrar\u00e1 el 8 de octubre.<\/h5>\n<p>&nbsp;<\/p>\n<h3><strong>Sin escopeta<\/strong><\/h3>\n<h5>Con paletas que asemejan halcones, banderines, turutas y redes, as\u00ed se lleva a cabo la tradicional caza de paloma con red en Etxalar, hoy declarada Bien de Inter\u00e9s Cultural.<\/h5>\n<h5>El cazador que est\u00e1 en la torre de vig\u00eda da el aviso. Ha avistado palomas. Hace la se\u00f1al con el bander\u00edn. Los paleteros lanzan entonces las paletas para hacer descender al bando palomero y encaminarlo hacia las redes y&#8230; cuando las palomas est\u00e1n bajas, echan la red. Por eso en Etxalar las palomas no se cuentan por unidades, sino por docenas.<\/h5>\n<h5><a href=\"https:\/\/baztan-bidasoa.com\/desarrollo\/wp-content\/uploads\/2019\/12\/Etxalar-Palomeras-Palomas-en-la-red.jpg\"><img decoding=\"async\" loading=\"lazy\" class=\"wp-image-9552 size-medium alignleft\" src=\"https:\/\/baztan-bidasoa.com\/desarrollo\/wp-content\/uploads\/2019\/12\/Etxalar-Palomeras-Palomas-en-la-red.jpg\" alt=\"\" width=\"300\" height=\"200\" \/><\/a><strong>El Tratado de Lizaieta data de 1856, pero tuvo tres hitos documentados en 1959, 1984 y 1990<\/strong><\/h5>\n<h5>Fue el 4 de septiembre de 2011 cuando los alcaldes de Etxalar y Sara recuperaron dicho Tratado de entendimiento. Desde entonces, todos los a\u00f1os, cuando se acerca octubre renuevan la firma con una fiesta en el collado de Lizaieta. Una jornada de hermanamiento entre ambas localidades que permite conservar esta ancestral pr\u00e1ctica cineg\u00e9tica.<\/h5>\n<h4><strong>Programa<\/strong><\/h4>\n<h5>10:00-13:00 Puestos de artesanos de Sara y Etxalar<\/h5>\n<h5>Exposici\u00f3n \u201cUsoak sarean\u201d<\/h5>\n<h5>Demostraci\u00f3n y taller de elaboraci\u00f3n de \u201cpalas\u201d para la caza de paloma<\/h5>\n<h5>Hinchables para los ni\u00f1os y almuerzo con talos<\/h5>\n<h5>10:30 Partido de pelota (Botaluze)<\/h5>\n<h5>11:30 IV Campeonato mundial de lanzamiento de \u201ckarrote\u201d. A continuaci\u00f3n todo el que quiera podr\u00e1 lanzar las palas.<\/h5>\n<h5>12:30 R\u00fabrica y ratificaci\u00f3n del acuerdo alcanzado entre Sara y Etxalar el 4 de septiembre de 2011<\/h5>\n<h5>13:00 Dantzaris de Sara<\/h5>\n<h5>14:00 Comida a base de ternera, en la campa de Lizaieta<\/h5>\n<h5>17:30 Deporte rural<\/h5>\n<h5>Al mediod\u00eda y por la tarde m\u00fasica con Fernando y Be\u00f1at<\/h5>\n<p>&nbsp;<\/p>\n","protected":false},"excerpt":{"rendered":"<p>Si en Pamplona huele a toro cuando los operaros de la Carpinter\u00eda Hermanos Aldaz comienzan a montar el vallado para los encierros&#8230;.cuando llega octubre, en Etxalar huele a Paloma Nervios, preparativos, acondicionamiento de puestos, \u00a0redes, elaboraci\u00f3n de palas&#8230;algo se mueve en Etxalar. La temporada de caza arrancar\u00e1 el primero de octubre y eso se nota [&hellip;]<\/p>\n","protected":false},"author":3,"featured_media":20614,"comment_status":"open","ping_status":"open","sticky":false,"template":"","format":"standard","meta":[],"categories":[237,235],"tags":[],"acf":[],"yoast_head":"<!-- This site is optimized with the Yoast SEO plugin v19.10 - https:\/\/yoast.com\/wordpress\/plugins\/seo\/ -->\n<title>ETXALAR HUELE A PALOMA - Baztan Bidasoa Turismoa<\/title>\n<meta name=\"robots\" content=\"index, follow, max-snippet:-1, max-image-preview:large, max-video-preview:-1\" \/>\n<link rel=\"canonical\" href=\"https:\/\/baztan-bidasoa.com\/desarrollo\/etxalar-huele-a-paloma\/\" \/>\n<meta property=\"og:locale\" content=\"es_ES\" \/>\n<meta property=\"og:type\" content=\"article\" \/>\n<meta property=\"og:title\" content=\"ETXALAR HUELE A PALOMA - Baztan Bidasoa Turismoa\" \/>\n<meta property=\"og:description\" content=\"Si en Pamplona huele a toro cuando los operaros de la Carpinter\u00eda Hermanos Aldaz comienzan a montar el vallado para los encierros&#8230;.cuando llega octubre, en Etxalar huele a Paloma Nervios, preparativos, acondicionamiento de puestos, \u00a0redes, elaboraci\u00f3n de palas&#8230;algo se mueve en Etxalar. La temporada de caza arrancar\u00e1 el primero de octubre y eso se nota [&hellip;]\" \/>\n<meta property=\"og:url\" content=\"https:\/\/baztan-bidasoa.com\/desarrollo\/etxalar-huele-a-paloma\/\" \/>\n<meta property=\"og:site_name\" content=\"Baztan Bidasoa Turismoa\" \/>\n<meta property=\"article:published_time\" content=\"2017-09-20T00:00:00+00:00\" \/>\n<meta property=\"og:image\" content=\"https:\/\/baztan-bidasoa.com\/desarrollo\/wp-content\/uploads\/2020\/04\/Etxalar-Palomeras-Trepa-Aritza-1-scaled.jpg\" \/>\n\t<meta property=\"og:image:width\" content=\"2560\" \/>\n\t<meta property=\"og:image:height\" content=\"1920\" \/>\n\t<meta property=\"og:image:type\" content=\"image\/jpeg\" \/>\n<meta name=\"author\" content=\"mktpamplona2\" \/>\n<meta name=\"twitter:card\" content=\"summary_large_image\" \/>\n<meta name=\"twitter:label1\" content=\"Escrito por\" \/>\n\t<meta name=\"twitter:data1\" content=\"mktpamplona2\" \/>\n\t<meta name=\"twitter:label2\" content=\"Tiempo de lectura\" \/>\n\t<meta name=\"twitter:data2\" content=\"3 minutos\" \/>\n<script type=\"application\/ld+json\" class=\"yoast-schema-graph\">{\"@context\":\"https:\/\/schema.org\",\"@graph\":[{\"@type\":\"WebPage\",\"@id\":\"https:\/\/baztan-bidasoa.com\/desarrollo\/etxalar-huele-a-paloma\/\",\"url\":\"https:\/\/baztan-bidasoa.com\/desarrollo\/etxalar-huele-a-paloma\/\",\"name\":\"ETXALAR HUELE A PALOMA - Baztan Bidasoa Turismoa\",\"isPartOf\":{\"@id\":\"https:\/\/baztan-bidasoa.com\/desarrollo\/#website\"},\"datePublished\":\"2017-09-20T00:00:00+00:00\",\"dateModified\":\"2017-09-20T00:00:00+00:00\",\"author\":{\"@id\":\"https:\/\/baztan-bidasoa.com\/desarrollo\/#\/schema\/person\/ec297d7c7c08a77e7ac6292c2b940e42\"},\"breadcrumb\":{\"@id\":\"https:\/\/baztan-bidasoa.com\/desarrollo\/etxalar-huele-a-paloma\/#breadcrumb\"},\"inLanguage\":\"es\",\"potentialAction\":[{\"@type\":\"ReadAction\",\"target\":[\"https:\/\/baztan-bidasoa.com\/desarrollo\/etxalar-huele-a-paloma\/\"]}]},{\"@type\":\"BreadcrumbList\",\"@id\":\"https:\/\/baztan-bidasoa.com\/desarrollo\/etxalar-huele-a-paloma\/#breadcrumb\",\"itemListElement\":[{\"@type\":\"ListItem\",\"position\":1,\"name\":\"Portada\",\"item\":\"https:\/\/baztan-bidasoa.com\/desarrollo\/\"},{\"@type\":\"ListItem\",\"position\":2,\"name\":\"ETXALAR HUELE A PALOMA\"}]},{\"@type\":\"WebSite\",\"@id\":\"https:\/\/baztan-bidasoa.com\/desarrollo\/#website\",\"url\":\"https:\/\/baztan-bidasoa.com\/desarrollo\/\",\"name\":\"Baztan Bidasoa Turismoa\",\"description\":\"Asociaci\u00f3n Tur\u00edstica Baztan-Bidasoa Turismo Elkartea\",\"potentialAction\":[{\"@type\":\"SearchAction\",\"target\":{\"@type\":\"EntryPoint\",\"urlTemplate\":\"https:\/\/baztan-bidasoa.com\/desarrollo\/?s={search_term_string}\"},\"query-input\":\"required name=search_term_string\"}],\"inLanguage\":\"es\"},{\"@type\":\"Person\",\"@id\":\"https:\/\/baztan-bidasoa.com\/desarrollo\/#\/schema\/person\/ec297d7c7c08a77e7ac6292c2b940e42\",\"name\":\"mktpamplona2\",\"image\":{\"@type\":\"ImageObject\",\"inLanguage\":\"es\",\"@id\":\"https:\/\/baztan-bidasoa.com\/desarrollo\/#\/schema\/person\/image\/\",\"url\":\"https:\/\/secure.gravatar.com\/avatar\/132223b7affa4daaa3f3ea2b5597a64f?s=96&d=mm&r=g\",\"contentUrl\":\"https:\/\/secure.gravatar.com\/avatar\/132223b7affa4daaa3f3ea2b5597a64f?s=96&d=mm&r=g\",\"caption\":\"mktpamplona2\"}}]}<\/script>\n<!-- \/ Yoast SEO plugin. -->","yoast_head_json":{"title":"ETXALAR HUELE A PALOMA - Baztan Bidasoa Turismoa","robots":{"index":"index","follow":"follow","max-snippet":"max-snippet:-1","max-image-preview":"max-image-preview:large","max-video-preview":"max-video-preview:-1"},"canonical":"https:\/\/baztan-bidasoa.com\/desarrollo\/etxalar-huele-a-paloma\/","og_locale":"es_ES","og_type":"article","og_title":"ETXALAR HUELE A PALOMA - Baztan Bidasoa Turismoa","og_description":"Si en Pamplona huele a toro cuando los operaros de la Carpinter\u00eda Hermanos Aldaz comienzan a montar el vallado para los encierros&#8230;.cuando llega octubre, en Etxalar huele a Paloma Nervios, preparativos, acondicionamiento de puestos, \u00a0redes, elaboraci\u00f3n de palas&#8230;algo se mueve en Etxalar. La temporada de caza arrancar\u00e1 el primero de octubre y eso se nota [&hellip;]","og_url":"https:\/\/baztan-bidasoa.com\/desarrollo\/etxalar-huele-a-paloma\/","og_site_name":"Baztan Bidasoa Turismoa","article_published_time":"2017-09-20T00:00:00+00:00","og_image":[{"width":2560,"height":1920,"url":"https:\/\/baztan-bidasoa.com\/desarrollo\/wp-content\/uploads\/2020\/04\/Etxalar-Palomeras-Trepa-Aritza-1-scaled.jpg","type":"image\/jpeg"}],"author":"mktpamplona2","twitter_card":"summary_large_image","twitter_misc":{"Escrito por":"mktpamplona2","Tiempo de lectura":"3 minutos"},"schema":{"@context":"https:\/\/schema.org","@graph":[{"@type":"WebPage","@id":"https:\/\/baztan-bidasoa.com\/desarrollo\/etxalar-huele-a-paloma\/","url":"https:\/\/baztan-bidasoa.com\/desarrollo\/etxalar-huele-a-paloma\/","name":"ETXALAR HUELE A PALOMA - Baztan Bidasoa Turismoa","isPartOf":{"@id":"https:\/\/baztan-bidasoa.com\/desarrollo\/#website"},"datePublished":"2017-09-20T00:00:00+00:00","dateModified":"2017-09-20T00:00:00+00:00","author":{"@id":"https:\/\/baztan-bidasoa.com\/desarrollo\/#\/schema\/person\/ec297d7c7c08a77e7ac6292c2b940e42"},"breadcrumb":{"@id":"https:\/\/baztan-bidasoa.com\/desarrollo\/etxalar-huele-a-paloma\/#breadcrumb"},"inLanguage":"es","potentialAction":[{"@type":"ReadAction","target":["https:\/\/baztan-bidasoa.com\/desarrollo\/etxalar-huele-a-paloma\/"]}]},{"@type":"BreadcrumbList","@id":"https:\/\/baztan-bidasoa.com\/desarrollo\/etxalar-huele-a-paloma\/#breadcrumb","itemListElement":[{"@type":"ListItem","position":1,"name":"Portada","item":"https:\/\/baztan-bidasoa.com\/desarrollo\/"},{"@type":"ListItem","position":2,"name":"ETXALAR HUELE A PALOMA"}]},{"@type":"WebSite","@id":"https:\/\/baztan-bidasoa.com\/desarrollo\/#website","url":"https:\/\/baztan-bidasoa.com\/desarrollo\/","name":"Baztan Bidasoa Turismoa","description":"Asociaci\u00f3n Tur\u00edstica Baztan-Bidasoa Turismo Elkartea","potentialAction":[{"@type":"SearchAction","target":{"@type":"EntryPoint","urlTemplate":"https:\/\/baztan-bidasoa.com\/desarrollo\/?s={search_term_string}"},"query-input":"required name=search_term_string"}],"inLanguage":"es"},{"@type":"Person","@id":"https:\/\/baztan-bidasoa.com\/desarrollo\/#\/schema\/person\/ec297d7c7c08a77e7ac6292c2b940e42","name":"mktpamplona2","image":{"@type":"ImageObject","inLanguage":"es","@id":"https:\/\/baztan-bidasoa.com\/desarrollo\/#\/schema\/person\/image\/","url":"https:\/\/secure.gravatar.com\/avatar\/132223b7affa4daaa3f3ea2b5597a64f?s=96&d=mm&r=g","contentUrl":"https:\/\/secure.gravatar.com\/avatar\/132223b7affa4daaa3f3ea2b5597a64f?s=96&d=mm&r=g","caption":"mktpamplona2"}}]}},"_links":{"self":[{"href":"https:\/\/baztan-bidasoa.com\/desarrollo\/wp-json\/wp\/v2\/posts\/22009"}],"collection":[{"href":"https:\/\/baztan-bidasoa.com\/desarrollo\/wp-json\/wp\/v2\/posts"}],"about":[{"href":"https:\/\/baztan-bidasoa.com\/desarrollo\/wp-json\/wp\/v2\/types\/post"}],"author":[{"embeddable":true,"href":"https:\/\/baztan-bidasoa.com\/desarrollo\/wp-json\/wp\/v2\/users\/3"}],"replies":[{"embeddable":true,"href":"https:\/\/baztan-bidasoa.com\/desarrollo\/wp-json\/wp\/v2\/comments?post=22009"}],"version-history":[{"count":0,"href":"https:\/\/baztan-bidasoa.com\/desarrollo\/wp-json\/wp\/v2\/posts\/22009\/revisions"}],"wp:featuredmedia":[{"embeddable":true,"href":"https:\/\/baztan-bidasoa.com\/desarrollo\/wp-json\/wp\/v2\/media\/20614"}],"wp:attachment":[{"href":"https:\/\/baztan-bidasoa.com\/desarrollo\/wp-json\/wp\/v2\/media?parent=22009"}],"wp:term":[{"taxonomy":"category","embeddable":true,"href":"https:\/\/baztan-bidasoa.com\/desarrollo\/wp-json\/wp\/v2\/categories?post=22009"},{"taxonomy":"post_tag","embeddable":true,"href":"https:\/\/baztan-bidasoa.com\/desarrollo\/wp-json\/wp\/v2\/tags?post=22009"}],"curies":[{"name":"wp","href":"https:\/\/api.w.org\/{rel}","templated":true}]}}