{"id":21978,"date":"2017-07-20T00:00:00","date_gmt":"2017-07-20T00:00:00","guid":{"rendered":"https:\/\/baztan-bidasoa.com\/desarrollo\/21978-2\/"},"modified":"2017-07-20T00:00:00","modified_gmt":"2017-07-20T00:00:00","slug":"21978-2","status":"publish","type":"post","link":"https:\/\/baztan-bidasoa.com\/desarrollo\/21978-2\/","title":{"rendered":""},"content":{"rendered":"<h2><span style=\"color: #008000;\"><strong>La ruta del arte, otra manera de conocer nuestros pueblos<\/strong><\/span><\/h2>\n<h3><span style=\"color: #008000;\">No descubrimos nada nuevo si decimos que Baztan-Bidasoa es una comarca pict\u00f3rica&#8230;<\/span><\/h3>\n<p><span style=\"font-weight: 400;\">Los verdes prados que mutan a ocres y amarillos en verano, las hojas rojizas de los \u00e1rboles en oto\u00f1o o ese cielo que en Baztan-Bidasoa no es azul, sino morado y melanc\u00f3lico inspiran a los artistas.<\/span><\/p>\n<h5><strong><span style=\"color: #000000;\">Paisajistas del Bidasoa<\/span><\/strong><\/h5>\n<p><span style=\"font-weight: 400;\"> A finales del siglo XIX y principios del XX se cre\u00f3 el grupo \u00abPintores del Bidasoa\u00bb, integrado, entre otros, por el maestro Javier Ciga, Marcelino Ba\u00f1ales, Ignacio Echandi, Francisco Echenique, Ismael Fidalgo, Menchu Gal,&#8230; Tambi\u00e9n era integrante del mismo el erratzuarra Jos\u00e9 Mari Apezetxea. \u00c9ste fue alumno de Javier Ciga y compa\u00f1ero de Fidalgo, con quien mont\u00f3 un taller en Elizondo, al que acud\u00eda asimismo la pintora elizondarra Ana Mari Mar\u00edn. Los tres conformar\u00edan el n\u00facleo de \u00abBaztango Margolariak\u00bb o \u00abPintores de Baztan\u00bb.<\/span><\/p>\n<h5><strong>La ruta del arte<\/strong><\/h5>\n<p>Nuestros artistas aprovechan el verano para abrir sus casas, \u00a0estudios, galer\u00edas,&#8230;y mostrar sus trabajos. Organizada por el ayuntamiento de Baztan, este a\u00f1o de nuevo ya est\u00e1 en marcha la \u00abRuta del arte\u00bb, una iniciativa que nos lleva de exposici\u00f3n en exposici\u00f3n. Se trata de un recorrido que cada cual puede recorrerlo a su ritmo y manera, una oferta de muestras de pintura y escultura en la que el visitante podr\u00e1 gozar y conocer \u00abin situ\u00bb esos rincones que han inspirado a nuestros artistas.<\/p>\n<p>Es sin duda otra manera de conocer Baztan-Bidasoa.<\/p>\n<h5><strong class=\"alignnone\"><a href=\"https:\/\/baztan-bidasoa.com\/desarrollo\/wp-content\/uploads\/2020\/04\/57-Street.jpg\"><img decoding=\"async\" loading=\"lazy\" class=\"alignnone size-thumbnail wp-image-9155\" src=\"https:\/\/baztan-bidasoa.com\/desarrollo\/wp-content\/uploads\/2020\/04\/57-Street-150x150.jpg\" alt=\"\" width=\"150\" height=\"150\" \/><\/a><a href=\"https:\/\/baztan-bidasoa.com\/desarrollo\/wp-content\/uploads\/2020\/04\/351.jpg\"><img decoding=\"async\" loading=\"lazy\" class=\"alignnone size-thumbnail wp-image-9156\" src=\"https:\/\/baztan-bidasoa.com\/desarrollo\/wp-content\/uploads\/2020\/04\/351-150x150.jpg\" alt=\"\" width=\"150\" height=\"150\" \/><\/a><a href=\"https:\/\/baztan-bidasoa.com\/desarrollo\/wp-content\/uploads\/2020\/04\/recorte-ana-mari.jpg\"><img decoding=\"async\" loading=\"lazy\" class=\"alignnone size-thumbnail wp-image-9157\" src=\"https:\/\/baztan-bidasoa.com\/desarrollo\/wp-content\/uploads\/2020\/04\/recorte-ana-mari-150x150.jpg\" alt=\"\" width=\"150\" height=\"150\" \/><\/a><\/strong><\/h5>\n<h5><strong>Jos\u00e9 Mari Apezetxea <\/strong><\/h5>\n<h5><span style=\"font-weight: 400;\">Creador de los \u00abPintores del Bidasoa\u00bb, icono de nuestra pintura contempor\u00e1nea, Apezetxea es el pintor en activo m\u00e1s veterano de Euskal Herria.<\/span><\/h5>\n<p><a href=\"https:\/\/baztan-bidasoa.com\/desarrollo\/wp-content\/uploads\/2020\/04\/apezetxea_2.jpg\"><img decoding=\"async\" loading=\"lazy\" class=\"size-thumbnail wp-image-9158 alignleft\" src=\"https:\/\/baztan-bidasoa.com\/desarrollo\/wp-content\/uploads\/2020\/04\/apezetxea_2-150x150.jpg\" alt=\"\" width=\"150\" height=\"150\" \/><\/a>Na<span style=\"font-weight: 400;\">ci\u00f3 en Erratzu, en 1927, y hoy todav\u00eda sigue en activo. Pinta con el coraz\u00f3n. Su obra es figurativa al inicio, basada siempre en la realidad, pero con licencias de autor, \u00a0camino hacia la abstracci\u00f3n. <\/span><\/p>\n<p><span style=\"font-weight: 400;\">Ha pintado bodegones y algunos retratos, pero sin duda, Apezetxea es paisajista; paisajista de Baztan. <\/span><\/p>\n<p><span style=\"font-weight: 400;\">Apezetxea tiene una larga y dilatada trayectoria pict\u00f3rica y nombre propio entre los pintores vascos.\u00a0<\/span><\/p>\n<p>A partir del 28 de julio expondr\u00e1 su obraen su casa-estudio Zubietea, en Erratzu.<\/p>\n<p>Conoce el camino de la \u00abRuta del Arte\u00bb:\u00a0<a href=\"http:\/\/www.baztan.eus\/files\/2017\/07\/artearen_ibilbidea_2017.pdf\">http:\/\/www.baztan.eus\/files\/2017\/07\/artearen_ibilbidea_2017.pdf<\/a><\/p>\n<p>Jos\u00e9 M\u00aa Apezetxea: <a href=\"http:\/\/www.eitb.eus\/es\/cultura\/arte\/videos\/detalle\/3126176\/video-la-exposicion-artea-oinez-rinde-homenaje-apezetxea\/\">http:\/\/www.eitb.eus\/es\/cultura\/arte\/videos\/detalle\/3126176\/video-la-exposicion-artea-oinez-rinde-homenaje-apezetxea\/<\/a><\/p>\n","protected":false},"excerpt":{"rendered":"<p>La ruta del arte, otra manera de conocer nuestros pueblos No descubrimos nada nuevo si decimos que Baztan-Bidasoa es una comarca pict\u00f3rica&#8230; Los verdes prados que mutan a ocres y amarillos en verano, las hojas rojizas de los \u00e1rboles en oto\u00f1o o ese cielo que en Baztan-Bidasoa no es azul, sino morado y melanc\u00f3lico inspiran [&hellip;]<\/p>\n","protected":false},"author":3,"featured_media":20541,"comment_status":"open","ping_status":"open","sticky":false,"template":"","format":"standard","meta":[],"categories":[237,235],"tags":[],"acf":[],"yoast_head":"<!-- This site is optimized with the Yoast SEO plugin v19.10 - https:\/\/yoast.com\/wordpress\/plugins\/seo\/ -->\n<title>- Baztan Bidasoa Turismoa<\/title>\n<meta name=\"robots\" content=\"index, follow, max-snippet:-1, max-image-preview:large, max-video-preview:-1\" \/>\n<link rel=\"canonical\" href=\"https:\/\/baztan-bidasoa.com\/desarrollo\/21978-2\/\" \/>\n<meta property=\"og:locale\" content=\"es_ES\" \/>\n<meta property=\"og:type\" content=\"article\" \/>\n<meta property=\"og:title\" content=\"- Baztan Bidasoa Turismoa\" \/>\n<meta property=\"og:description\" content=\"La ruta del arte, otra manera de conocer nuestros pueblos No descubrimos nada nuevo si decimos que Baztan-Bidasoa es una comarca pict\u00f3rica&#8230; Los verdes prados que mutan a ocres y amarillos en verano, las hojas rojizas de los \u00e1rboles en oto\u00f1o o ese cielo que en Baztan-Bidasoa no es azul, sino morado y melanc\u00f3lico inspiran [&hellip;]\" \/>\n<meta property=\"og:url\" content=\"https:\/\/baztan-bidasoa.com\/desarrollo\/21978-2\/\" \/>\n<meta property=\"og:site_name\" content=\"Baztan Bidasoa Turismoa\" \/>\n<meta property=\"article:published_time\" content=\"2017-07-20T00:00:00+00:00\" \/>\n<meta property=\"og:image\" content=\"https:\/\/baztan-bidasoa.com\/desarrollo\/wp-content\/uploads\/2020\/04\/artearen_ibilbidea_2017.jpg\" \/>\n\t<meta property=\"og:image:width\" content=\"192\" \/>\n\t<meta property=\"og:image:height\" content=\"193\" \/>\n\t<meta property=\"og:image:type\" content=\"image\/jpeg\" \/>\n<meta name=\"author\" content=\"mktpamplona2\" \/>\n<meta name=\"twitter:card\" content=\"summary_large_image\" \/>\n<meta name=\"twitter:label1\" content=\"Escrito por\" \/>\n\t<meta name=\"twitter:data1\" content=\"mktpamplona2\" \/>\n\t<meta name=\"twitter:label2\" content=\"Tiempo de lectura\" \/>\n\t<meta name=\"twitter:data2\" content=\"2 minutos\" \/>\n<script type=\"application\/ld+json\" class=\"yoast-schema-graph\">{\"@context\":\"https:\/\/schema.org\",\"@graph\":[{\"@type\":\"WebPage\",\"@id\":\"https:\/\/baztan-bidasoa.com\/desarrollo\/21978-2\/\",\"url\":\"https:\/\/baztan-bidasoa.com\/desarrollo\/21978-2\/\",\"name\":\"- Baztan Bidasoa Turismoa\",\"isPartOf\":{\"@id\":\"https:\/\/baztan-bidasoa.com\/desarrollo\/#website\"},\"datePublished\":\"2017-07-20T00:00:00+00:00\",\"dateModified\":\"2017-07-20T00:00:00+00:00\",\"author\":{\"@id\":\"https:\/\/baztan-bidasoa.com\/desarrollo\/#\/schema\/person\/ec297d7c7c08a77e7ac6292c2b940e42\"},\"inLanguage\":\"es\",\"potentialAction\":[{\"@type\":\"ReadAction\",\"target\":[\"https:\/\/baztan-bidasoa.com\/desarrollo\/21978-2\/\"]}]},{\"@type\":\"WebSite\",\"@id\":\"https:\/\/baztan-bidasoa.com\/desarrollo\/#website\",\"url\":\"https:\/\/baztan-bidasoa.com\/desarrollo\/\",\"name\":\"Baztan Bidasoa Turismoa\",\"description\":\"Asociaci\u00f3n Tur\u00edstica Baztan-Bidasoa Turismo Elkartea\",\"potentialAction\":[{\"@type\":\"SearchAction\",\"target\":{\"@type\":\"EntryPoint\",\"urlTemplate\":\"https:\/\/baztan-bidasoa.com\/desarrollo\/?s={search_term_string}\"},\"query-input\":\"required name=search_term_string\"}],\"inLanguage\":\"es\"},{\"@type\":\"Person\",\"@id\":\"https:\/\/baztan-bidasoa.com\/desarrollo\/#\/schema\/person\/ec297d7c7c08a77e7ac6292c2b940e42\",\"name\":\"mktpamplona2\",\"image\":{\"@type\":\"ImageObject\",\"inLanguage\":\"es\",\"@id\":\"https:\/\/baztan-bidasoa.com\/desarrollo\/#\/schema\/person\/image\/\",\"url\":\"https:\/\/secure.gravatar.com\/avatar\/132223b7affa4daaa3f3ea2b5597a64f?s=96&d=mm&r=g\",\"contentUrl\":\"https:\/\/secure.gravatar.com\/avatar\/132223b7affa4daaa3f3ea2b5597a64f?s=96&d=mm&r=g\",\"caption\":\"mktpamplona2\"}}]}<\/script>\n<!-- \/ Yoast SEO plugin. -->","yoast_head_json":{"title":"- Baztan Bidasoa Turismoa","robots":{"index":"index","follow":"follow","max-snippet":"max-snippet:-1","max-image-preview":"max-image-preview:large","max-video-preview":"max-video-preview:-1"},"canonical":"https:\/\/baztan-bidasoa.com\/desarrollo\/21978-2\/","og_locale":"es_ES","og_type":"article","og_title":"- Baztan Bidasoa Turismoa","og_description":"La ruta del arte, otra manera de conocer nuestros pueblos No descubrimos nada nuevo si decimos que Baztan-Bidasoa es una comarca pict\u00f3rica&#8230; Los verdes prados que mutan a ocres y amarillos en verano, las hojas rojizas de los \u00e1rboles en oto\u00f1o o ese cielo que en Baztan-Bidasoa no es azul, sino morado y melanc\u00f3lico inspiran [&hellip;]","og_url":"https:\/\/baztan-bidasoa.com\/desarrollo\/21978-2\/","og_site_name":"Baztan Bidasoa Turismoa","article_published_time":"2017-07-20T00:00:00+00:00","og_image":[{"width":192,"height":193,"url":"https:\/\/baztan-bidasoa.com\/desarrollo\/wp-content\/uploads\/2020\/04\/artearen_ibilbidea_2017.jpg","type":"image\/jpeg"}],"author":"mktpamplona2","twitter_card":"summary_large_image","twitter_misc":{"Escrito por":"mktpamplona2","Tiempo de lectura":"2 minutos"},"schema":{"@context":"https:\/\/schema.org","@graph":[{"@type":"WebPage","@id":"https:\/\/baztan-bidasoa.com\/desarrollo\/21978-2\/","url":"https:\/\/baztan-bidasoa.com\/desarrollo\/21978-2\/","name":"- Baztan Bidasoa Turismoa","isPartOf":{"@id":"https:\/\/baztan-bidasoa.com\/desarrollo\/#website"},"datePublished":"2017-07-20T00:00:00+00:00","dateModified":"2017-07-20T00:00:00+00:00","author":{"@id":"https:\/\/baztan-bidasoa.com\/desarrollo\/#\/schema\/person\/ec297d7c7c08a77e7ac6292c2b940e42"},"inLanguage":"es","potentialAction":[{"@type":"ReadAction","target":["https:\/\/baztan-bidasoa.com\/desarrollo\/21978-2\/"]}]},{"@type":"WebSite","@id":"https:\/\/baztan-bidasoa.com\/desarrollo\/#website","url":"https:\/\/baztan-bidasoa.com\/desarrollo\/","name":"Baztan Bidasoa Turismoa","description":"Asociaci\u00f3n Tur\u00edstica Baztan-Bidasoa Turismo Elkartea","potentialAction":[{"@type":"SearchAction","target":{"@type":"EntryPoint","urlTemplate":"https:\/\/baztan-bidasoa.com\/desarrollo\/?s={search_term_string}"},"query-input":"required name=search_term_string"}],"inLanguage":"es"},{"@type":"Person","@id":"https:\/\/baztan-bidasoa.com\/desarrollo\/#\/schema\/person\/ec297d7c7c08a77e7ac6292c2b940e42","name":"mktpamplona2","image":{"@type":"ImageObject","inLanguage":"es","@id":"https:\/\/baztan-bidasoa.com\/desarrollo\/#\/schema\/person\/image\/","url":"https:\/\/secure.gravatar.com\/avatar\/132223b7affa4daaa3f3ea2b5597a64f?s=96&d=mm&r=g","contentUrl":"https:\/\/secure.gravatar.com\/avatar\/132223b7affa4daaa3f3ea2b5597a64f?s=96&d=mm&r=g","caption":"mktpamplona2"}}]}},"_links":{"self":[{"href":"https:\/\/baztan-bidasoa.com\/desarrollo\/wp-json\/wp\/v2\/posts\/21978"}],"collection":[{"href":"https:\/\/baztan-bidasoa.com\/desarrollo\/wp-json\/wp\/v2\/posts"}],"about":[{"href":"https:\/\/baztan-bidasoa.com\/desarrollo\/wp-json\/wp\/v2\/types\/post"}],"author":[{"embeddable":true,"href":"https:\/\/baztan-bidasoa.com\/desarrollo\/wp-json\/wp\/v2\/users\/3"}],"replies":[{"embeddable":true,"href":"https:\/\/baztan-bidasoa.com\/desarrollo\/wp-json\/wp\/v2\/comments?post=21978"}],"version-history":[{"count":0,"href":"https:\/\/baztan-bidasoa.com\/desarrollo\/wp-json\/wp\/v2\/posts\/21978\/revisions"}],"wp:featuredmedia":[{"embeddable":true,"href":"https:\/\/baztan-bidasoa.com\/desarrollo\/wp-json\/wp\/v2\/media\/20541"}],"wp:attachment":[{"href":"https:\/\/baztan-bidasoa.com\/desarrollo\/wp-json\/wp\/v2\/media?parent=21978"}],"wp:term":[{"taxonomy":"category","embeddable":true,"href":"https:\/\/baztan-bidasoa.com\/desarrollo\/wp-json\/wp\/v2\/categories?post=21978"},{"taxonomy":"post_tag","embeddable":true,"href":"https:\/\/baztan-bidasoa.com\/desarrollo\/wp-json\/wp\/v2\/tags?post=21978"}],"curies":[{"name":"wp","href":"https:\/\/api.w.org\/{rel}","templated":true}]}}