{"id":21970,"date":"2017-07-07T00:00:00","date_gmt":"2017-07-07T00:00:00","guid":{"rendered":"https:\/\/baztan-bidasoa.com\/desarrollo\/campamento-itinerante-por-los-caminos-del-contrabando\/"},"modified":"2017-07-07T00:00:00","modified_gmt":"2017-07-07T00:00:00","slug":"campamento-itinerante-por-los-caminos-del-contrabando","status":"publish","type":"post","link":"https:\/\/baztan-bidasoa.com\/desarrollo\/campamento-itinerante-por-los-caminos-del-contrabando\/","title":{"rendered":"CAMPAMENTO ITINERANTE, por los caminos del contrabando"},"content":{"rendered":"<h3 style=\"text-align: center;\"><span style=\"color: #008000;\"><strong>CAMINO DE CONTRABANDISTAS, CAMPAMENTO ITINERANTE<\/strong><\/span><\/h3>\n<h3 style=\"text-align: center;\"><span style=\"color: #008000;\"><strong>LA NOVEDAD DE ESTE A\u00d1O<\/strong><\/span><\/h3>\n<h5>Exitosa ha sido la iniciativa puesta en marcha este a\u00f1o por primera vez por los Albergues de Beintza-Labaien y Arantza, con la colaboraci\u00f3n de Baztan-Bidasoa Turismoa. Campamento de verano itinerante, por etapas, por los caminos que recorr\u00edan anta\u00f1o los contrabandistas.<\/h5>\n<p><img decoding=\"async\" loading=\"lazy\" class=\"alignleft wp-image-9064 size-medium\" src=\"https:\/\/baztan-bidasoa.com\/desarrollo\/wp-content\/uploads\/2019\/12\/81b06cc2-fb66-4145-8a69-acbf6a9d9c78.jpg\" alt=\"\" width=\"300\" height=\"169\" \/><\/p>\n<p>Una cuadrilla de chavales de entre 14 y 17 a\u00f1os ha participado en esta 1\u00aa edici\u00f3n. \u00a0Ha sido una experiencia diferente en la que han compartido esfuerzo, momentos de debilidad y de fortaleza. Juntos en las cuestas hacia arriba y en las cuestas hacia abajo. Juntos d\u00eda y noche. Hablando en euskara, tejiendo amistades y conociendo la historia de los contrabandistas, nuestra historia.<\/p>\n<p>Camino de Contrabandistas, Campamento Itinerante&#8230;fusi\u00f3n entre Euskara, ocio, deporte, Historia y Cultura.<\/p>\n<p>&nbsp;<\/p>\n<p>&nbsp;<\/p>\n<p>&nbsp;<\/p>\n<h6><\/h6>\n<p>&nbsp;<\/p>\n<h6><\/h6>\n<p>&nbsp;<\/p>\n","protected":false},"excerpt":{"rendered":"<p>CAMINO DE CONTRABANDISTAS, CAMPAMENTO ITINERANTE LA NOVEDAD DE ESTE A\u00d1O Exitosa ha sido la iniciativa puesta en marcha este a\u00f1o por primera vez por los Albergues de Beintza-Labaien y Arantza, con la colaboraci\u00f3n de Baztan-Bidasoa Turismoa. Campamento de verano itinerante, por etapas, por los caminos que recorr\u00edan anta\u00f1o los contrabandistas. Una cuadrilla de chavales de [&hellip;]<\/p>\n","protected":false},"author":3,"featured_media":6668,"comment_status":"open","ping_status":"open","sticky":false,"template":"","format":"standard","meta":[],"categories":[237,239,235],"tags":[],"acf":[],"yoast_head":"<!-- This site is optimized with the Yoast SEO plugin v19.10 - https:\/\/yoast.com\/wordpress\/plugins\/seo\/ -->\n<title>CAMPAMENTO ITINERANTE, por los caminos del contrabando - Baztan Bidasoa Turismoa<\/title>\n<meta name=\"robots\" content=\"index, follow, max-snippet:-1, max-image-preview:large, max-video-preview:-1\" \/>\n<link rel=\"canonical\" href=\"https:\/\/baztan-bidasoa.com\/desarrollo\/campamento-itinerante-por-los-caminos-del-contrabando\/\" \/>\n<meta property=\"og:locale\" content=\"es_ES\" \/>\n<meta property=\"og:type\" content=\"article\" \/>\n<meta property=\"og:title\" content=\"CAMPAMENTO ITINERANTE, por los caminos del contrabando - Baztan Bidasoa Turismoa\" \/>\n<meta property=\"og:description\" content=\"CAMINO DE CONTRABANDISTAS, CAMPAMENTO ITINERANTE LA NOVEDAD DE ESTE A\u00d1O Exitosa ha sido la iniciativa puesta en marcha este a\u00f1o por primera vez por los Albergues de Beintza-Labaien y Arantza, con la colaboraci\u00f3n de Baztan-Bidasoa Turismoa. Campamento de verano itinerante, por etapas, por los caminos que recorr\u00edan anta\u00f1o los contrabandistas. Una cuadrilla de chavales de [&hellip;]\" \/>\n<meta property=\"og:url\" content=\"https:\/\/baztan-bidasoa.com\/desarrollo\/campamento-itinerante-por-los-caminos-del-contrabando\/\" \/>\n<meta property=\"og:site_name\" content=\"Baztan Bidasoa Turismoa\" \/>\n<meta property=\"article:published_time\" content=\"2017-07-07T00:00:00+00:00\" \/>\n<meta property=\"og:image\" content=\"https:\/\/baztan-bidasoa.com\/desarrollo\/wp-content\/uploads\/2019\/12\/ibilialdia.jpg\" \/>\n\t<meta property=\"og:image:width\" content=\"600\" \/>\n\t<meta property=\"og:image:height\" content=\"450\" \/>\n\t<meta property=\"og:image:type\" content=\"image\/jpeg\" \/>\n<meta name=\"author\" content=\"mktpamplona2\" \/>\n<meta name=\"twitter:card\" content=\"summary_large_image\" \/>\n<meta name=\"twitter:label1\" content=\"Escrito por\" \/>\n\t<meta name=\"twitter:data1\" content=\"mktpamplona2\" \/>\n\t<meta name=\"twitter:label2\" content=\"Tiempo de lectura\" \/>\n\t<meta name=\"twitter:data2\" content=\"1 minuto\" \/>\n<script type=\"application\/ld+json\" class=\"yoast-schema-graph\">{\"@context\":\"https:\/\/schema.org\",\"@graph\":[{\"@type\":\"WebPage\",\"@id\":\"https:\/\/baztan-bidasoa.com\/desarrollo\/campamento-itinerante-por-los-caminos-del-contrabando\/\",\"url\":\"https:\/\/baztan-bidasoa.com\/desarrollo\/campamento-itinerante-por-los-caminos-del-contrabando\/\",\"name\":\"CAMPAMENTO ITINERANTE, por los caminos del contrabando - Baztan Bidasoa Turismoa\",\"isPartOf\":{\"@id\":\"https:\/\/baztan-bidasoa.com\/desarrollo\/#website\"},\"datePublished\":\"2017-07-07T00:00:00+00:00\",\"dateModified\":\"2017-07-07T00:00:00+00:00\",\"author\":{\"@id\":\"https:\/\/baztan-bidasoa.com\/desarrollo\/#\/schema\/person\/ec297d7c7c08a77e7ac6292c2b940e42\"},\"breadcrumb\":{\"@id\":\"https:\/\/baztan-bidasoa.com\/desarrollo\/campamento-itinerante-por-los-caminos-del-contrabando\/#breadcrumb\"},\"inLanguage\":\"es\",\"potentialAction\":[{\"@type\":\"ReadAction\",\"target\":[\"https:\/\/baztan-bidasoa.com\/desarrollo\/campamento-itinerante-por-los-caminos-del-contrabando\/\"]}]},{\"@type\":\"BreadcrumbList\",\"@id\":\"https:\/\/baztan-bidasoa.com\/desarrollo\/campamento-itinerante-por-los-caminos-del-contrabando\/#breadcrumb\",\"itemListElement\":[{\"@type\":\"ListItem\",\"position\":1,\"name\":\"Portada\",\"item\":\"https:\/\/baztan-bidasoa.com\/desarrollo\/\"},{\"@type\":\"ListItem\",\"position\":2,\"name\":\"CAMPAMENTO ITINERANTE, por los caminos del contrabando\"}]},{\"@type\":\"WebSite\",\"@id\":\"https:\/\/baztan-bidasoa.com\/desarrollo\/#website\",\"url\":\"https:\/\/baztan-bidasoa.com\/desarrollo\/\",\"name\":\"Baztan Bidasoa Turismoa\",\"description\":\"Asociaci\u00f3n Tur\u00edstica Baztan-Bidasoa Turismo Elkartea\",\"potentialAction\":[{\"@type\":\"SearchAction\",\"target\":{\"@type\":\"EntryPoint\",\"urlTemplate\":\"https:\/\/baztan-bidasoa.com\/desarrollo\/?s={search_term_string}\"},\"query-input\":\"required name=search_term_string\"}],\"inLanguage\":\"es\"},{\"@type\":\"Person\",\"@id\":\"https:\/\/baztan-bidasoa.com\/desarrollo\/#\/schema\/person\/ec297d7c7c08a77e7ac6292c2b940e42\",\"name\":\"mktpamplona2\",\"image\":{\"@type\":\"ImageObject\",\"inLanguage\":\"es\",\"@id\":\"https:\/\/baztan-bidasoa.com\/desarrollo\/#\/schema\/person\/image\/\",\"url\":\"https:\/\/secure.gravatar.com\/avatar\/132223b7affa4daaa3f3ea2b5597a64f?s=96&d=mm&r=g\",\"contentUrl\":\"https:\/\/secure.gravatar.com\/avatar\/132223b7affa4daaa3f3ea2b5597a64f?s=96&d=mm&r=g\",\"caption\":\"mktpamplona2\"}}]}<\/script>\n<!-- \/ Yoast SEO plugin. -->","yoast_head_json":{"title":"CAMPAMENTO ITINERANTE, por los caminos del contrabando - Baztan Bidasoa Turismoa","robots":{"index":"index","follow":"follow","max-snippet":"max-snippet:-1","max-image-preview":"max-image-preview:large","max-video-preview":"max-video-preview:-1"},"canonical":"https:\/\/baztan-bidasoa.com\/desarrollo\/campamento-itinerante-por-los-caminos-del-contrabando\/","og_locale":"es_ES","og_type":"article","og_title":"CAMPAMENTO ITINERANTE, por los caminos del contrabando - Baztan Bidasoa Turismoa","og_description":"CAMINO DE CONTRABANDISTAS, CAMPAMENTO ITINERANTE LA NOVEDAD DE ESTE A\u00d1O Exitosa ha sido la iniciativa puesta en marcha este a\u00f1o por primera vez por los Albergues de Beintza-Labaien y Arantza, con la colaboraci\u00f3n de Baztan-Bidasoa Turismoa. Campamento de verano itinerante, por etapas, por los caminos que recorr\u00edan anta\u00f1o los contrabandistas. Una cuadrilla de chavales de [&hellip;]","og_url":"https:\/\/baztan-bidasoa.com\/desarrollo\/campamento-itinerante-por-los-caminos-del-contrabando\/","og_site_name":"Baztan Bidasoa Turismoa","article_published_time":"2017-07-07T00:00:00+00:00","og_image":[{"width":600,"height":450,"url":"https:\/\/baztan-bidasoa.com\/desarrollo\/wp-content\/uploads\/2019\/12\/ibilialdia.jpg","type":"image\/jpeg"}],"author":"mktpamplona2","twitter_card":"summary_large_image","twitter_misc":{"Escrito por":"mktpamplona2","Tiempo de lectura":"1 minuto"},"schema":{"@context":"https:\/\/schema.org","@graph":[{"@type":"WebPage","@id":"https:\/\/baztan-bidasoa.com\/desarrollo\/campamento-itinerante-por-los-caminos-del-contrabando\/","url":"https:\/\/baztan-bidasoa.com\/desarrollo\/campamento-itinerante-por-los-caminos-del-contrabando\/","name":"CAMPAMENTO ITINERANTE, por los caminos del contrabando - Baztan Bidasoa Turismoa","isPartOf":{"@id":"https:\/\/baztan-bidasoa.com\/desarrollo\/#website"},"datePublished":"2017-07-07T00:00:00+00:00","dateModified":"2017-07-07T00:00:00+00:00","author":{"@id":"https:\/\/baztan-bidasoa.com\/desarrollo\/#\/schema\/person\/ec297d7c7c08a77e7ac6292c2b940e42"},"breadcrumb":{"@id":"https:\/\/baztan-bidasoa.com\/desarrollo\/campamento-itinerante-por-los-caminos-del-contrabando\/#breadcrumb"},"inLanguage":"es","potentialAction":[{"@type":"ReadAction","target":["https:\/\/baztan-bidasoa.com\/desarrollo\/campamento-itinerante-por-los-caminos-del-contrabando\/"]}]},{"@type":"BreadcrumbList","@id":"https:\/\/baztan-bidasoa.com\/desarrollo\/campamento-itinerante-por-los-caminos-del-contrabando\/#breadcrumb","itemListElement":[{"@type":"ListItem","position":1,"name":"Portada","item":"https:\/\/baztan-bidasoa.com\/desarrollo\/"},{"@type":"ListItem","position":2,"name":"CAMPAMENTO ITINERANTE, por los caminos del contrabando"}]},{"@type":"WebSite","@id":"https:\/\/baztan-bidasoa.com\/desarrollo\/#website","url":"https:\/\/baztan-bidasoa.com\/desarrollo\/","name":"Baztan Bidasoa Turismoa","description":"Asociaci\u00f3n Tur\u00edstica Baztan-Bidasoa Turismo Elkartea","potentialAction":[{"@type":"SearchAction","target":{"@type":"EntryPoint","urlTemplate":"https:\/\/baztan-bidasoa.com\/desarrollo\/?s={search_term_string}"},"query-input":"required name=search_term_string"}],"inLanguage":"es"},{"@type":"Person","@id":"https:\/\/baztan-bidasoa.com\/desarrollo\/#\/schema\/person\/ec297d7c7c08a77e7ac6292c2b940e42","name":"mktpamplona2","image":{"@type":"ImageObject","inLanguage":"es","@id":"https:\/\/baztan-bidasoa.com\/desarrollo\/#\/schema\/person\/image\/","url":"https:\/\/secure.gravatar.com\/avatar\/132223b7affa4daaa3f3ea2b5597a64f?s=96&d=mm&r=g","contentUrl":"https:\/\/secure.gravatar.com\/avatar\/132223b7affa4daaa3f3ea2b5597a64f?s=96&d=mm&r=g","caption":"mktpamplona2"}}]}},"_links":{"self":[{"href":"https:\/\/baztan-bidasoa.com\/desarrollo\/wp-json\/wp\/v2\/posts\/21970"}],"collection":[{"href":"https:\/\/baztan-bidasoa.com\/desarrollo\/wp-json\/wp\/v2\/posts"}],"about":[{"href":"https:\/\/baztan-bidasoa.com\/desarrollo\/wp-json\/wp\/v2\/types\/post"}],"author":[{"embeddable":true,"href":"https:\/\/baztan-bidasoa.com\/desarrollo\/wp-json\/wp\/v2\/users\/3"}],"replies":[{"embeddable":true,"href":"https:\/\/baztan-bidasoa.com\/desarrollo\/wp-json\/wp\/v2\/comments?post=21970"}],"version-history":[{"count":0,"href":"https:\/\/baztan-bidasoa.com\/desarrollo\/wp-json\/wp\/v2\/posts\/21970\/revisions"}],"wp:featuredmedia":[{"embeddable":true,"href":"https:\/\/baztan-bidasoa.com\/desarrollo\/wp-json\/wp\/v2\/media\/6668"}],"wp:attachment":[{"href":"https:\/\/baztan-bidasoa.com\/desarrollo\/wp-json\/wp\/v2\/media?parent=21970"}],"wp:term":[{"taxonomy":"category","embeddable":true,"href":"https:\/\/baztan-bidasoa.com\/desarrollo\/wp-json\/wp\/v2\/categories?post=21970"},{"taxonomy":"post_tag","embeddable":true,"href":"https:\/\/baztan-bidasoa.com\/desarrollo\/wp-json\/wp\/v2\/tags?post=21970"}],"curies":[{"name":"wp","href":"https:\/\/api.w.org\/{rel}","templated":true}]}}