{"id":21966,"date":"2017-07-05T00:00:00","date_gmt":"2017-07-05T00:00:00","guid":{"rendered":"https:\/\/baztan-bidasoa.com\/desarrollo\/zubi-gainekoa-acuerdo-de-paz\/"},"modified":"2017-07-05T00:00:00","modified_gmt":"2017-07-05T00:00:00","slug":"zubi-gainekoa-acuerdo-de-paz","status":"publish","type":"post","link":"https:\/\/baztan-bidasoa.com\/desarrollo\/zubi-gainekoa-acuerdo-de-paz\/","title":{"rendered":"ZUBI GAINEKOA, Acuerdo de paz"},"content":{"rendered":"<h3><span style=\"color: #008000;\">El 7 de julio, Lesaka volver\u00e1 a rubricar el acuerdo del paz <\/span><\/h3>\n<h4>Con el \u00abZubigainekoa\u00bb sobre los dos lados del r\u00edo On\u00edn, los ezpatadantzaris representar\u00e1n la unidad de los barrios lesakarras<\/h4>\n<p>Los Sanfermines no s\u00f3lo se celebran en Pamplona. Baztan-Bidasoa tambi\u00e9n cuenta con localidades que honran a quien junto a San Francisco javier, es copatr\u00f3n de Navarra. Entre ellas est\u00e1n Azpilkueta, cuna de la madre de San Francisco Javier, y Lesaka.<\/p>\n<p>(Consultar <a href=\"https:\/\/baztan-bidasoa.com\/desarrollo\/wp-content\/uploads\/2017\/07\/AGENDA.pdf\">AGENDA<\/a>\u00a0para ver el programa festivos)<\/p>\n<p><a href=\"https:\/\/baztan-bidasoa.com\/desarrollo\/wp-content\/uploads\/2019\/12\/lesaka.jpg\"><img decoding=\"async\" loading=\"lazy\" class=\"alignnone wp-image-4722 size-medium\" src=\"https:\/\/baztan-bidasoa.com\/desarrollo\/wp-content\/uploads\/2019\/12\/lesaka.jpg\" alt=\"\" width=\"300\" height=\"225\" \/><\/a><\/p>\n<p>Sin duda uno de los actos m\u00e1s esperados por los lesakarras el d\u00eda de San Ferm\u00edn es el del Zubigainekoa. Tras la misa, los \u00abezpatadantzaris\u00bb, con la banda y la corporaci\u00f3n, bajan hasta Eskol-Ttiki y all\u00ed, sobre los pretiles del r\u00edo Onin bailan el Zubigainekoa. Una danza que rememora la paz firmada entre los barrios de Legarrea y Pikuzelaia en el S XV.<\/p>\n<p>&nbsp;<\/p>\n<p><a href=\"http:\/\/www.lesaka.eus\/es\/lugar-y-gentes\/patrimonio-historico-artistico\/fiestas\/san-fermines\">http:\/\/ww.lesaka.eus\/eu\/lugar-y-gentes\/patrimonio-historico-artistico\/fiestas\/san-fermines<\/a><\/p>\n","protected":false},"excerpt":{"rendered":"<p>El 7 de julio, Lesaka volver\u00e1 a rubricar el acuerdo del paz Con el \u00abZubigainekoa\u00bb sobre los dos lados del r\u00edo On\u00edn, los ezpatadantzaris representar\u00e1n la unidad de los barrios lesakarras Los Sanfermines no s\u00f3lo se celebran en Pamplona. Baztan-Bidasoa tambi\u00e9n cuenta con localidades que honran a quien junto a San Francisco javier, es copatr\u00f3n [&hellip;]<\/p>\n","protected":false},"author":3,"featured_media":20514,"comment_status":"open","ping_status":"open","sticky":false,"template":"","format":"standard","meta":[],"categories":[237,239,235],"tags":[],"acf":[],"yoast_head":"<!-- This site is optimized with the Yoast SEO plugin v19.10 - https:\/\/yoast.com\/wordpress\/plugins\/seo\/ -->\n<title>ZUBI GAINEKOA, Acuerdo de paz - Baztan Bidasoa Turismoa<\/title>\n<meta name=\"robots\" content=\"index, follow, max-snippet:-1, max-image-preview:large, max-video-preview:-1\" \/>\n<link rel=\"canonical\" href=\"https:\/\/baztan-bidasoa.com\/desarrollo\/zubi-gainekoa-acuerdo-de-paz\/\" \/>\n<meta property=\"og:locale\" content=\"es_ES\" \/>\n<meta property=\"og:type\" content=\"article\" \/>\n<meta property=\"og:title\" content=\"ZUBI GAINEKOA, Acuerdo de paz - Baztan Bidasoa Turismoa\" \/>\n<meta property=\"og:description\" content=\"El 7 de julio, Lesaka volver\u00e1 a rubricar el acuerdo del paz Con el \u00abZubigainekoa\u00bb sobre los dos lados del r\u00edo On\u00edn, los ezpatadantzaris representar\u00e1n la unidad de los barrios lesakarras Los Sanfermines no s\u00f3lo se celebran en Pamplona. Baztan-Bidasoa tambi\u00e9n cuenta con localidades que honran a quien junto a San Francisco javier, es copatr\u00f3n [&hellip;]\" \/>\n<meta property=\"og:url\" content=\"https:\/\/baztan-bidasoa.com\/desarrollo\/zubi-gainekoa-acuerdo-de-paz\/\" \/>\n<meta property=\"og:site_name\" content=\"Baztan Bidasoa Turismoa\" \/>\n<meta property=\"article:published_time\" content=\"2017-07-05T00:00:00+00:00\" \/>\n<meta property=\"og:image\" content=\"https:\/\/baztan-bidasoa.com\/desarrollo\/wp-content\/uploads\/2020\/04\/Lesaka2-scaled.jpg\" \/>\n\t<meta property=\"og:image:width\" content=\"2560\" \/>\n\t<meta property=\"og:image:height\" content=\"1707\" \/>\n\t<meta property=\"og:image:type\" content=\"image\/jpeg\" \/>\n<meta name=\"author\" content=\"mktpamplona2\" \/>\n<meta name=\"twitter:card\" content=\"summary_large_image\" \/>\n<meta name=\"twitter:label1\" content=\"Escrito por\" \/>\n\t<meta name=\"twitter:data1\" content=\"mktpamplona2\" \/>\n\t<meta name=\"twitter:label2\" content=\"Tiempo de lectura\" \/>\n\t<meta name=\"twitter:data2\" content=\"1 minuto\" \/>\n<script type=\"application\/ld+json\" class=\"yoast-schema-graph\">{\"@context\":\"https:\/\/schema.org\",\"@graph\":[{\"@type\":\"WebPage\",\"@id\":\"https:\/\/baztan-bidasoa.com\/desarrollo\/zubi-gainekoa-acuerdo-de-paz\/\",\"url\":\"https:\/\/baztan-bidasoa.com\/desarrollo\/zubi-gainekoa-acuerdo-de-paz\/\",\"name\":\"ZUBI GAINEKOA, Acuerdo de paz - Baztan Bidasoa Turismoa\",\"isPartOf\":{\"@id\":\"https:\/\/baztan-bidasoa.com\/desarrollo\/#website\"},\"datePublished\":\"2017-07-05T00:00:00+00:00\",\"dateModified\":\"2017-07-05T00:00:00+00:00\",\"author\":{\"@id\":\"https:\/\/baztan-bidasoa.com\/desarrollo\/#\/schema\/person\/ec297d7c7c08a77e7ac6292c2b940e42\"},\"breadcrumb\":{\"@id\":\"https:\/\/baztan-bidasoa.com\/desarrollo\/zubi-gainekoa-acuerdo-de-paz\/#breadcrumb\"},\"inLanguage\":\"es\",\"potentialAction\":[{\"@type\":\"ReadAction\",\"target\":[\"https:\/\/baztan-bidasoa.com\/desarrollo\/zubi-gainekoa-acuerdo-de-paz\/\"]}]},{\"@type\":\"BreadcrumbList\",\"@id\":\"https:\/\/baztan-bidasoa.com\/desarrollo\/zubi-gainekoa-acuerdo-de-paz\/#breadcrumb\",\"itemListElement\":[{\"@type\":\"ListItem\",\"position\":1,\"name\":\"Portada\",\"item\":\"https:\/\/baztan-bidasoa.com\/desarrollo\/\"},{\"@type\":\"ListItem\",\"position\":2,\"name\":\"ZUBI GAINEKOA, Acuerdo de paz\"}]},{\"@type\":\"WebSite\",\"@id\":\"https:\/\/baztan-bidasoa.com\/desarrollo\/#website\",\"url\":\"https:\/\/baztan-bidasoa.com\/desarrollo\/\",\"name\":\"Baztan Bidasoa Turismoa\",\"description\":\"Asociaci\u00f3n Tur\u00edstica Baztan-Bidasoa Turismo Elkartea\",\"potentialAction\":[{\"@type\":\"SearchAction\",\"target\":{\"@type\":\"EntryPoint\",\"urlTemplate\":\"https:\/\/baztan-bidasoa.com\/desarrollo\/?s={search_term_string}\"},\"query-input\":\"required name=search_term_string\"}],\"inLanguage\":\"es\"},{\"@type\":\"Person\",\"@id\":\"https:\/\/baztan-bidasoa.com\/desarrollo\/#\/schema\/person\/ec297d7c7c08a77e7ac6292c2b940e42\",\"name\":\"mktpamplona2\",\"image\":{\"@type\":\"ImageObject\",\"inLanguage\":\"es\",\"@id\":\"https:\/\/baztan-bidasoa.com\/desarrollo\/#\/schema\/person\/image\/\",\"url\":\"https:\/\/secure.gravatar.com\/avatar\/132223b7affa4daaa3f3ea2b5597a64f?s=96&d=mm&r=g\",\"contentUrl\":\"https:\/\/secure.gravatar.com\/avatar\/132223b7affa4daaa3f3ea2b5597a64f?s=96&d=mm&r=g\",\"caption\":\"mktpamplona2\"}}]}<\/script>\n<!-- \/ Yoast SEO plugin. -->","yoast_head_json":{"title":"ZUBI GAINEKOA, Acuerdo de paz - Baztan Bidasoa Turismoa","robots":{"index":"index","follow":"follow","max-snippet":"max-snippet:-1","max-image-preview":"max-image-preview:large","max-video-preview":"max-video-preview:-1"},"canonical":"https:\/\/baztan-bidasoa.com\/desarrollo\/zubi-gainekoa-acuerdo-de-paz\/","og_locale":"es_ES","og_type":"article","og_title":"ZUBI GAINEKOA, Acuerdo de paz - Baztan Bidasoa Turismoa","og_description":"El 7 de julio, Lesaka volver\u00e1 a rubricar el acuerdo del paz Con el \u00abZubigainekoa\u00bb sobre los dos lados del r\u00edo On\u00edn, los ezpatadantzaris representar\u00e1n la unidad de los barrios lesakarras Los Sanfermines no s\u00f3lo se celebran en Pamplona. Baztan-Bidasoa tambi\u00e9n cuenta con localidades que honran a quien junto a San Francisco javier, es copatr\u00f3n [&hellip;]","og_url":"https:\/\/baztan-bidasoa.com\/desarrollo\/zubi-gainekoa-acuerdo-de-paz\/","og_site_name":"Baztan Bidasoa Turismoa","article_published_time":"2017-07-05T00:00:00+00:00","og_image":[{"width":2560,"height":1707,"url":"https:\/\/baztan-bidasoa.com\/desarrollo\/wp-content\/uploads\/2020\/04\/Lesaka2-scaled.jpg","type":"image\/jpeg"}],"author":"mktpamplona2","twitter_card":"summary_large_image","twitter_misc":{"Escrito por":"mktpamplona2","Tiempo de lectura":"1 minuto"},"schema":{"@context":"https:\/\/schema.org","@graph":[{"@type":"WebPage","@id":"https:\/\/baztan-bidasoa.com\/desarrollo\/zubi-gainekoa-acuerdo-de-paz\/","url":"https:\/\/baztan-bidasoa.com\/desarrollo\/zubi-gainekoa-acuerdo-de-paz\/","name":"ZUBI GAINEKOA, Acuerdo de paz - Baztan Bidasoa Turismoa","isPartOf":{"@id":"https:\/\/baztan-bidasoa.com\/desarrollo\/#website"},"datePublished":"2017-07-05T00:00:00+00:00","dateModified":"2017-07-05T00:00:00+00:00","author":{"@id":"https:\/\/baztan-bidasoa.com\/desarrollo\/#\/schema\/person\/ec297d7c7c08a77e7ac6292c2b940e42"},"breadcrumb":{"@id":"https:\/\/baztan-bidasoa.com\/desarrollo\/zubi-gainekoa-acuerdo-de-paz\/#breadcrumb"},"inLanguage":"es","potentialAction":[{"@type":"ReadAction","target":["https:\/\/baztan-bidasoa.com\/desarrollo\/zubi-gainekoa-acuerdo-de-paz\/"]}]},{"@type":"BreadcrumbList","@id":"https:\/\/baztan-bidasoa.com\/desarrollo\/zubi-gainekoa-acuerdo-de-paz\/#breadcrumb","itemListElement":[{"@type":"ListItem","position":1,"name":"Portada","item":"https:\/\/baztan-bidasoa.com\/desarrollo\/"},{"@type":"ListItem","position":2,"name":"ZUBI GAINEKOA, Acuerdo de paz"}]},{"@type":"WebSite","@id":"https:\/\/baztan-bidasoa.com\/desarrollo\/#website","url":"https:\/\/baztan-bidasoa.com\/desarrollo\/","name":"Baztan Bidasoa Turismoa","description":"Asociaci\u00f3n Tur\u00edstica Baztan-Bidasoa Turismo Elkartea","potentialAction":[{"@type":"SearchAction","target":{"@type":"EntryPoint","urlTemplate":"https:\/\/baztan-bidasoa.com\/desarrollo\/?s={search_term_string}"},"query-input":"required name=search_term_string"}],"inLanguage":"es"},{"@type":"Person","@id":"https:\/\/baztan-bidasoa.com\/desarrollo\/#\/schema\/person\/ec297d7c7c08a77e7ac6292c2b940e42","name":"mktpamplona2","image":{"@type":"ImageObject","inLanguage":"es","@id":"https:\/\/baztan-bidasoa.com\/desarrollo\/#\/schema\/person\/image\/","url":"https:\/\/secure.gravatar.com\/avatar\/132223b7affa4daaa3f3ea2b5597a64f?s=96&d=mm&r=g","contentUrl":"https:\/\/secure.gravatar.com\/avatar\/132223b7affa4daaa3f3ea2b5597a64f?s=96&d=mm&r=g","caption":"mktpamplona2"}}]}},"_links":{"self":[{"href":"https:\/\/baztan-bidasoa.com\/desarrollo\/wp-json\/wp\/v2\/posts\/21966"}],"collection":[{"href":"https:\/\/baztan-bidasoa.com\/desarrollo\/wp-json\/wp\/v2\/posts"}],"about":[{"href":"https:\/\/baztan-bidasoa.com\/desarrollo\/wp-json\/wp\/v2\/types\/post"}],"author":[{"embeddable":true,"href":"https:\/\/baztan-bidasoa.com\/desarrollo\/wp-json\/wp\/v2\/users\/3"}],"replies":[{"embeddable":true,"href":"https:\/\/baztan-bidasoa.com\/desarrollo\/wp-json\/wp\/v2\/comments?post=21966"}],"version-history":[{"count":0,"href":"https:\/\/baztan-bidasoa.com\/desarrollo\/wp-json\/wp\/v2\/posts\/21966\/revisions"}],"wp:featuredmedia":[{"embeddable":true,"href":"https:\/\/baztan-bidasoa.com\/desarrollo\/wp-json\/wp\/v2\/media\/20514"}],"wp:attachment":[{"href":"https:\/\/baztan-bidasoa.com\/desarrollo\/wp-json\/wp\/v2\/media?parent=21966"}],"wp:term":[{"taxonomy":"category","embeddable":true,"href":"https:\/\/baztan-bidasoa.com\/desarrollo\/wp-json\/wp\/v2\/categories?post=21966"},{"taxonomy":"post_tag","embeddable":true,"href":"https:\/\/baztan-bidasoa.com\/desarrollo\/wp-json\/wp\/v2\/tags?post=21966"}],"curies":[{"name":"wp","href":"https:\/\/api.w.org\/{rel}","templated":true}]}}