{"id":21963,"date":"2017-06-28T00:00:00","date_gmt":"2017-06-28T00:00:00","guid":{"rendered":"https:\/\/baztan-bidasoa.com\/desarrollo\/quieres-conocernos\/"},"modified":"2017-06-28T00:00:00","modified_gmt":"2017-06-28T00:00:00","slug":"quieres-conocernos","status":"publish","type":"post","link":"https:\/\/baztan-bidasoa.com\/desarrollo\/quieres-conocernos\/","title":{"rendered":"\u00bfQUIERES CONOCERNOS?"},"content":{"rendered":"<h4><span style=\"color: #008000;\">BAZTAN-BIDASOA TURISMOA, EN LA FERIA DE ARTESAN\u00cdA DE NAVARRA<\/span><\/h4>\n<p>Este jueves arranca la Feria de Artesan\u00eda de Navarra. 37 artesanos de diferentes disciplinas expondr\u00e1n sus trabajos, del 29 de junio al domingo 2 de julio, en la Plaza del Castillo de Pamplona, y all\u00ed estar\u00e1 tambi\u00e9n la Agrupaci\u00f3n Baztan-Bidasoa Turismoa.<\/p>\n<p><a href=\"https:\/\/baztan-bidasoa.com\/desarrollo\/wp-content\/uploads\/2020\/04\/izkiline.jpg\"><img decoding=\"async\" loading=\"lazy\" class=\"alignnone size-thumbnail wp-image-7217\" src=\"https:\/\/baztan-bidasoa.com\/desarrollo\/wp-content\/uploads\/2020\/04\/izkiline-150x150.jpg\" alt=\"\" width=\"150\" height=\"150\" \/><\/a><a href=\"https:\/\/baztan-bidasoa.com\/desarrollo\/wp-content\/uploads\/2020\/04\/Nagoreintsausti1wen.jpg\"><img decoding=\"async\" loading=\"lazy\" class=\"alignnone size-thumbnail wp-image-7251\" src=\"https:\/\/baztan-bidasoa.com\/desarrollo\/wp-content\/uploads\/2020\/04\/Nagoreintsausti1wen-150x150.jpg\" alt=\"\" width=\"150\" height=\"150\" \/><\/a><a href=\"https:\/\/baztan-bidasoa.com\/desarrollo\/wp-content\/uploads\/2020\/04\/Pitusalaxula2web.jpg\"><img decoding=\"async\" loading=\"lazy\" class=\"alignnone size-thumbnail wp-image-7260\" src=\"https:\/\/baztan-bidasoa.com\/desarrollo\/wp-content\/uploads\/2020\/04\/Pitusalaxula2web-150x150.jpg\" alt=\"\" width=\"150\" height=\"150\" \/><\/a><a href=\"https:\/\/baztan-bidasoa.com\/desarrollo\/wp-content\/uploads\/2020\/04\/Izkiline1web.jpg\"><img decoding=\"async\" loading=\"lazy\" class=\"alignnone size-thumbnail wp-image-9015\" src=\"https:\/\/baztan-bidasoa.com\/desarrollo\/wp-content\/uploads\/2020\/04\/Izkiline1web-150x150.jpg\" alt=\"\" width=\"150\" height=\"150\" \/><\/a><\/p>\n<p><strong>El viernes, de 10:30 a 14:30, nos encontrar\u00e1s en el stand reservado a las Asociaciones Tur\u00edsticas<\/strong>.<\/p>\n<p>Estaremos a tu disposici\u00f3n, para informarte y acercarte toda la oferta de Baztan-Bidasoa Turismoa.<\/p>\n<p>La Feria ser\u00e1 una\u00a0primera toma de contacto, <strong>una invitaci\u00f3n<\/strong> para que vengas a BAZTAN-BIDASOA<\/p>\n<p>\u00a1Ven y con\u00f3cenos!<\/p>\n<p>&nbsp;<\/p>\n<p>Consulta todos los detalles de la feria en: <a href=\"http:\/\/www.turismo.navarra.es\/esp\/que-ver-hacer\/recurso\/Desconocido\/7785\/Feria-de-Artesania-de-Navarra.htm?idRC=;\">http:\/\/www.turismo.navarra.es\/esp\/que-ver-hacer\/recurso\/Desconocido\/7785\/Feria-de-Artesania-de-Navarra.htm?idRC=;<\/a><\/p>\n","protected":false},"excerpt":{"rendered":"<p>BAZTAN-BIDASOA TURISMOA, EN LA FERIA DE ARTESAN\u00cdA DE NAVARRA Este jueves arranca la Feria de Artesan\u00eda de Navarra. 37 artesanos de diferentes disciplinas expondr\u00e1n sus trabajos, del 29 de junio al domingo 2 de julio, en la Plaza del Castillo de Pamplona, y all\u00ed estar\u00e1 tambi\u00e9n la Agrupaci\u00f3n Baztan-Bidasoa Turismoa. El viernes, de 10:30 a [&hellip;]<\/p>\n","protected":false},"author":3,"featured_media":20511,"comment_status":"open","ping_status":"open","sticky":false,"template":"","format":"standard","meta":[],"categories":[237,239,235],"tags":[],"acf":[],"yoast_head":"<!-- This site is optimized with the Yoast SEO plugin v19.10 - https:\/\/yoast.com\/wordpress\/plugins\/seo\/ -->\n<title>\u00bfQUIERES CONOCERNOS? - Baztan Bidasoa Turismoa<\/title>\n<meta name=\"robots\" content=\"index, follow, max-snippet:-1, max-image-preview:large, max-video-preview:-1\" \/>\n<link rel=\"canonical\" href=\"https:\/\/baztan-bidasoa.com\/desarrollo\/quieres-conocernos\/\" \/>\n<meta property=\"og:locale\" content=\"es_ES\" \/>\n<meta property=\"og:type\" content=\"article\" \/>\n<meta property=\"og:title\" content=\"\u00bfQUIERES CONOCERNOS? - Baztan Bidasoa Turismoa\" \/>\n<meta property=\"og:description\" content=\"BAZTAN-BIDASOA TURISMOA, EN LA FERIA DE ARTESAN\u00cdA DE NAVARRA Este jueves arranca la Feria de Artesan\u00eda de Navarra. 37 artesanos de diferentes disciplinas expondr\u00e1n sus trabajos, del 29 de junio al domingo 2 de julio, en la Plaza del Castillo de Pamplona, y all\u00ed estar\u00e1 tambi\u00e9n la Agrupaci\u00f3n Baztan-Bidasoa Turismoa. El viernes, de 10:30 a [&hellip;]\" \/>\n<meta property=\"og:url\" content=\"https:\/\/baztan-bidasoa.com\/desarrollo\/quieres-conocernos\/\" \/>\n<meta property=\"og:site_name\" content=\"Baztan Bidasoa Turismoa\" \/>\n<meta property=\"article:published_time\" content=\"2017-06-28T00:00:00+00:00\" \/>\n<meta property=\"og:image\" content=\"https:\/\/baztan-bidasoa.com\/desarrollo\/wp-content\/uploads\/2020\/04\/Kuluma2web.jpg\" \/>\n\t<meta property=\"og:image:width\" content=\"600\" \/>\n\t<meta property=\"og:image:height\" content=\"800\" \/>\n\t<meta property=\"og:image:type\" content=\"image\/jpeg\" \/>\n<meta name=\"author\" content=\"mktpamplona2\" \/>\n<meta name=\"twitter:card\" content=\"summary_large_image\" \/>\n<meta name=\"twitter:label1\" content=\"Escrito por\" \/>\n\t<meta name=\"twitter:data1\" content=\"mktpamplona2\" \/>\n\t<meta name=\"twitter:label2\" content=\"Tiempo de lectura\" \/>\n\t<meta name=\"twitter:data2\" content=\"1 minuto\" \/>\n<script type=\"application\/ld+json\" class=\"yoast-schema-graph\">{\"@context\":\"https:\/\/schema.org\",\"@graph\":[{\"@type\":\"WebPage\",\"@id\":\"https:\/\/baztan-bidasoa.com\/desarrollo\/quieres-conocernos\/\",\"url\":\"https:\/\/baztan-bidasoa.com\/desarrollo\/quieres-conocernos\/\",\"name\":\"\u00bfQUIERES CONOCERNOS? - Baztan Bidasoa Turismoa\",\"isPartOf\":{\"@id\":\"https:\/\/baztan-bidasoa.com\/desarrollo\/#website\"},\"datePublished\":\"2017-06-28T00:00:00+00:00\",\"dateModified\":\"2017-06-28T00:00:00+00:00\",\"author\":{\"@id\":\"https:\/\/baztan-bidasoa.com\/desarrollo\/#\/schema\/person\/ec297d7c7c08a77e7ac6292c2b940e42\"},\"breadcrumb\":{\"@id\":\"https:\/\/baztan-bidasoa.com\/desarrollo\/quieres-conocernos\/#breadcrumb\"},\"inLanguage\":\"es\",\"potentialAction\":[{\"@type\":\"ReadAction\",\"target\":[\"https:\/\/baztan-bidasoa.com\/desarrollo\/quieres-conocernos\/\"]}]},{\"@type\":\"BreadcrumbList\",\"@id\":\"https:\/\/baztan-bidasoa.com\/desarrollo\/quieres-conocernos\/#breadcrumb\",\"itemListElement\":[{\"@type\":\"ListItem\",\"position\":1,\"name\":\"Portada\",\"item\":\"https:\/\/baztan-bidasoa.com\/desarrollo\/\"},{\"@type\":\"ListItem\",\"position\":2,\"name\":\"\u00bfQUIERES CONOCERNOS?\"}]},{\"@type\":\"WebSite\",\"@id\":\"https:\/\/baztan-bidasoa.com\/desarrollo\/#website\",\"url\":\"https:\/\/baztan-bidasoa.com\/desarrollo\/\",\"name\":\"Baztan Bidasoa Turismoa\",\"description\":\"Asociaci\u00f3n Tur\u00edstica Baztan-Bidasoa Turismo Elkartea\",\"potentialAction\":[{\"@type\":\"SearchAction\",\"target\":{\"@type\":\"EntryPoint\",\"urlTemplate\":\"https:\/\/baztan-bidasoa.com\/desarrollo\/?s={search_term_string}\"},\"query-input\":\"required name=search_term_string\"}],\"inLanguage\":\"es\"},{\"@type\":\"Person\",\"@id\":\"https:\/\/baztan-bidasoa.com\/desarrollo\/#\/schema\/person\/ec297d7c7c08a77e7ac6292c2b940e42\",\"name\":\"mktpamplona2\",\"image\":{\"@type\":\"ImageObject\",\"inLanguage\":\"es\",\"@id\":\"https:\/\/baztan-bidasoa.com\/desarrollo\/#\/schema\/person\/image\/\",\"url\":\"https:\/\/secure.gravatar.com\/avatar\/132223b7affa4daaa3f3ea2b5597a64f?s=96&d=mm&r=g\",\"contentUrl\":\"https:\/\/secure.gravatar.com\/avatar\/132223b7affa4daaa3f3ea2b5597a64f?s=96&d=mm&r=g\",\"caption\":\"mktpamplona2\"}}]}<\/script>\n<!-- \/ Yoast SEO plugin. -->","yoast_head_json":{"title":"\u00bfQUIERES CONOCERNOS? - Baztan Bidasoa Turismoa","robots":{"index":"index","follow":"follow","max-snippet":"max-snippet:-1","max-image-preview":"max-image-preview:large","max-video-preview":"max-video-preview:-1"},"canonical":"https:\/\/baztan-bidasoa.com\/desarrollo\/quieres-conocernos\/","og_locale":"es_ES","og_type":"article","og_title":"\u00bfQUIERES CONOCERNOS? - Baztan Bidasoa Turismoa","og_description":"BAZTAN-BIDASOA TURISMOA, EN LA FERIA DE ARTESAN\u00cdA DE NAVARRA Este jueves arranca la Feria de Artesan\u00eda de Navarra. 37 artesanos de diferentes disciplinas expondr\u00e1n sus trabajos, del 29 de junio al domingo 2 de julio, en la Plaza del Castillo de Pamplona, y all\u00ed estar\u00e1 tambi\u00e9n la Agrupaci\u00f3n Baztan-Bidasoa Turismoa. El viernes, de 10:30 a [&hellip;]","og_url":"https:\/\/baztan-bidasoa.com\/desarrollo\/quieres-conocernos\/","og_site_name":"Baztan Bidasoa Turismoa","article_published_time":"2017-06-28T00:00:00+00:00","og_image":[{"width":600,"height":800,"url":"https:\/\/baztan-bidasoa.com\/desarrollo\/wp-content\/uploads\/2020\/04\/Kuluma2web.jpg","type":"image\/jpeg"}],"author":"mktpamplona2","twitter_card":"summary_large_image","twitter_misc":{"Escrito por":"mktpamplona2","Tiempo de lectura":"1 minuto"},"schema":{"@context":"https:\/\/schema.org","@graph":[{"@type":"WebPage","@id":"https:\/\/baztan-bidasoa.com\/desarrollo\/quieres-conocernos\/","url":"https:\/\/baztan-bidasoa.com\/desarrollo\/quieres-conocernos\/","name":"\u00bfQUIERES CONOCERNOS? - Baztan Bidasoa Turismoa","isPartOf":{"@id":"https:\/\/baztan-bidasoa.com\/desarrollo\/#website"},"datePublished":"2017-06-28T00:00:00+00:00","dateModified":"2017-06-28T00:00:00+00:00","author":{"@id":"https:\/\/baztan-bidasoa.com\/desarrollo\/#\/schema\/person\/ec297d7c7c08a77e7ac6292c2b940e42"},"breadcrumb":{"@id":"https:\/\/baztan-bidasoa.com\/desarrollo\/quieres-conocernos\/#breadcrumb"},"inLanguage":"es","potentialAction":[{"@type":"ReadAction","target":["https:\/\/baztan-bidasoa.com\/desarrollo\/quieres-conocernos\/"]}]},{"@type":"BreadcrumbList","@id":"https:\/\/baztan-bidasoa.com\/desarrollo\/quieres-conocernos\/#breadcrumb","itemListElement":[{"@type":"ListItem","position":1,"name":"Portada","item":"https:\/\/baztan-bidasoa.com\/desarrollo\/"},{"@type":"ListItem","position":2,"name":"\u00bfQUIERES CONOCERNOS?"}]},{"@type":"WebSite","@id":"https:\/\/baztan-bidasoa.com\/desarrollo\/#website","url":"https:\/\/baztan-bidasoa.com\/desarrollo\/","name":"Baztan Bidasoa Turismoa","description":"Asociaci\u00f3n Tur\u00edstica Baztan-Bidasoa Turismo Elkartea","potentialAction":[{"@type":"SearchAction","target":{"@type":"EntryPoint","urlTemplate":"https:\/\/baztan-bidasoa.com\/desarrollo\/?s={search_term_string}"},"query-input":"required name=search_term_string"}],"inLanguage":"es"},{"@type":"Person","@id":"https:\/\/baztan-bidasoa.com\/desarrollo\/#\/schema\/person\/ec297d7c7c08a77e7ac6292c2b940e42","name":"mktpamplona2","image":{"@type":"ImageObject","inLanguage":"es","@id":"https:\/\/baztan-bidasoa.com\/desarrollo\/#\/schema\/person\/image\/","url":"https:\/\/secure.gravatar.com\/avatar\/132223b7affa4daaa3f3ea2b5597a64f?s=96&d=mm&r=g","contentUrl":"https:\/\/secure.gravatar.com\/avatar\/132223b7affa4daaa3f3ea2b5597a64f?s=96&d=mm&r=g","caption":"mktpamplona2"}}]}},"_links":{"self":[{"href":"https:\/\/baztan-bidasoa.com\/desarrollo\/wp-json\/wp\/v2\/posts\/21963"}],"collection":[{"href":"https:\/\/baztan-bidasoa.com\/desarrollo\/wp-json\/wp\/v2\/posts"}],"about":[{"href":"https:\/\/baztan-bidasoa.com\/desarrollo\/wp-json\/wp\/v2\/types\/post"}],"author":[{"embeddable":true,"href":"https:\/\/baztan-bidasoa.com\/desarrollo\/wp-json\/wp\/v2\/users\/3"}],"replies":[{"embeddable":true,"href":"https:\/\/baztan-bidasoa.com\/desarrollo\/wp-json\/wp\/v2\/comments?post=21963"}],"version-history":[{"count":0,"href":"https:\/\/baztan-bidasoa.com\/desarrollo\/wp-json\/wp\/v2\/posts\/21963\/revisions"}],"wp:featuredmedia":[{"embeddable":true,"href":"https:\/\/baztan-bidasoa.com\/desarrollo\/wp-json\/wp\/v2\/media\/20511"}],"wp:attachment":[{"href":"https:\/\/baztan-bidasoa.com\/desarrollo\/wp-json\/wp\/v2\/media?parent=21963"}],"wp:term":[{"taxonomy":"category","embeddable":true,"href":"https:\/\/baztan-bidasoa.com\/desarrollo\/wp-json\/wp\/v2\/categories?post=21963"},{"taxonomy":"post_tag","embeddable":true,"href":"https:\/\/baztan-bidasoa.com\/desarrollo\/wp-json\/wp\/v2\/tags?post=21963"}],"curies":[{"name":"wp","href":"https:\/\/api.w.org\/{rel}","templated":true}]}}