{"id":21957,"date":"2017-06-26T00:00:00","date_gmt":"2017-06-26T00:00:00","guid":{"rendered":"https:\/\/baztan-bidasoa.com\/desarrollo\/celebracion-en-zugarramurdi\/"},"modified":"2017-06-26T00:00:00","modified_gmt":"2017-06-26T00:00:00","slug":"celebracion-en-zugarramurdi","status":"publish","type":"post","link":"https:\/\/baztan-bidasoa.com\/desarrollo\/celebracion-en-zugarramurdi\/","title":{"rendered":"CELEBRACI\u00d3N EN ZUGARRAMURDI"},"content":{"rendered":"<h4><span style=\"color: #008000;\">Gigantes, dantzaris y \u00abtxotx\u00bb para reinagurar el Museo de las Brujas<\/span><\/h4>\n<h5><span style=\"color: #008000;\">10\u00ba ANIVERSARIO:<\/span> El camino de una d\u00e9cada ha servido para consolidar una oferta visitada anualmente por miles de personas que llegan a \u00a0Zugarramurdi atra\u00eddos por las cuevas y las historias de brujer\u00eda.<\/h5>\n<p>El domingo 25 de junio, coincidiendo con el D\u00eda de Xareta se celebr\u00f3 el 10\u00ba Aniversario.<\/p>\n<p>Ver nota de prensa:\u00a0<a href=\"https:\/\/baztan-bidasoa.com\/desarrollo\/wp-content\/uploads\/2017\/06\/MUSEO-DE-LAS-BRUJAS.-10\u00ba-ANIVERSARIO.pdf\">MUSEO DE LAS BRUJAS. 10\u00ba ANIVERSARIO<\/a><\/p>\n<p><a href=\"https:\/\/baztan-bidasoa.com\/desarrollo\/wp-content\/uploads\/2019\/12\/ibilialdia.jpg\"><img decoding=\"async\" loading=\"lazy\" class=\"alignnone size-thumbnail wp-image-9005\" src=\"https:\/\/baztan-bidasoa.com\/desarrollo\/wp-content\/uploads\/2019\/12\/ibilialdia.jpg\" alt=\"\" width=\"150\" height=\"150\" \/><\/a><a href=\"https:\/\/baztan-bidasoa.com\/desarrollo\/wp-content\/uploads\/2020\/03\/mitologia2.jpg\"><img decoding=\"async\" loading=\"lazy\" class=\"alignnone size-thumbnail wp-image-9006\" src=\"https:\/\/baztan-bidasoa.com\/desarrollo\/wp-content\/uploads\/2020\/03\/mitologia2.jpg\" alt=\"\" width=\"150\" height=\"150\" \/><\/a><a href=\"https:\/\/baztan-bidasoa.com\/desarrollo\/wp-content\/uploads\/2020\/04\/mitologiahaurrak.jpg\"><img decoding=\"async\" loading=\"lazy\" class=\"alignnone size-thumbnail wp-image-9007\" src=\"https:\/\/baztan-bidasoa.com\/desarrollo\/wp-content\/uploads\/2020\/04\/mitologiahaurrak-150x150.jpg\" alt=\"\" width=\"150\" height=\"150\" \/><\/a><a href=\"https:\/\/baztan-bidasoa.com\/desarrollo\/wp-content\/uploads\/2020\/03\/muesokoatean.jpg\"><img decoding=\"async\" loading=\"lazy\" class=\"alignnone size-thumbnail wp-image-9008\" src=\"https:\/\/baztan-bidasoa.com\/desarrollo\/wp-content\/uploads\/2020\/03\/muesokoatean.jpg\" alt=\"\" width=\"150\" height=\"150\" \/><\/a><\/p>\n<p>&nbsp;<\/p>\n","protected":false},"excerpt":{"rendered":"<p>Gigantes, dantzaris y \u00abtxotx\u00bb para reinagurar el Museo de las Brujas 10\u00ba ANIVERSARIO: El camino de una d\u00e9cada ha servido para consolidar una oferta visitada anualmente por miles de personas que llegan a \u00a0Zugarramurdi atra\u00eddos por las cuevas y las historias de brujer\u00eda. El domingo 25 de junio, coincidiendo con el D\u00eda de Xareta se [&hellip;]<\/p>\n","protected":false},"author":3,"featured_media":19722,"comment_status":"open","ping_status":"open","sticky":false,"template":"","format":"standard","meta":[],"categories":[237,239,235],"tags":[],"acf":[],"yoast_head":"<!-- This site is optimized with the Yoast SEO plugin v19.10 - https:\/\/yoast.com\/wordpress\/plugins\/seo\/ -->\n<title>CELEBRACI\u00d3N EN ZUGARRAMURDI - Baztan Bidasoa Turismoa<\/title>\n<meta name=\"robots\" content=\"index, follow, max-snippet:-1, max-image-preview:large, max-video-preview:-1\" \/>\n<link rel=\"canonical\" href=\"https:\/\/baztan-bidasoa.com\/desarrollo\/celebracion-en-zugarramurdi\/\" \/>\n<meta property=\"og:locale\" content=\"es_ES\" \/>\n<meta property=\"og:type\" content=\"article\" \/>\n<meta property=\"og:title\" content=\"CELEBRACI\u00d3N EN ZUGARRAMURDI - Baztan Bidasoa Turismoa\" \/>\n<meta property=\"og:description\" content=\"Gigantes, dantzaris y \u00abtxotx\u00bb para reinagurar el Museo de las Brujas 10\u00ba ANIVERSARIO: El camino de una d\u00e9cada ha servido para consolidar una oferta visitada anualmente por miles de personas que llegan a \u00a0Zugarramurdi atra\u00eddos por las cuevas y las historias de brujer\u00eda. El domingo 25 de junio, coincidiendo con el D\u00eda de Xareta se [&hellip;]\" \/>\n<meta property=\"og:url\" content=\"https:\/\/baztan-bidasoa.com\/desarrollo\/celebracion-en-zugarramurdi\/\" \/>\n<meta property=\"og:site_name\" content=\"Baztan Bidasoa Turismoa\" \/>\n<meta property=\"article:published_time\" content=\"2017-06-26T00:00:00+00:00\" \/>\n<meta property=\"og:image\" content=\"https:\/\/baztan-bidasoa.com\/desarrollo\/wp-content\/uploads\/2020\/03\/muesokoatean.jpg\" \/>\n\t<meta property=\"og:image:width\" content=\"1800\" \/>\n\t<meta property=\"og:image:height\" content=\"1200\" \/>\n\t<meta property=\"og:image:type\" content=\"image\/jpeg\" \/>\n<meta name=\"author\" content=\"mktpamplona2\" \/>\n<meta name=\"twitter:card\" content=\"summary_large_image\" \/>\n<meta name=\"twitter:label1\" content=\"Escrito por\" \/>\n\t<meta name=\"twitter:data1\" content=\"mktpamplona2\" \/>\n<script type=\"application\/ld+json\" class=\"yoast-schema-graph\">{\"@context\":\"https:\/\/schema.org\",\"@graph\":[{\"@type\":\"WebPage\",\"@id\":\"https:\/\/baztan-bidasoa.com\/desarrollo\/celebracion-en-zugarramurdi\/\",\"url\":\"https:\/\/baztan-bidasoa.com\/desarrollo\/celebracion-en-zugarramurdi\/\",\"name\":\"CELEBRACI\u00d3N EN ZUGARRAMURDI - Baztan Bidasoa Turismoa\",\"isPartOf\":{\"@id\":\"https:\/\/baztan-bidasoa.com\/desarrollo\/#website\"},\"datePublished\":\"2017-06-26T00:00:00+00:00\",\"dateModified\":\"2017-06-26T00:00:00+00:00\",\"author\":{\"@id\":\"https:\/\/baztan-bidasoa.com\/desarrollo\/#\/schema\/person\/ec297d7c7c08a77e7ac6292c2b940e42\"},\"breadcrumb\":{\"@id\":\"https:\/\/baztan-bidasoa.com\/desarrollo\/celebracion-en-zugarramurdi\/#breadcrumb\"},\"inLanguage\":\"es\",\"potentialAction\":[{\"@type\":\"ReadAction\",\"target\":[\"https:\/\/baztan-bidasoa.com\/desarrollo\/celebracion-en-zugarramurdi\/\"]}]},{\"@type\":\"BreadcrumbList\",\"@id\":\"https:\/\/baztan-bidasoa.com\/desarrollo\/celebracion-en-zugarramurdi\/#breadcrumb\",\"itemListElement\":[{\"@type\":\"ListItem\",\"position\":1,\"name\":\"Portada\",\"item\":\"https:\/\/baztan-bidasoa.com\/desarrollo\/\"},{\"@type\":\"ListItem\",\"position\":2,\"name\":\"CELEBRACI\u00d3N EN ZUGARRAMURDI\"}]},{\"@type\":\"WebSite\",\"@id\":\"https:\/\/baztan-bidasoa.com\/desarrollo\/#website\",\"url\":\"https:\/\/baztan-bidasoa.com\/desarrollo\/\",\"name\":\"Baztan Bidasoa Turismoa\",\"description\":\"Asociaci\u00f3n Tur\u00edstica Baztan-Bidasoa Turismo Elkartea\",\"potentialAction\":[{\"@type\":\"SearchAction\",\"target\":{\"@type\":\"EntryPoint\",\"urlTemplate\":\"https:\/\/baztan-bidasoa.com\/desarrollo\/?s={search_term_string}\"},\"query-input\":\"required name=search_term_string\"}],\"inLanguage\":\"es\"},{\"@type\":\"Person\",\"@id\":\"https:\/\/baztan-bidasoa.com\/desarrollo\/#\/schema\/person\/ec297d7c7c08a77e7ac6292c2b940e42\",\"name\":\"mktpamplona2\",\"image\":{\"@type\":\"ImageObject\",\"inLanguage\":\"es\",\"@id\":\"https:\/\/baztan-bidasoa.com\/desarrollo\/#\/schema\/person\/image\/\",\"url\":\"https:\/\/secure.gravatar.com\/avatar\/132223b7affa4daaa3f3ea2b5597a64f?s=96&d=mm&r=g\",\"contentUrl\":\"https:\/\/secure.gravatar.com\/avatar\/132223b7affa4daaa3f3ea2b5597a64f?s=96&d=mm&r=g\",\"caption\":\"mktpamplona2\"}}]}<\/script>\n<!-- \/ Yoast SEO plugin. -->","yoast_head_json":{"title":"CELEBRACI\u00d3N EN ZUGARRAMURDI - Baztan Bidasoa Turismoa","robots":{"index":"index","follow":"follow","max-snippet":"max-snippet:-1","max-image-preview":"max-image-preview:large","max-video-preview":"max-video-preview:-1"},"canonical":"https:\/\/baztan-bidasoa.com\/desarrollo\/celebracion-en-zugarramurdi\/","og_locale":"es_ES","og_type":"article","og_title":"CELEBRACI\u00d3N EN ZUGARRAMURDI - Baztan Bidasoa Turismoa","og_description":"Gigantes, dantzaris y \u00abtxotx\u00bb para reinagurar el Museo de las Brujas 10\u00ba ANIVERSARIO: El camino de una d\u00e9cada ha servido para consolidar una oferta visitada anualmente por miles de personas que llegan a \u00a0Zugarramurdi atra\u00eddos por las cuevas y las historias de brujer\u00eda. El domingo 25 de junio, coincidiendo con el D\u00eda de Xareta se [&hellip;]","og_url":"https:\/\/baztan-bidasoa.com\/desarrollo\/celebracion-en-zugarramurdi\/","og_site_name":"Baztan Bidasoa Turismoa","article_published_time":"2017-06-26T00:00:00+00:00","og_image":[{"width":1800,"height":1200,"url":"https:\/\/baztan-bidasoa.com\/desarrollo\/wp-content\/uploads\/2020\/03\/muesokoatean.jpg","type":"image\/jpeg"}],"author":"mktpamplona2","twitter_card":"summary_large_image","twitter_misc":{"Escrito por":"mktpamplona2"},"schema":{"@context":"https:\/\/schema.org","@graph":[{"@type":"WebPage","@id":"https:\/\/baztan-bidasoa.com\/desarrollo\/celebracion-en-zugarramurdi\/","url":"https:\/\/baztan-bidasoa.com\/desarrollo\/celebracion-en-zugarramurdi\/","name":"CELEBRACI\u00d3N EN ZUGARRAMURDI - Baztan Bidasoa Turismoa","isPartOf":{"@id":"https:\/\/baztan-bidasoa.com\/desarrollo\/#website"},"datePublished":"2017-06-26T00:00:00+00:00","dateModified":"2017-06-26T00:00:00+00:00","author":{"@id":"https:\/\/baztan-bidasoa.com\/desarrollo\/#\/schema\/person\/ec297d7c7c08a77e7ac6292c2b940e42"},"breadcrumb":{"@id":"https:\/\/baztan-bidasoa.com\/desarrollo\/celebracion-en-zugarramurdi\/#breadcrumb"},"inLanguage":"es","potentialAction":[{"@type":"ReadAction","target":["https:\/\/baztan-bidasoa.com\/desarrollo\/celebracion-en-zugarramurdi\/"]}]},{"@type":"BreadcrumbList","@id":"https:\/\/baztan-bidasoa.com\/desarrollo\/celebracion-en-zugarramurdi\/#breadcrumb","itemListElement":[{"@type":"ListItem","position":1,"name":"Portada","item":"https:\/\/baztan-bidasoa.com\/desarrollo\/"},{"@type":"ListItem","position":2,"name":"CELEBRACI\u00d3N EN ZUGARRAMURDI"}]},{"@type":"WebSite","@id":"https:\/\/baztan-bidasoa.com\/desarrollo\/#website","url":"https:\/\/baztan-bidasoa.com\/desarrollo\/","name":"Baztan Bidasoa Turismoa","description":"Asociaci\u00f3n Tur\u00edstica Baztan-Bidasoa Turismo Elkartea","potentialAction":[{"@type":"SearchAction","target":{"@type":"EntryPoint","urlTemplate":"https:\/\/baztan-bidasoa.com\/desarrollo\/?s={search_term_string}"},"query-input":"required name=search_term_string"}],"inLanguage":"es"},{"@type":"Person","@id":"https:\/\/baztan-bidasoa.com\/desarrollo\/#\/schema\/person\/ec297d7c7c08a77e7ac6292c2b940e42","name":"mktpamplona2","image":{"@type":"ImageObject","inLanguage":"es","@id":"https:\/\/baztan-bidasoa.com\/desarrollo\/#\/schema\/person\/image\/","url":"https:\/\/secure.gravatar.com\/avatar\/132223b7affa4daaa3f3ea2b5597a64f?s=96&d=mm&r=g","contentUrl":"https:\/\/secure.gravatar.com\/avatar\/132223b7affa4daaa3f3ea2b5597a64f?s=96&d=mm&r=g","caption":"mktpamplona2"}}]}},"_links":{"self":[{"href":"https:\/\/baztan-bidasoa.com\/desarrollo\/wp-json\/wp\/v2\/posts\/21957"}],"collection":[{"href":"https:\/\/baztan-bidasoa.com\/desarrollo\/wp-json\/wp\/v2\/posts"}],"about":[{"href":"https:\/\/baztan-bidasoa.com\/desarrollo\/wp-json\/wp\/v2\/types\/post"}],"author":[{"embeddable":true,"href":"https:\/\/baztan-bidasoa.com\/desarrollo\/wp-json\/wp\/v2\/users\/3"}],"replies":[{"embeddable":true,"href":"https:\/\/baztan-bidasoa.com\/desarrollo\/wp-json\/wp\/v2\/comments?post=21957"}],"version-history":[{"count":0,"href":"https:\/\/baztan-bidasoa.com\/desarrollo\/wp-json\/wp\/v2\/posts\/21957\/revisions"}],"wp:featuredmedia":[{"embeddable":true,"href":"https:\/\/baztan-bidasoa.com\/desarrollo\/wp-json\/wp\/v2\/media\/19722"}],"wp:attachment":[{"href":"https:\/\/baztan-bidasoa.com\/desarrollo\/wp-json\/wp\/v2\/media?parent=21957"}],"wp:term":[{"taxonomy":"category","embeddable":true,"href":"https:\/\/baztan-bidasoa.com\/desarrollo\/wp-json\/wp\/v2\/categories?post=21957"},{"taxonomy":"post_tag","embeddable":true,"href":"https:\/\/baztan-bidasoa.com\/desarrollo\/wp-json\/wp\/v2\/tags?post=21957"}],"curies":[{"name":"wp","href":"https:\/\/api.w.org\/{rel}","templated":true}]}}