{"id":21953,"date":"2017-06-23T00:00:00","date_gmt":"2017-06-23T00:00:00","guid":{"rendered":"https:\/\/baztan-bidasoa.com\/desarrollo\/aunitz-urtez-el-museo-de-las-brujas-cumple-10-anos\/"},"modified":"2017-06-23T00:00:00","modified_gmt":"2017-06-23T00:00:00","slug":"aunitz-urtez-el-museo-de-las-brujas-cumple-10-anos","status":"publish","type":"post","link":"https:\/\/baztan-bidasoa.com\/desarrollo\/aunitz-urtez-el-museo-de-las-brujas-cumple-10-anos\/","title":{"rendered":"AUNITZ URTEZ! El Museo de las Brujas cumple 10 a\u00f1os"},"content":{"rendered":"<h4><span style=\"color: #008000;\">El Museo de las Brujas de Zugarramurdi cumple 10 a\u00f1os<\/span><\/h4>\n<p><a href=\"http:\/\/www.turismo.navarra.es\/esp\/organice-viaje\/recurso\/Ocioycultura\/4040\/Museo-de-las-Brujas.htm\">http:\/\/www.turismo.navarra.es\/esp\/organice-viaje\/recurso\/Ocioycultura\/4040\/Museo-de-las-Brujas.htm<\/a><\/p>\n<h6><span style=\"color: #000000;\">Porque una d\u00e9cada es una d\u00e9cada&#8230;han preparado un amplio programa para celebrarlo,con reinauguraci\u00f3n inclu\u00edda<\/span><\/h6>\n<p>Para abrir boca La Sinfonietta Acad\u00e9mica interpretar\u00e1 <strong><em>Amor Brujo<\/em><\/strong> de Manuel de Falla en la cueva (S\u00e1bado, 24 de junio 20:00).<\/p>\n<p><img decoding=\"async\" loading=\"lazy\" class=\"wp-image-8990 size-medium alignleft\" src=\"https:\/\/baztan-bidasoa.com\/desarrollo\/wp-content\/uploads\/2020\/04\/amor-brujo_sinfonietta-300x200.jpg\" alt=\"\" width=\"300\" height=\"200\" \/><\/p>\n<p><a href=\"https:\/\/baztan-bidasoa.com\/desarrollo\/wp-content\/uploads\/2020\/04\/museo-de-las-brujas.jpg\"><img decoding=\"async\" loading=\"lazy\" class=\"alignnone wp-image-4312\" src=\"https:\/\/baztan-bidasoa.com\/desarrollo\/wp-content\/uploads\/2020\/04\/museo-de-las-brujas-274x300.jpg\" alt=\"Museo de las Brujas en Zugarramurdi\" width=\"252\" height=\"276\" \/><\/a><\/p>\n<p>Y el domingo, 25 de junio: <strong>Xareta Eguna<\/strong> y celebraci\u00f3n del <strong>10\u00ba aniversario.\u00a0<\/strong><\/p>\n<p>8:30: Marcha guiada por el \u201cSendero de la Pottoka\u201d entre Zugarramurdi \u2013 Urdazubi, \u201c<em>Por el viejo camino de Xareta, con las viejas historias de Xareta<\/em>\u201d (ida y vuelta, duraci\u00f3n estimada: 2h 30).<\/p>\n<p>12h: Actuaci\u00f3n del grupo de dantzaris txiki de Xareta, en la plaza de Zugarramurdi. A continuaci\u00f3n, los gigantes de Bera y Sara realizar\u00e1n una kale-jira por Behitiko karrika hasta la Cueva y vuelta.<\/p>\n<p>Aperitivo en la plaza, ambientado por los gaiteros.<\/p>\n<p>12:30: Celebraci\u00f3n del d\u00e9cimo aniversario del Museo de las Brujas y reinauguraci\u00f3n de la Sala de la Mitolog\u00eda.<\/p>\n<p>14:30: Comida de hermandad en el restaurante Azketa, y cantos tradicionales con Joxe Angel. Las entradas se pueden adquirir con antelaci\u00f3n en el mismo restaurante y en Venta Ansalas a 25\u20ac.<\/p>\n<p>&nbsp;<\/p>\n<p>&nbsp;<\/p>\n","protected":false},"excerpt":{"rendered":"<p>El Museo de las Brujas de Zugarramurdi cumple 10 a\u00f1os http:\/\/www.turismo.navarra.es\/esp\/organice-viaje\/recurso\/Ocioycultura\/4040\/Museo-de-las-Brujas.htm Porque una d\u00e9cada es una d\u00e9cada&#8230;han preparado un amplio programa para celebrarlo,con reinauguraci\u00f3n inclu\u00edda Para abrir boca La Sinfonietta Acad\u00e9mica interpretar\u00e1 Amor Brujo de Manuel de Falla en la cueva (S\u00e1bado, 24 de junio 20:00). Y el domingo, 25 de junio: Xareta Eguna y [&hellip;]<\/p>\n","protected":false},"author":3,"featured_media":20425,"comment_status":"open","ping_status":"open","sticky":false,"template":"","format":"standard","meta":[],"categories":[237,239,235],"tags":[],"acf":[],"yoast_head":"<!-- This site is optimized with the Yoast SEO plugin v19.10 - https:\/\/yoast.com\/wordpress\/plugins\/seo\/ -->\n<title>AUNITZ URTEZ! El Museo de las Brujas cumple 10 a\u00f1os - Baztan Bidasoa Turismoa<\/title>\n<meta name=\"robots\" content=\"index, follow, max-snippet:-1, max-image-preview:large, max-video-preview:-1\" \/>\n<link rel=\"canonical\" href=\"https:\/\/baztan-bidasoa.com\/desarrollo\/aunitz-urtez-el-museo-de-las-brujas-cumple-10-anos\/\" \/>\n<meta property=\"og:locale\" content=\"es_ES\" \/>\n<meta property=\"og:type\" content=\"article\" \/>\n<meta property=\"og:title\" content=\"AUNITZ URTEZ! El Museo de las Brujas cumple 10 a\u00f1os - Baztan Bidasoa Turismoa\" \/>\n<meta property=\"og:description\" content=\"El Museo de las Brujas de Zugarramurdi cumple 10 a\u00f1os http:\/\/www.turismo.navarra.es\/esp\/organice-viaje\/recurso\/Ocioycultura\/4040\/Museo-de-las-Brujas.htm Porque una d\u00e9cada es una d\u00e9cada&#8230;han preparado un amplio programa para celebrarlo,con reinauguraci\u00f3n inclu\u00edda Para abrir boca La Sinfonietta Acad\u00e9mica interpretar\u00e1 Amor Brujo de Manuel de Falla en la cueva (S\u00e1bado, 24 de junio 20:00). Y el domingo, 25 de junio: Xareta Eguna y [&hellip;]\" \/>\n<meta property=\"og:url\" content=\"https:\/\/baztan-bidasoa.com\/desarrollo\/aunitz-urtez-el-museo-de-las-brujas-cumple-10-anos\/\" \/>\n<meta property=\"og:site_name\" content=\"Baztan Bidasoa Turismoa\" \/>\n<meta property=\"article:published_time\" content=\"2017-06-23T00:00:00+00:00\" \/>\n<meta property=\"og:image\" content=\"https:\/\/baztan-bidasoa.com\/desarrollo\/wp-content\/uploads\/2020\/04\/museo-de-las-brujas2.jpg\" \/>\n\t<meta property=\"og:image:width\" content=\"900\" \/>\n\t<meta property=\"og:image:height\" content=\"596\" \/>\n\t<meta property=\"og:image:type\" content=\"image\/jpeg\" \/>\n<meta name=\"author\" content=\"mktpamplona2\" \/>\n<meta name=\"twitter:card\" content=\"summary_large_image\" \/>\n<meta name=\"twitter:label1\" content=\"Escrito por\" \/>\n\t<meta name=\"twitter:data1\" content=\"mktpamplona2\" \/>\n\t<meta name=\"twitter:label2\" content=\"Tiempo de lectura\" \/>\n\t<meta name=\"twitter:data2\" content=\"1 minuto\" \/>\n<script type=\"application\/ld+json\" class=\"yoast-schema-graph\">{\"@context\":\"https:\/\/schema.org\",\"@graph\":[{\"@type\":\"WebPage\",\"@id\":\"https:\/\/baztan-bidasoa.com\/desarrollo\/aunitz-urtez-el-museo-de-las-brujas-cumple-10-anos\/\",\"url\":\"https:\/\/baztan-bidasoa.com\/desarrollo\/aunitz-urtez-el-museo-de-las-brujas-cumple-10-anos\/\",\"name\":\"AUNITZ URTEZ! El Museo de las Brujas cumple 10 a\u00f1os - Baztan Bidasoa Turismoa\",\"isPartOf\":{\"@id\":\"https:\/\/baztan-bidasoa.com\/desarrollo\/#website\"},\"datePublished\":\"2017-06-23T00:00:00+00:00\",\"dateModified\":\"2017-06-23T00:00:00+00:00\",\"author\":{\"@id\":\"https:\/\/baztan-bidasoa.com\/desarrollo\/#\/schema\/person\/ec297d7c7c08a77e7ac6292c2b940e42\"},\"breadcrumb\":{\"@id\":\"https:\/\/baztan-bidasoa.com\/desarrollo\/aunitz-urtez-el-museo-de-las-brujas-cumple-10-anos\/#breadcrumb\"},\"inLanguage\":\"es\",\"potentialAction\":[{\"@type\":\"ReadAction\",\"target\":[\"https:\/\/baztan-bidasoa.com\/desarrollo\/aunitz-urtez-el-museo-de-las-brujas-cumple-10-anos\/\"]}]},{\"@type\":\"BreadcrumbList\",\"@id\":\"https:\/\/baztan-bidasoa.com\/desarrollo\/aunitz-urtez-el-museo-de-las-brujas-cumple-10-anos\/#breadcrumb\",\"itemListElement\":[{\"@type\":\"ListItem\",\"position\":1,\"name\":\"Portada\",\"item\":\"https:\/\/baztan-bidasoa.com\/desarrollo\/\"},{\"@type\":\"ListItem\",\"position\":2,\"name\":\"AUNITZ URTEZ! El Museo de las Brujas cumple 10 a\u00f1os\"}]},{\"@type\":\"WebSite\",\"@id\":\"https:\/\/baztan-bidasoa.com\/desarrollo\/#website\",\"url\":\"https:\/\/baztan-bidasoa.com\/desarrollo\/\",\"name\":\"Baztan Bidasoa Turismoa\",\"description\":\"Asociaci\u00f3n Tur\u00edstica Baztan-Bidasoa Turismo Elkartea\",\"potentialAction\":[{\"@type\":\"SearchAction\",\"target\":{\"@type\":\"EntryPoint\",\"urlTemplate\":\"https:\/\/baztan-bidasoa.com\/desarrollo\/?s={search_term_string}\"},\"query-input\":\"required name=search_term_string\"}],\"inLanguage\":\"es\"},{\"@type\":\"Person\",\"@id\":\"https:\/\/baztan-bidasoa.com\/desarrollo\/#\/schema\/person\/ec297d7c7c08a77e7ac6292c2b940e42\",\"name\":\"mktpamplona2\",\"image\":{\"@type\":\"ImageObject\",\"inLanguage\":\"es\",\"@id\":\"https:\/\/baztan-bidasoa.com\/desarrollo\/#\/schema\/person\/image\/\",\"url\":\"https:\/\/secure.gravatar.com\/avatar\/132223b7affa4daaa3f3ea2b5597a64f?s=96&d=mm&r=g\",\"contentUrl\":\"https:\/\/secure.gravatar.com\/avatar\/132223b7affa4daaa3f3ea2b5597a64f?s=96&d=mm&r=g\",\"caption\":\"mktpamplona2\"}}]}<\/script>\n<!-- \/ Yoast SEO plugin. -->","yoast_head_json":{"title":"AUNITZ URTEZ! El Museo de las Brujas cumple 10 a\u00f1os - Baztan Bidasoa Turismoa","robots":{"index":"index","follow":"follow","max-snippet":"max-snippet:-1","max-image-preview":"max-image-preview:large","max-video-preview":"max-video-preview:-1"},"canonical":"https:\/\/baztan-bidasoa.com\/desarrollo\/aunitz-urtez-el-museo-de-las-brujas-cumple-10-anos\/","og_locale":"es_ES","og_type":"article","og_title":"AUNITZ URTEZ! El Museo de las Brujas cumple 10 a\u00f1os - Baztan Bidasoa Turismoa","og_description":"El Museo de las Brujas de Zugarramurdi cumple 10 a\u00f1os http:\/\/www.turismo.navarra.es\/esp\/organice-viaje\/recurso\/Ocioycultura\/4040\/Museo-de-las-Brujas.htm Porque una d\u00e9cada es una d\u00e9cada&#8230;han preparado un amplio programa para celebrarlo,con reinauguraci\u00f3n inclu\u00edda Para abrir boca La Sinfonietta Acad\u00e9mica interpretar\u00e1 Amor Brujo de Manuel de Falla en la cueva (S\u00e1bado, 24 de junio 20:00). Y el domingo, 25 de junio: Xareta Eguna y [&hellip;]","og_url":"https:\/\/baztan-bidasoa.com\/desarrollo\/aunitz-urtez-el-museo-de-las-brujas-cumple-10-anos\/","og_site_name":"Baztan Bidasoa Turismoa","article_published_time":"2017-06-23T00:00:00+00:00","og_image":[{"width":900,"height":596,"url":"https:\/\/baztan-bidasoa.com\/desarrollo\/wp-content\/uploads\/2020\/04\/museo-de-las-brujas2.jpg","type":"image\/jpeg"}],"author":"mktpamplona2","twitter_card":"summary_large_image","twitter_misc":{"Escrito por":"mktpamplona2","Tiempo de lectura":"1 minuto"},"schema":{"@context":"https:\/\/schema.org","@graph":[{"@type":"WebPage","@id":"https:\/\/baztan-bidasoa.com\/desarrollo\/aunitz-urtez-el-museo-de-las-brujas-cumple-10-anos\/","url":"https:\/\/baztan-bidasoa.com\/desarrollo\/aunitz-urtez-el-museo-de-las-brujas-cumple-10-anos\/","name":"AUNITZ URTEZ! El Museo de las Brujas cumple 10 a\u00f1os - Baztan Bidasoa Turismoa","isPartOf":{"@id":"https:\/\/baztan-bidasoa.com\/desarrollo\/#website"},"datePublished":"2017-06-23T00:00:00+00:00","dateModified":"2017-06-23T00:00:00+00:00","author":{"@id":"https:\/\/baztan-bidasoa.com\/desarrollo\/#\/schema\/person\/ec297d7c7c08a77e7ac6292c2b940e42"},"breadcrumb":{"@id":"https:\/\/baztan-bidasoa.com\/desarrollo\/aunitz-urtez-el-museo-de-las-brujas-cumple-10-anos\/#breadcrumb"},"inLanguage":"es","potentialAction":[{"@type":"ReadAction","target":["https:\/\/baztan-bidasoa.com\/desarrollo\/aunitz-urtez-el-museo-de-las-brujas-cumple-10-anos\/"]}]},{"@type":"BreadcrumbList","@id":"https:\/\/baztan-bidasoa.com\/desarrollo\/aunitz-urtez-el-museo-de-las-brujas-cumple-10-anos\/#breadcrumb","itemListElement":[{"@type":"ListItem","position":1,"name":"Portada","item":"https:\/\/baztan-bidasoa.com\/desarrollo\/"},{"@type":"ListItem","position":2,"name":"AUNITZ URTEZ! El Museo de las Brujas cumple 10 a\u00f1os"}]},{"@type":"WebSite","@id":"https:\/\/baztan-bidasoa.com\/desarrollo\/#website","url":"https:\/\/baztan-bidasoa.com\/desarrollo\/","name":"Baztan Bidasoa Turismoa","description":"Asociaci\u00f3n Tur\u00edstica Baztan-Bidasoa Turismo Elkartea","potentialAction":[{"@type":"SearchAction","target":{"@type":"EntryPoint","urlTemplate":"https:\/\/baztan-bidasoa.com\/desarrollo\/?s={search_term_string}"},"query-input":"required name=search_term_string"}],"inLanguage":"es"},{"@type":"Person","@id":"https:\/\/baztan-bidasoa.com\/desarrollo\/#\/schema\/person\/ec297d7c7c08a77e7ac6292c2b940e42","name":"mktpamplona2","image":{"@type":"ImageObject","inLanguage":"es","@id":"https:\/\/baztan-bidasoa.com\/desarrollo\/#\/schema\/person\/image\/","url":"https:\/\/secure.gravatar.com\/avatar\/132223b7affa4daaa3f3ea2b5597a64f?s=96&d=mm&r=g","contentUrl":"https:\/\/secure.gravatar.com\/avatar\/132223b7affa4daaa3f3ea2b5597a64f?s=96&d=mm&r=g","caption":"mktpamplona2"}}]}},"_links":{"self":[{"href":"https:\/\/baztan-bidasoa.com\/desarrollo\/wp-json\/wp\/v2\/posts\/21953"}],"collection":[{"href":"https:\/\/baztan-bidasoa.com\/desarrollo\/wp-json\/wp\/v2\/posts"}],"about":[{"href":"https:\/\/baztan-bidasoa.com\/desarrollo\/wp-json\/wp\/v2\/types\/post"}],"author":[{"embeddable":true,"href":"https:\/\/baztan-bidasoa.com\/desarrollo\/wp-json\/wp\/v2\/users\/3"}],"replies":[{"embeddable":true,"href":"https:\/\/baztan-bidasoa.com\/desarrollo\/wp-json\/wp\/v2\/comments?post=21953"}],"version-history":[{"count":0,"href":"https:\/\/baztan-bidasoa.com\/desarrollo\/wp-json\/wp\/v2\/posts\/21953\/revisions"}],"wp:featuredmedia":[{"embeddable":true,"href":"https:\/\/baztan-bidasoa.com\/desarrollo\/wp-json\/wp\/v2\/media\/20425"}],"wp:attachment":[{"href":"https:\/\/baztan-bidasoa.com\/desarrollo\/wp-json\/wp\/v2\/media?parent=21953"}],"wp:term":[{"taxonomy":"category","embeddable":true,"href":"https:\/\/baztan-bidasoa.com\/desarrollo\/wp-json\/wp\/v2\/categories?post=21953"},{"taxonomy":"post_tag","embeddable":true,"href":"https:\/\/baztan-bidasoa.com\/desarrollo\/wp-json\/wp\/v2\/tags?post=21953"}],"curies":[{"name":"wp","href":"https:\/\/api.w.org\/{rel}","templated":true}]}}