{"id":21948,"date":"2017-06-19T00:00:00","date_gmt":"2017-06-19T00:00:00","guid":{"rendered":"https:\/\/baztan-bidasoa.com\/desarrollo\/euskaraz-blai-campamentos-de-verano\/"},"modified":"2017-06-19T00:00:00","modified_gmt":"2017-06-19T00:00:00","slug":"euskaraz-blai-campamentos-de-verano","status":"publish","type":"post","link":"https:\/\/baztan-bidasoa.com\/desarrollo\/euskaraz-blai-campamentos-de-verano\/","title":{"rendered":"EUSKARAZ BLAI! CAMPAMENTOS DE VERANO"},"content":{"rendered":"<h1><span style=\"color: #008000;\">\u00a1Comienza la cuenta atr\u00e1s!<\/span><\/h1>\n<h4>Los monitores ya est\u00e1n preparados y este fin de semana los organizadores de los campamentos Euskaraz Blai se han reunido con los padres de los ni\u00f1@s que este verano pasar\u00e1n parte de sus vacaciones en Baztan-Bidasoa.<\/h4>\n<h6><a href=\"https:\/\/baztan-bidasoa.com\/desarrollo\/wp-content\/uploads\/2020\/04\/3880fe2a-8433-4e90-bc05-6676042b9fbe.jpg\"><img decoding=\"async\" loading=\"lazy\" class=\"size-thumbnail wp-image-8954 alignleft\" src=\"https:\/\/baztan-bidasoa.com\/desarrollo\/wp-content\/uploads\/2020\/04\/3880fe2a-8433-4e90-bc05-6676042b9fbe-150x150.jpg\" alt=\"\" width=\"150\" height=\"150\" \/><\/a>El primer grupo llegar\u00e1 a la comarca el domingo 25 de junio y durante una semana se sumergir\u00e1 en un mar de sensaciones, de Naturaleza, de tradiciones, de aventura,&#8230;Todo en euskara; porque ese es el principal objetivo de estos campamentos organizados por los Albergues de Beintza, Aterpe de Arantza y la colaboraci\u00f3n de Baztan-Bidasoa Turismoa Elkargoa: incentivar el uso del euskara entre los j\u00f3venes.<\/h6>\n<h6>A lo largo del verano 400 chavales disfrutar\u00e1n de una experiencia inolvidable en nuestros establecimientos.<\/h6>\n<p><span style=\"color: #008000;\">\u00abUDALEKU IBILTARIA\u00bb<\/span><\/p>\n<h6>Este a\u00f1o adem\u00e1s la oferta se ha ampliado con una interesante propuesta :\u201cUDALEKU IBILTARIA\u201d o \u201cCampamento andante\u201d, dirigido a j\u00f3venes de 14-17 a\u00f1os y que discurre por los caminos de contrabando del siglo XX entre los albergues de Arritxulo (Oiartzun), Aterpe de Arantza y Beintza, y con diversas actividades en la naturaleza.<\/h6>\n<p>&nbsp;<\/p>\n","protected":false},"excerpt":{"rendered":"<p>\u00a1Comienza la cuenta atr\u00e1s! Los monitores ya est\u00e1n preparados y este fin de semana los organizadores de los campamentos Euskaraz Blai se han reunido con los padres de los ni\u00f1@s que este verano pasar\u00e1n parte de sus vacaciones en Baztan-Bidasoa. El primer grupo llegar\u00e1 a la comarca el domingo 25 de junio y durante una [&hellip;]<\/p>\n","protected":false},"author":3,"featured_media":20489,"comment_status":"open","ping_status":"open","sticky":false,"template":"","format":"standard","meta":[],"categories":[239,235],"tags":[],"acf":[],"yoast_head":"<!-- This site is optimized with the Yoast SEO plugin v19.10 - https:\/\/yoast.com\/wordpress\/plugins\/seo\/ -->\n<title>EUSKARAZ BLAI! CAMPAMENTOS DE VERANO - Baztan Bidasoa Turismoa<\/title>\n<meta name=\"robots\" content=\"index, follow, max-snippet:-1, max-image-preview:large, max-video-preview:-1\" \/>\n<link rel=\"canonical\" href=\"https:\/\/baztan-bidasoa.com\/desarrollo\/euskaraz-blai-campamentos-de-verano\/\" \/>\n<meta property=\"og:locale\" content=\"es_ES\" \/>\n<meta property=\"og:type\" content=\"article\" \/>\n<meta property=\"og:title\" content=\"EUSKARAZ BLAI! CAMPAMENTOS DE VERANO - Baztan Bidasoa Turismoa\" \/>\n<meta property=\"og:description\" content=\"\u00a1Comienza la cuenta atr\u00e1s! Los monitores ya est\u00e1n preparados y este fin de semana los organizadores de los campamentos Euskaraz Blai se han reunido con los padres de los ni\u00f1@s que este verano pasar\u00e1n parte de sus vacaciones en Baztan-Bidasoa. El primer grupo llegar\u00e1 a la comarca el domingo 25 de junio y durante una [&hellip;]\" \/>\n<meta property=\"og:url\" content=\"https:\/\/baztan-bidasoa.com\/desarrollo\/euskaraz-blai-campamentos-de-verano\/\" \/>\n<meta property=\"og:site_name\" content=\"Baztan Bidasoa Turismoa\" \/>\n<meta property=\"article:published_time\" content=\"2017-06-19T00:00:00+00:00\" \/>\n<meta property=\"og:image\" content=\"https:\/\/baztan-bidasoa.com\/desarrollo\/wp-content\/uploads\/2020\/04\/19225604_383234902073229_2128574535035757219_n.jpg\" \/>\n\t<meta property=\"og:image:width\" content=\"480\" \/>\n\t<meta property=\"og:image:height\" content=\"464\" \/>\n\t<meta property=\"og:image:type\" content=\"image\/jpeg\" \/>\n<meta name=\"author\" content=\"mktpamplona2\" \/>\n<meta name=\"twitter:card\" content=\"summary_large_image\" \/>\n<meta name=\"twitter:label1\" content=\"Escrito por\" \/>\n\t<meta name=\"twitter:data1\" content=\"mktpamplona2\" \/>\n\t<meta name=\"twitter:label2\" content=\"Tiempo de lectura\" \/>\n\t<meta name=\"twitter:data2\" content=\"1 minuto\" \/>\n<script type=\"application\/ld+json\" class=\"yoast-schema-graph\">{\"@context\":\"https:\/\/schema.org\",\"@graph\":[{\"@type\":\"WebPage\",\"@id\":\"https:\/\/baztan-bidasoa.com\/desarrollo\/euskaraz-blai-campamentos-de-verano\/\",\"url\":\"https:\/\/baztan-bidasoa.com\/desarrollo\/euskaraz-blai-campamentos-de-verano\/\",\"name\":\"EUSKARAZ BLAI! CAMPAMENTOS DE VERANO - Baztan Bidasoa Turismoa\",\"isPartOf\":{\"@id\":\"https:\/\/baztan-bidasoa.com\/desarrollo\/#website\"},\"datePublished\":\"2017-06-19T00:00:00+00:00\",\"dateModified\":\"2017-06-19T00:00:00+00:00\",\"author\":{\"@id\":\"https:\/\/baztan-bidasoa.com\/desarrollo\/#\/schema\/person\/ec297d7c7c08a77e7ac6292c2b940e42\"},\"breadcrumb\":{\"@id\":\"https:\/\/baztan-bidasoa.com\/desarrollo\/euskaraz-blai-campamentos-de-verano\/#breadcrumb\"},\"inLanguage\":\"es\",\"potentialAction\":[{\"@type\":\"ReadAction\",\"target\":[\"https:\/\/baztan-bidasoa.com\/desarrollo\/euskaraz-blai-campamentos-de-verano\/\"]}]},{\"@type\":\"BreadcrumbList\",\"@id\":\"https:\/\/baztan-bidasoa.com\/desarrollo\/euskaraz-blai-campamentos-de-verano\/#breadcrumb\",\"itemListElement\":[{\"@type\":\"ListItem\",\"position\":1,\"name\":\"Portada\",\"item\":\"https:\/\/baztan-bidasoa.com\/desarrollo\/\"},{\"@type\":\"ListItem\",\"position\":2,\"name\":\"EUSKARAZ BLAI! CAMPAMENTOS DE VERANO\"}]},{\"@type\":\"WebSite\",\"@id\":\"https:\/\/baztan-bidasoa.com\/desarrollo\/#website\",\"url\":\"https:\/\/baztan-bidasoa.com\/desarrollo\/\",\"name\":\"Baztan Bidasoa Turismoa\",\"description\":\"Asociaci\u00f3n Tur\u00edstica Baztan-Bidasoa Turismo Elkartea\",\"potentialAction\":[{\"@type\":\"SearchAction\",\"target\":{\"@type\":\"EntryPoint\",\"urlTemplate\":\"https:\/\/baztan-bidasoa.com\/desarrollo\/?s={search_term_string}\"},\"query-input\":\"required name=search_term_string\"}],\"inLanguage\":\"es\"},{\"@type\":\"Person\",\"@id\":\"https:\/\/baztan-bidasoa.com\/desarrollo\/#\/schema\/person\/ec297d7c7c08a77e7ac6292c2b940e42\",\"name\":\"mktpamplona2\",\"image\":{\"@type\":\"ImageObject\",\"inLanguage\":\"es\",\"@id\":\"https:\/\/baztan-bidasoa.com\/desarrollo\/#\/schema\/person\/image\/\",\"url\":\"https:\/\/secure.gravatar.com\/avatar\/132223b7affa4daaa3f3ea2b5597a64f?s=96&d=mm&r=g\",\"contentUrl\":\"https:\/\/secure.gravatar.com\/avatar\/132223b7affa4daaa3f3ea2b5597a64f?s=96&d=mm&r=g\",\"caption\":\"mktpamplona2\"}}]}<\/script>\n<!-- \/ Yoast SEO plugin. -->","yoast_head_json":{"title":"EUSKARAZ BLAI! CAMPAMENTOS DE VERANO - Baztan Bidasoa Turismoa","robots":{"index":"index","follow":"follow","max-snippet":"max-snippet:-1","max-image-preview":"max-image-preview:large","max-video-preview":"max-video-preview:-1"},"canonical":"https:\/\/baztan-bidasoa.com\/desarrollo\/euskaraz-blai-campamentos-de-verano\/","og_locale":"es_ES","og_type":"article","og_title":"EUSKARAZ BLAI! CAMPAMENTOS DE VERANO - Baztan Bidasoa Turismoa","og_description":"\u00a1Comienza la cuenta atr\u00e1s! Los monitores ya est\u00e1n preparados y este fin de semana los organizadores de los campamentos Euskaraz Blai se han reunido con los padres de los ni\u00f1@s que este verano pasar\u00e1n parte de sus vacaciones en Baztan-Bidasoa. El primer grupo llegar\u00e1 a la comarca el domingo 25 de junio y durante una [&hellip;]","og_url":"https:\/\/baztan-bidasoa.com\/desarrollo\/euskaraz-blai-campamentos-de-verano\/","og_site_name":"Baztan Bidasoa Turismoa","article_published_time":"2017-06-19T00:00:00+00:00","og_image":[{"width":480,"height":464,"url":"https:\/\/baztan-bidasoa.com\/desarrollo\/wp-content\/uploads\/2020\/04\/19225604_383234902073229_2128574535035757219_n.jpg","type":"image\/jpeg"}],"author":"mktpamplona2","twitter_card":"summary_large_image","twitter_misc":{"Escrito por":"mktpamplona2","Tiempo de lectura":"1 minuto"},"schema":{"@context":"https:\/\/schema.org","@graph":[{"@type":"WebPage","@id":"https:\/\/baztan-bidasoa.com\/desarrollo\/euskaraz-blai-campamentos-de-verano\/","url":"https:\/\/baztan-bidasoa.com\/desarrollo\/euskaraz-blai-campamentos-de-verano\/","name":"EUSKARAZ BLAI! CAMPAMENTOS DE VERANO - Baztan Bidasoa Turismoa","isPartOf":{"@id":"https:\/\/baztan-bidasoa.com\/desarrollo\/#website"},"datePublished":"2017-06-19T00:00:00+00:00","dateModified":"2017-06-19T00:00:00+00:00","author":{"@id":"https:\/\/baztan-bidasoa.com\/desarrollo\/#\/schema\/person\/ec297d7c7c08a77e7ac6292c2b940e42"},"breadcrumb":{"@id":"https:\/\/baztan-bidasoa.com\/desarrollo\/euskaraz-blai-campamentos-de-verano\/#breadcrumb"},"inLanguage":"es","potentialAction":[{"@type":"ReadAction","target":["https:\/\/baztan-bidasoa.com\/desarrollo\/euskaraz-blai-campamentos-de-verano\/"]}]},{"@type":"BreadcrumbList","@id":"https:\/\/baztan-bidasoa.com\/desarrollo\/euskaraz-blai-campamentos-de-verano\/#breadcrumb","itemListElement":[{"@type":"ListItem","position":1,"name":"Portada","item":"https:\/\/baztan-bidasoa.com\/desarrollo\/"},{"@type":"ListItem","position":2,"name":"EUSKARAZ BLAI! CAMPAMENTOS DE VERANO"}]},{"@type":"WebSite","@id":"https:\/\/baztan-bidasoa.com\/desarrollo\/#website","url":"https:\/\/baztan-bidasoa.com\/desarrollo\/","name":"Baztan Bidasoa Turismoa","description":"Asociaci\u00f3n Tur\u00edstica Baztan-Bidasoa Turismo Elkartea","potentialAction":[{"@type":"SearchAction","target":{"@type":"EntryPoint","urlTemplate":"https:\/\/baztan-bidasoa.com\/desarrollo\/?s={search_term_string}"},"query-input":"required name=search_term_string"}],"inLanguage":"es"},{"@type":"Person","@id":"https:\/\/baztan-bidasoa.com\/desarrollo\/#\/schema\/person\/ec297d7c7c08a77e7ac6292c2b940e42","name":"mktpamplona2","image":{"@type":"ImageObject","inLanguage":"es","@id":"https:\/\/baztan-bidasoa.com\/desarrollo\/#\/schema\/person\/image\/","url":"https:\/\/secure.gravatar.com\/avatar\/132223b7affa4daaa3f3ea2b5597a64f?s=96&d=mm&r=g","contentUrl":"https:\/\/secure.gravatar.com\/avatar\/132223b7affa4daaa3f3ea2b5597a64f?s=96&d=mm&r=g","caption":"mktpamplona2"}}]}},"_links":{"self":[{"href":"https:\/\/baztan-bidasoa.com\/desarrollo\/wp-json\/wp\/v2\/posts\/21948"}],"collection":[{"href":"https:\/\/baztan-bidasoa.com\/desarrollo\/wp-json\/wp\/v2\/posts"}],"about":[{"href":"https:\/\/baztan-bidasoa.com\/desarrollo\/wp-json\/wp\/v2\/types\/post"}],"author":[{"embeddable":true,"href":"https:\/\/baztan-bidasoa.com\/desarrollo\/wp-json\/wp\/v2\/users\/3"}],"replies":[{"embeddable":true,"href":"https:\/\/baztan-bidasoa.com\/desarrollo\/wp-json\/wp\/v2\/comments?post=21948"}],"version-history":[{"count":0,"href":"https:\/\/baztan-bidasoa.com\/desarrollo\/wp-json\/wp\/v2\/posts\/21948\/revisions"}],"wp:featuredmedia":[{"embeddable":true,"href":"https:\/\/baztan-bidasoa.com\/desarrollo\/wp-json\/wp\/v2\/media\/20489"}],"wp:attachment":[{"href":"https:\/\/baztan-bidasoa.com\/desarrollo\/wp-json\/wp\/v2\/media?parent=21948"}],"wp:term":[{"taxonomy":"category","embeddable":true,"href":"https:\/\/baztan-bidasoa.com\/desarrollo\/wp-json\/wp\/v2\/categories?post=21948"},{"taxonomy":"post_tag","embeddable":true,"href":"https:\/\/baztan-bidasoa.com\/desarrollo\/wp-json\/wp\/v2\/tags?post=21948"}],"curies":[{"name":"wp","href":"https:\/\/api.w.org\/{rel}","templated":true}]}}