{"id":21907,"date":"2017-05-16T00:00:00","date_gmt":"2017-05-16T00:00:00","guid":{"rendered":"https:\/\/baztan-bidasoa.com\/desarrollo\/campamentos-euskaraz-blai-todavia-estas-a-tiempo\/"},"modified":"2017-05-16T00:00:00","modified_gmt":"2017-05-16T00:00:00","slug":"campamentos-euskaraz-blai-todavia-estas-a-tiempo","status":"publish","type":"post","link":"https:\/\/baztan-bidasoa.com\/desarrollo\/campamentos-euskaraz-blai-todavia-estas-a-tiempo\/","title":{"rendered":"CAMPAMENTOS EUSKARAZ  BLAI! TODAV\u00cdA EST\u00c1S A TIEMPO"},"content":{"rendered":"<h3><span style=\"color: #008000;\">\u00a1Ampliamos el plazo de matr\u00edcula!\u00a0<\/span><\/h3>\n<p>\u00a1No te quedes sin plaza, todav\u00eda est\u00e1s a tiempo de apuntarte en los campamentos Euskaraz blai! Divi\u00e9rtete este verano y hazlo en EUSKARA en los campamento organizados por los albergues de Beintza-Labaien y Arantza, con la colaboraci\u00f3n de Baztan-Bidasoa Turismoa.<\/p>\n<p><a href=\"https:\/\/baztan-bidasoa.com\/desarrollo\/wp-content\/uploads\/2020\/04\/udalekuakgh.jpg\"><img decoding=\"async\" loading=\"lazy\" class=\"aligncenter size-full wp-image-8240\" src=\"https:\/\/baztan-bidasoa.com\/desarrollo\/wp-content\/uploads\/2020\/04\/udalekuakgh.jpg\" alt=\"\" width=\"1024\" height=\"614\" \/><\/a><a href=\"https:\/\/baztan-bidasoa.com\/desarrollo\/wp-content\/uploads\/2020\/04\/udalekuak-q.jpg\"><img decoding=\"async\" loading=\"lazy\" class=\"aligncenter size-full wp-image-8241\" src=\"https:\/\/baztan-bidasoa.com\/desarrollo\/wp-content\/uploads\/2020\/04\/udalekuak-q.jpg\" alt=\"\" width=\"360\" height=\"360\" \/><\/a>Quedan:<\/p>\n<p>12 plazas para el turno \u00a025 junio-1 julio<\/p>\n<p>15 plazas para el turno\u00a023 -29 julio<\/p>\n<p>26 plazas para el turno 30 de julio- 5 de agosto.<\/p>\n<p>Tambi\u00e9n est\u00e1s a tiempo de apuntarte al novedoso campamento <span style=\"color: #008000;\">Kontrabandisten bidea.<\/span> Un campamento itinerante dirigido a\u00a0j\u00f3venes de 14-17 a\u00f1os.<\/p>\n<p><a href=\"https:\/\/baztan-bidasoa.com\/desarrollo\/wp-content\/uploads\/2020\/04\/index_udalekuibiltaria.jpg\"><img decoding=\"async\" loading=\"lazy\" class=\"size-full wp-image-8162 alignleft\" src=\"https:\/\/baztan-bidasoa.com\/desarrollo\/wp-content\/uploads\/2020\/04\/index_udalekuibiltaria.jpg\" alt=\"\" width=\"270\" height=\"183\" \/><\/a><\/p>\n<p>Es la novedad de este a\u00f1o. Discurre por los caminos de contrabando del siglo XX entre los albergues de Arritxulo (Oiartzun), Aterpe de Arantza y Beintza, y con diversas actividades en la naturaleza.<\/p>\n<p>Inf\u00f3rmate en el tel\u00e9fono 622 728 984<\/p>\n<p>&nbsp;<\/p>\n<p>&nbsp;<\/p>\n","protected":false},"excerpt":{"rendered":"<p>\u00a1Ampliamos el plazo de matr\u00edcula!\u00a0 \u00a1No te quedes sin plaza, todav\u00eda est\u00e1s a tiempo de apuntarte en los campamentos Euskaraz blai! Divi\u00e9rtete este verano y hazlo en EUSKARA en los campamento organizados por los albergues de Beintza-Labaien y Arantza, con la colaboraci\u00f3n de Baztan-Bidasoa Turismoa. Quedan: 12 plazas para el turno \u00a025 junio-1 julio 15 [&hellip;]<\/p>\n","protected":false},"author":3,"featured_media":20422,"comment_status":"open","ping_status":"open","sticky":false,"template":"","format":"standard","meta":[],"categories":[237,235],"tags":[],"acf":[],"yoast_head":"<!-- This site is optimized with the Yoast SEO plugin v19.10 - https:\/\/yoast.com\/wordpress\/plugins\/seo\/ -->\n<title>CAMPAMENTOS EUSKARAZ BLAI! TODAV\u00cdA EST\u00c1S A TIEMPO - Baztan Bidasoa Turismoa<\/title>\n<meta name=\"robots\" content=\"index, follow, max-snippet:-1, max-image-preview:large, max-video-preview:-1\" \/>\n<link rel=\"canonical\" href=\"https:\/\/baztan-bidasoa.com\/desarrollo\/campamentos-euskaraz-blai-todavia-estas-a-tiempo\/\" \/>\n<meta property=\"og:locale\" content=\"es_ES\" \/>\n<meta property=\"og:type\" content=\"article\" \/>\n<meta property=\"og:title\" content=\"CAMPAMENTOS EUSKARAZ BLAI! TODAV\u00cdA EST\u00c1S A TIEMPO - Baztan Bidasoa Turismoa\" \/>\n<meta property=\"og:description\" content=\"\u00a1Ampliamos el plazo de matr\u00edcula!\u00a0 \u00a1No te quedes sin plaza, todav\u00eda est\u00e1s a tiempo de apuntarte en los campamentos Euskaraz blai! Divi\u00e9rtete este verano y hazlo en EUSKARA en los campamento organizados por los albergues de Beintza-Labaien y Arantza, con la colaboraci\u00f3n de Baztan-Bidasoa Turismoa. Quedan: 12 plazas para el turno \u00a025 junio-1 julio 15 [&hellip;]\" \/>\n<meta property=\"og:url\" content=\"https:\/\/baztan-bidasoa.com\/desarrollo\/campamentos-euskaraz-blai-todavia-estas-a-tiempo\/\" \/>\n<meta property=\"og:site_name\" content=\"Baztan Bidasoa Turismoa\" \/>\n<meta property=\"article:published_time\" content=\"2017-05-16T00:00:00+00:00\" \/>\n<meta property=\"og:image\" content=\"https:\/\/baztan-bidasoa.com\/desarrollo\/wp-content\/uploads\/2020\/04\/udalekuaker.jpg\" \/>\n\t<meta property=\"og:image:width\" content=\"360\" \/>\n\t<meta property=\"og:image:height\" content=\"360\" \/>\n\t<meta property=\"og:image:type\" content=\"image\/jpeg\" \/>\n<meta name=\"author\" content=\"mktpamplona2\" \/>\n<meta name=\"twitter:card\" content=\"summary_large_image\" \/>\n<meta name=\"twitter:label1\" content=\"Escrito por\" \/>\n\t<meta name=\"twitter:data1\" content=\"mktpamplona2\" \/>\n\t<meta name=\"twitter:label2\" content=\"Tiempo de lectura\" \/>\n\t<meta name=\"twitter:data2\" content=\"1 minuto\" \/>\n<script type=\"application\/ld+json\" class=\"yoast-schema-graph\">{\"@context\":\"https:\/\/schema.org\",\"@graph\":[{\"@type\":\"WebPage\",\"@id\":\"https:\/\/baztan-bidasoa.com\/desarrollo\/campamentos-euskaraz-blai-todavia-estas-a-tiempo\/\",\"url\":\"https:\/\/baztan-bidasoa.com\/desarrollo\/campamentos-euskaraz-blai-todavia-estas-a-tiempo\/\",\"name\":\"CAMPAMENTOS EUSKARAZ BLAI! TODAV\u00cdA EST\u00c1S A TIEMPO - Baztan Bidasoa Turismoa\",\"isPartOf\":{\"@id\":\"https:\/\/baztan-bidasoa.com\/desarrollo\/#website\"},\"datePublished\":\"2017-05-16T00:00:00+00:00\",\"dateModified\":\"2017-05-16T00:00:00+00:00\",\"author\":{\"@id\":\"https:\/\/baztan-bidasoa.com\/desarrollo\/#\/schema\/person\/ec297d7c7c08a77e7ac6292c2b940e42\"},\"breadcrumb\":{\"@id\":\"https:\/\/baztan-bidasoa.com\/desarrollo\/campamentos-euskaraz-blai-todavia-estas-a-tiempo\/#breadcrumb\"},\"inLanguage\":\"es\",\"potentialAction\":[{\"@type\":\"ReadAction\",\"target\":[\"https:\/\/baztan-bidasoa.com\/desarrollo\/campamentos-euskaraz-blai-todavia-estas-a-tiempo\/\"]}]},{\"@type\":\"BreadcrumbList\",\"@id\":\"https:\/\/baztan-bidasoa.com\/desarrollo\/campamentos-euskaraz-blai-todavia-estas-a-tiempo\/#breadcrumb\",\"itemListElement\":[{\"@type\":\"ListItem\",\"position\":1,\"name\":\"Portada\",\"item\":\"https:\/\/baztan-bidasoa.com\/desarrollo\/\"},{\"@type\":\"ListItem\",\"position\":2,\"name\":\"CAMPAMENTOS EUSKARAZ BLAI! TODAV\u00cdA EST\u00c1S A TIEMPO\"}]},{\"@type\":\"WebSite\",\"@id\":\"https:\/\/baztan-bidasoa.com\/desarrollo\/#website\",\"url\":\"https:\/\/baztan-bidasoa.com\/desarrollo\/\",\"name\":\"Baztan Bidasoa Turismoa\",\"description\":\"Asociaci\u00f3n Tur\u00edstica Baztan-Bidasoa Turismo Elkartea\",\"potentialAction\":[{\"@type\":\"SearchAction\",\"target\":{\"@type\":\"EntryPoint\",\"urlTemplate\":\"https:\/\/baztan-bidasoa.com\/desarrollo\/?s={search_term_string}\"},\"query-input\":\"required name=search_term_string\"}],\"inLanguage\":\"es\"},{\"@type\":\"Person\",\"@id\":\"https:\/\/baztan-bidasoa.com\/desarrollo\/#\/schema\/person\/ec297d7c7c08a77e7ac6292c2b940e42\",\"name\":\"mktpamplona2\",\"image\":{\"@type\":\"ImageObject\",\"inLanguage\":\"es\",\"@id\":\"https:\/\/baztan-bidasoa.com\/desarrollo\/#\/schema\/person\/image\/\",\"url\":\"https:\/\/secure.gravatar.com\/avatar\/132223b7affa4daaa3f3ea2b5597a64f?s=96&d=mm&r=g\",\"contentUrl\":\"https:\/\/secure.gravatar.com\/avatar\/132223b7affa4daaa3f3ea2b5597a64f?s=96&d=mm&r=g\",\"caption\":\"mktpamplona2\"}}]}<\/script>\n<!-- \/ Yoast SEO plugin. -->","yoast_head_json":{"title":"CAMPAMENTOS EUSKARAZ BLAI! TODAV\u00cdA EST\u00c1S A TIEMPO - Baztan Bidasoa Turismoa","robots":{"index":"index","follow":"follow","max-snippet":"max-snippet:-1","max-image-preview":"max-image-preview:large","max-video-preview":"max-video-preview:-1"},"canonical":"https:\/\/baztan-bidasoa.com\/desarrollo\/campamentos-euskaraz-blai-todavia-estas-a-tiempo\/","og_locale":"es_ES","og_type":"article","og_title":"CAMPAMENTOS EUSKARAZ BLAI! TODAV\u00cdA EST\u00c1S A TIEMPO - Baztan Bidasoa Turismoa","og_description":"\u00a1Ampliamos el plazo de matr\u00edcula!\u00a0 \u00a1No te quedes sin plaza, todav\u00eda est\u00e1s a tiempo de apuntarte en los campamentos Euskaraz blai! Divi\u00e9rtete este verano y hazlo en EUSKARA en los campamento organizados por los albergues de Beintza-Labaien y Arantza, con la colaboraci\u00f3n de Baztan-Bidasoa Turismoa. Quedan: 12 plazas para el turno \u00a025 junio-1 julio 15 [&hellip;]","og_url":"https:\/\/baztan-bidasoa.com\/desarrollo\/campamentos-euskaraz-blai-todavia-estas-a-tiempo\/","og_site_name":"Baztan Bidasoa Turismoa","article_published_time":"2017-05-16T00:00:00+00:00","og_image":[{"width":360,"height":360,"url":"https:\/\/baztan-bidasoa.com\/desarrollo\/wp-content\/uploads\/2020\/04\/udalekuaker.jpg","type":"image\/jpeg"}],"author":"mktpamplona2","twitter_card":"summary_large_image","twitter_misc":{"Escrito por":"mktpamplona2","Tiempo de lectura":"1 minuto"},"schema":{"@context":"https:\/\/schema.org","@graph":[{"@type":"WebPage","@id":"https:\/\/baztan-bidasoa.com\/desarrollo\/campamentos-euskaraz-blai-todavia-estas-a-tiempo\/","url":"https:\/\/baztan-bidasoa.com\/desarrollo\/campamentos-euskaraz-blai-todavia-estas-a-tiempo\/","name":"CAMPAMENTOS EUSKARAZ BLAI! TODAV\u00cdA EST\u00c1S A TIEMPO - Baztan Bidasoa Turismoa","isPartOf":{"@id":"https:\/\/baztan-bidasoa.com\/desarrollo\/#website"},"datePublished":"2017-05-16T00:00:00+00:00","dateModified":"2017-05-16T00:00:00+00:00","author":{"@id":"https:\/\/baztan-bidasoa.com\/desarrollo\/#\/schema\/person\/ec297d7c7c08a77e7ac6292c2b940e42"},"breadcrumb":{"@id":"https:\/\/baztan-bidasoa.com\/desarrollo\/campamentos-euskaraz-blai-todavia-estas-a-tiempo\/#breadcrumb"},"inLanguage":"es","potentialAction":[{"@type":"ReadAction","target":["https:\/\/baztan-bidasoa.com\/desarrollo\/campamentos-euskaraz-blai-todavia-estas-a-tiempo\/"]}]},{"@type":"BreadcrumbList","@id":"https:\/\/baztan-bidasoa.com\/desarrollo\/campamentos-euskaraz-blai-todavia-estas-a-tiempo\/#breadcrumb","itemListElement":[{"@type":"ListItem","position":1,"name":"Portada","item":"https:\/\/baztan-bidasoa.com\/desarrollo\/"},{"@type":"ListItem","position":2,"name":"CAMPAMENTOS EUSKARAZ BLAI! TODAV\u00cdA EST\u00c1S A TIEMPO"}]},{"@type":"WebSite","@id":"https:\/\/baztan-bidasoa.com\/desarrollo\/#website","url":"https:\/\/baztan-bidasoa.com\/desarrollo\/","name":"Baztan Bidasoa Turismoa","description":"Asociaci\u00f3n Tur\u00edstica Baztan-Bidasoa Turismo Elkartea","potentialAction":[{"@type":"SearchAction","target":{"@type":"EntryPoint","urlTemplate":"https:\/\/baztan-bidasoa.com\/desarrollo\/?s={search_term_string}"},"query-input":"required name=search_term_string"}],"inLanguage":"es"},{"@type":"Person","@id":"https:\/\/baztan-bidasoa.com\/desarrollo\/#\/schema\/person\/ec297d7c7c08a77e7ac6292c2b940e42","name":"mktpamplona2","image":{"@type":"ImageObject","inLanguage":"es","@id":"https:\/\/baztan-bidasoa.com\/desarrollo\/#\/schema\/person\/image\/","url":"https:\/\/secure.gravatar.com\/avatar\/132223b7affa4daaa3f3ea2b5597a64f?s=96&d=mm&r=g","contentUrl":"https:\/\/secure.gravatar.com\/avatar\/132223b7affa4daaa3f3ea2b5597a64f?s=96&d=mm&r=g","caption":"mktpamplona2"}}]}},"_links":{"self":[{"href":"https:\/\/baztan-bidasoa.com\/desarrollo\/wp-json\/wp\/v2\/posts\/21907"}],"collection":[{"href":"https:\/\/baztan-bidasoa.com\/desarrollo\/wp-json\/wp\/v2\/posts"}],"about":[{"href":"https:\/\/baztan-bidasoa.com\/desarrollo\/wp-json\/wp\/v2\/types\/post"}],"author":[{"embeddable":true,"href":"https:\/\/baztan-bidasoa.com\/desarrollo\/wp-json\/wp\/v2\/users\/3"}],"replies":[{"embeddable":true,"href":"https:\/\/baztan-bidasoa.com\/desarrollo\/wp-json\/wp\/v2\/comments?post=21907"}],"version-history":[{"count":0,"href":"https:\/\/baztan-bidasoa.com\/desarrollo\/wp-json\/wp\/v2\/posts\/21907\/revisions"}],"wp:featuredmedia":[{"embeddable":true,"href":"https:\/\/baztan-bidasoa.com\/desarrollo\/wp-json\/wp\/v2\/media\/20422"}],"wp:attachment":[{"href":"https:\/\/baztan-bidasoa.com\/desarrollo\/wp-json\/wp\/v2\/media?parent=21907"}],"wp:term":[{"taxonomy":"category","embeddable":true,"href":"https:\/\/baztan-bidasoa.com\/desarrollo\/wp-json\/wp\/v2\/categories?post=21907"},{"taxonomy":"post_tag","embeddable":true,"href":"https:\/\/baztan-bidasoa.com\/desarrollo\/wp-json\/wp\/v2\/tags?post=21907"}],"curies":[{"name":"wp","href":"https:\/\/api.w.org\/{rel}","templated":true}]}}