{"id":21905,"date":"2017-05-23T00:00:00","date_gmt":"2017-05-23T00:00:00","guid":{"rendered":"https:\/\/baztan-bidasoa.com\/desarrollo\/sera-finalmente-elizondo-capital-de-turismo-rural-17\/"},"modified":"2017-05-23T00:00:00","modified_gmt":"2017-05-23T00:00:00","slug":"sera-finalmente-elizondo-capital-de-turismo-rural-17","status":"publish","type":"post","link":"https:\/\/baztan-bidasoa.com\/desarrollo\/sera-finalmente-elizondo-capital-de-turismo-rural-17\/","title":{"rendered":"SER\u00c1 FINALMENTE ELIZONDO Capital de Turismo Rural &#8217;17?"},"content":{"rendered":"<p>&nbsp;<\/p>\n<h3><span style=\"color: #008000;\">El 1 de junio se conocer\u00e1 el veredicto: el nombre del pueblo elegido para ser Capital de Turismo rural 2017 <\/span><\/h3>\n<h5><span style=\"color: #008000;\">Elizondo, \u00a0entre los 10 pueblos finalistas, opta al nombramiento que concede el portal digital \u00abEscapada Rural\u00bb, con motivo de su 10\u00ba aniversario<\/span><\/h5>\n<h5><\/h5>\n<p><a href=\"http:\/\/www.noticiasdenavarra.com\/2017\/05\/11\/vecinos\/baztan-bidasoa\/elizondo-entre-los-10-finalistas-a-convertirse-en-capital-del-turismo-rural\">http:\/\/www.noticiasdenavarra.com\/2017\/05\/11\/vecinos\/baztan-bidasoa\/elizondo-entre-los-10-finalistas-a-convertirse-en-capital-del-turismo-rural<\/a><\/p>\n<h5><a href=\"https:\/\/baztan-bidasoa.com\/desarrollo\/wp-content\/uploads\/2020\/04\/18057123_782899278533106_6307165678907122472_n.jpg\"><img decoding=\"async\" loading=\"lazy\" class=\"wp-image-7965 size-medium alignleft\" src=\"https:\/\/baztan-bidasoa.com\/desarrollo\/wp-content\/uploads\/2020\/04\/18057123_782899278533106_6307165678907122472_n-300x199.jpg\" alt=\"\" width=\"300\" height=\"199\" \/><\/a>El plazo para votar concluy\u00f3 el 21 de mayo y el 1 de junio conoceremos el fallo: si somos o no ganadores.<\/h5>\n<h5>En cualquier caso, e independientemente del resultado, nosotros damos fe de que Elizondo, y el resto de localidades de Baztan-Bidasoa, son un buen destino para disfrutar de unas agradables vacaciones.<\/h5>\n<h5>Aqu\u00ed encontrar\u00e1s Tranquilidad, Naturaleza, Gastronom\u00eda, Historia&#8230;Aventura. Experiencias para divertirte y\/o para relajarte. \u00a1Ven a Baztan-Bidasoa, no te arrepentir\u00e1s!<\/h5>\n<p>&nbsp;<\/p>\n<p>&nbsp;<\/p>\n","protected":false},"excerpt":{"rendered":"<p>&nbsp; El 1 de junio se conocer\u00e1 el veredicto: el nombre del pueblo elegido para ser Capital de Turismo rural 2017 Elizondo, \u00a0entre los 10 pueblos finalistas, opta al nombramiento que concede el portal digital \u00abEscapada Rural\u00bb, con motivo de su 10\u00ba aniversario http:\/\/www.noticiasdenavarra.com\/2017\/05\/11\/vecinos\/baztan-bidasoa\/elizondo-entre-los-10-finalistas-a-convertirse-en-capital-del-turismo-rural El plazo para votar concluy\u00f3 el 21 de mayo y el [&hellip;]<\/p>\n","protected":false},"author":3,"featured_media":20416,"comment_status":"open","ping_status":"open","sticky":false,"template":"","format":"standard","meta":[],"categories":[237,235],"tags":[],"acf":[],"yoast_head":"<!-- This site is optimized with the Yoast SEO plugin v19.10 - https:\/\/yoast.com\/wordpress\/plugins\/seo\/ -->\n<title>SER\u00c1 FINALMENTE ELIZONDO Capital de Turismo Rural &#039;17? - Baztan Bidasoa Turismoa<\/title>\n<meta name=\"robots\" content=\"index, follow, max-snippet:-1, max-image-preview:large, max-video-preview:-1\" \/>\n<link rel=\"canonical\" href=\"https:\/\/baztan-bidasoa.com\/desarrollo\/sera-finalmente-elizondo-capital-de-turismo-rural-17\/\" \/>\n<meta property=\"og:locale\" content=\"es_ES\" \/>\n<meta property=\"og:type\" content=\"article\" \/>\n<meta property=\"og:title\" content=\"SER\u00c1 FINALMENTE ELIZONDO Capital de Turismo Rural &#039;17? - Baztan Bidasoa Turismoa\" \/>\n<meta property=\"og:description\" content=\"&nbsp; El 1 de junio se conocer\u00e1 el veredicto: el nombre del pueblo elegido para ser Capital de Turismo rural 2017 Elizondo, \u00a0entre los 10 pueblos finalistas, opta al nombramiento que concede el portal digital \u00abEscapada Rural\u00bb, con motivo de su 10\u00ba aniversario http:\/\/www.noticiasdenavarra.com\/2017\/05\/11\/vecinos\/baztan-bidasoa\/elizondo-entre-los-10-finalistas-a-convertirse-en-capital-del-turismo-rural El plazo para votar concluy\u00f3 el 21 de mayo y el [&hellip;]\" \/>\n<meta property=\"og:url\" content=\"https:\/\/baztan-bidasoa.com\/desarrollo\/sera-finalmente-elizondo-capital-de-turismo-rural-17\/\" \/>\n<meta property=\"og:site_name\" content=\"Baztan Bidasoa Turismoa\" \/>\n<meta property=\"article:published_time\" content=\"2017-05-23T00:00:00+00:00\" \/>\n<meta property=\"og:image\" content=\"https:\/\/baztan-bidasoa.com\/desarrollo\/wp-content\/uploads\/2020\/04\/IMG_7506.jpg\" \/>\n\t<meta property=\"og:image:width\" content=\"1600\" \/>\n\t<meta property=\"og:image:height\" content=\"1064\" \/>\n\t<meta property=\"og:image:type\" content=\"image\/jpeg\" \/>\n<meta name=\"author\" content=\"mktpamplona2\" \/>\n<meta name=\"twitter:card\" content=\"summary_large_image\" \/>\n<meta name=\"twitter:label1\" content=\"Escrito por\" \/>\n\t<meta name=\"twitter:data1\" content=\"mktpamplona2\" \/>\n\t<meta name=\"twitter:label2\" content=\"Tiempo de lectura\" \/>\n\t<meta name=\"twitter:data2\" content=\"1 minuto\" \/>\n<script type=\"application\/ld+json\" class=\"yoast-schema-graph\">{\"@context\":\"https:\/\/schema.org\",\"@graph\":[{\"@type\":\"WebPage\",\"@id\":\"https:\/\/baztan-bidasoa.com\/desarrollo\/sera-finalmente-elizondo-capital-de-turismo-rural-17\/\",\"url\":\"https:\/\/baztan-bidasoa.com\/desarrollo\/sera-finalmente-elizondo-capital-de-turismo-rural-17\/\",\"name\":\"SER\u00c1 FINALMENTE ELIZONDO Capital de Turismo Rural '17? - Baztan Bidasoa Turismoa\",\"isPartOf\":{\"@id\":\"https:\/\/baztan-bidasoa.com\/desarrollo\/#website\"},\"datePublished\":\"2017-05-23T00:00:00+00:00\",\"dateModified\":\"2017-05-23T00:00:00+00:00\",\"author\":{\"@id\":\"https:\/\/baztan-bidasoa.com\/desarrollo\/#\/schema\/person\/ec297d7c7c08a77e7ac6292c2b940e42\"},\"breadcrumb\":{\"@id\":\"https:\/\/baztan-bidasoa.com\/desarrollo\/sera-finalmente-elizondo-capital-de-turismo-rural-17\/#breadcrumb\"},\"inLanguage\":\"es\",\"potentialAction\":[{\"@type\":\"ReadAction\",\"target\":[\"https:\/\/baztan-bidasoa.com\/desarrollo\/sera-finalmente-elizondo-capital-de-turismo-rural-17\/\"]}]},{\"@type\":\"BreadcrumbList\",\"@id\":\"https:\/\/baztan-bidasoa.com\/desarrollo\/sera-finalmente-elizondo-capital-de-turismo-rural-17\/#breadcrumb\",\"itemListElement\":[{\"@type\":\"ListItem\",\"position\":1,\"name\":\"Portada\",\"item\":\"https:\/\/baztan-bidasoa.com\/desarrollo\/\"},{\"@type\":\"ListItem\",\"position\":2,\"name\":\"SER\u00c1 FINALMENTE ELIZONDO Capital de Turismo Rural &#8217;17?\"}]},{\"@type\":\"WebSite\",\"@id\":\"https:\/\/baztan-bidasoa.com\/desarrollo\/#website\",\"url\":\"https:\/\/baztan-bidasoa.com\/desarrollo\/\",\"name\":\"Baztan Bidasoa Turismoa\",\"description\":\"Asociaci\u00f3n Tur\u00edstica Baztan-Bidasoa Turismo Elkartea\",\"potentialAction\":[{\"@type\":\"SearchAction\",\"target\":{\"@type\":\"EntryPoint\",\"urlTemplate\":\"https:\/\/baztan-bidasoa.com\/desarrollo\/?s={search_term_string}\"},\"query-input\":\"required name=search_term_string\"}],\"inLanguage\":\"es\"},{\"@type\":\"Person\",\"@id\":\"https:\/\/baztan-bidasoa.com\/desarrollo\/#\/schema\/person\/ec297d7c7c08a77e7ac6292c2b940e42\",\"name\":\"mktpamplona2\",\"image\":{\"@type\":\"ImageObject\",\"inLanguage\":\"es\",\"@id\":\"https:\/\/baztan-bidasoa.com\/desarrollo\/#\/schema\/person\/image\/\",\"url\":\"https:\/\/secure.gravatar.com\/avatar\/132223b7affa4daaa3f3ea2b5597a64f?s=96&d=mm&r=g\",\"contentUrl\":\"https:\/\/secure.gravatar.com\/avatar\/132223b7affa4daaa3f3ea2b5597a64f?s=96&d=mm&r=g\",\"caption\":\"mktpamplona2\"}}]}<\/script>\n<!-- \/ Yoast SEO plugin. -->","yoast_head_json":{"title":"SER\u00c1 FINALMENTE ELIZONDO Capital de Turismo Rural '17? - Baztan Bidasoa Turismoa","robots":{"index":"index","follow":"follow","max-snippet":"max-snippet:-1","max-image-preview":"max-image-preview:large","max-video-preview":"max-video-preview:-1"},"canonical":"https:\/\/baztan-bidasoa.com\/desarrollo\/sera-finalmente-elizondo-capital-de-turismo-rural-17\/","og_locale":"es_ES","og_type":"article","og_title":"SER\u00c1 FINALMENTE ELIZONDO Capital de Turismo Rural '17? - Baztan Bidasoa Turismoa","og_description":"&nbsp; El 1 de junio se conocer\u00e1 el veredicto: el nombre del pueblo elegido para ser Capital de Turismo rural 2017 Elizondo, \u00a0entre los 10 pueblos finalistas, opta al nombramiento que concede el portal digital \u00abEscapada Rural\u00bb, con motivo de su 10\u00ba aniversario http:\/\/www.noticiasdenavarra.com\/2017\/05\/11\/vecinos\/baztan-bidasoa\/elizondo-entre-los-10-finalistas-a-convertirse-en-capital-del-turismo-rural El plazo para votar concluy\u00f3 el 21 de mayo y el [&hellip;]","og_url":"https:\/\/baztan-bidasoa.com\/desarrollo\/sera-finalmente-elizondo-capital-de-turismo-rural-17\/","og_site_name":"Baztan Bidasoa Turismoa","article_published_time":"2017-05-23T00:00:00+00:00","og_image":[{"width":1600,"height":1064,"url":"https:\/\/baztan-bidasoa.com\/desarrollo\/wp-content\/uploads\/2020\/04\/IMG_7506.jpg","type":"image\/jpeg"}],"author":"mktpamplona2","twitter_card":"summary_large_image","twitter_misc":{"Escrito por":"mktpamplona2","Tiempo de lectura":"1 minuto"},"schema":{"@context":"https:\/\/schema.org","@graph":[{"@type":"WebPage","@id":"https:\/\/baztan-bidasoa.com\/desarrollo\/sera-finalmente-elizondo-capital-de-turismo-rural-17\/","url":"https:\/\/baztan-bidasoa.com\/desarrollo\/sera-finalmente-elizondo-capital-de-turismo-rural-17\/","name":"SER\u00c1 FINALMENTE ELIZONDO Capital de Turismo Rural '17? - Baztan Bidasoa Turismoa","isPartOf":{"@id":"https:\/\/baztan-bidasoa.com\/desarrollo\/#website"},"datePublished":"2017-05-23T00:00:00+00:00","dateModified":"2017-05-23T00:00:00+00:00","author":{"@id":"https:\/\/baztan-bidasoa.com\/desarrollo\/#\/schema\/person\/ec297d7c7c08a77e7ac6292c2b940e42"},"breadcrumb":{"@id":"https:\/\/baztan-bidasoa.com\/desarrollo\/sera-finalmente-elizondo-capital-de-turismo-rural-17\/#breadcrumb"},"inLanguage":"es","potentialAction":[{"@type":"ReadAction","target":["https:\/\/baztan-bidasoa.com\/desarrollo\/sera-finalmente-elizondo-capital-de-turismo-rural-17\/"]}]},{"@type":"BreadcrumbList","@id":"https:\/\/baztan-bidasoa.com\/desarrollo\/sera-finalmente-elizondo-capital-de-turismo-rural-17\/#breadcrumb","itemListElement":[{"@type":"ListItem","position":1,"name":"Portada","item":"https:\/\/baztan-bidasoa.com\/desarrollo\/"},{"@type":"ListItem","position":2,"name":"SER\u00c1 FINALMENTE ELIZONDO Capital de Turismo Rural &#8217;17?"}]},{"@type":"WebSite","@id":"https:\/\/baztan-bidasoa.com\/desarrollo\/#website","url":"https:\/\/baztan-bidasoa.com\/desarrollo\/","name":"Baztan Bidasoa Turismoa","description":"Asociaci\u00f3n Tur\u00edstica Baztan-Bidasoa Turismo Elkartea","potentialAction":[{"@type":"SearchAction","target":{"@type":"EntryPoint","urlTemplate":"https:\/\/baztan-bidasoa.com\/desarrollo\/?s={search_term_string}"},"query-input":"required name=search_term_string"}],"inLanguage":"es"},{"@type":"Person","@id":"https:\/\/baztan-bidasoa.com\/desarrollo\/#\/schema\/person\/ec297d7c7c08a77e7ac6292c2b940e42","name":"mktpamplona2","image":{"@type":"ImageObject","inLanguage":"es","@id":"https:\/\/baztan-bidasoa.com\/desarrollo\/#\/schema\/person\/image\/","url":"https:\/\/secure.gravatar.com\/avatar\/132223b7affa4daaa3f3ea2b5597a64f?s=96&d=mm&r=g","contentUrl":"https:\/\/secure.gravatar.com\/avatar\/132223b7affa4daaa3f3ea2b5597a64f?s=96&d=mm&r=g","caption":"mktpamplona2"}}]}},"_links":{"self":[{"href":"https:\/\/baztan-bidasoa.com\/desarrollo\/wp-json\/wp\/v2\/posts\/21905"}],"collection":[{"href":"https:\/\/baztan-bidasoa.com\/desarrollo\/wp-json\/wp\/v2\/posts"}],"about":[{"href":"https:\/\/baztan-bidasoa.com\/desarrollo\/wp-json\/wp\/v2\/types\/post"}],"author":[{"embeddable":true,"href":"https:\/\/baztan-bidasoa.com\/desarrollo\/wp-json\/wp\/v2\/users\/3"}],"replies":[{"embeddable":true,"href":"https:\/\/baztan-bidasoa.com\/desarrollo\/wp-json\/wp\/v2\/comments?post=21905"}],"version-history":[{"count":0,"href":"https:\/\/baztan-bidasoa.com\/desarrollo\/wp-json\/wp\/v2\/posts\/21905\/revisions"}],"wp:featuredmedia":[{"embeddable":true,"href":"https:\/\/baztan-bidasoa.com\/desarrollo\/wp-json\/wp\/v2\/media\/20416"}],"wp:attachment":[{"href":"https:\/\/baztan-bidasoa.com\/desarrollo\/wp-json\/wp\/v2\/media?parent=21905"}],"wp:term":[{"taxonomy":"category","embeddable":true,"href":"https:\/\/baztan-bidasoa.com\/desarrollo\/wp-json\/wp\/v2\/categories?post=21905"},{"taxonomy":"post_tag","embeddable":true,"href":"https:\/\/baztan-bidasoa.com\/desarrollo\/wp-json\/wp\/v2\/tags?post=21905"}],"curies":[{"name":"wp","href":"https:\/\/api.w.org\/{rel}","templated":true}]}}