{"id":21884,"date":"2017-11-30T00:00:00","date_gmt":"2017-11-30T00:00:00","guid":{"rendered":"https:\/\/baztan-bidasoa.com\/desarrollo\/feria-de-artesania\/"},"modified":"2017-11-30T00:00:00","modified_gmt":"2017-11-30T00:00:00","slug":"feria-de-artesania","status":"publish","type":"post","link":"https:\/\/baztan-bidasoa.com\/desarrollo\/feria-de-artesania\/","title":{"rendered":"FERIA DE ARTESAN\u00cdA"},"content":{"rendered":"<h1>Sabor y Tradici\u00f3n<\/h1>\n<h3>Conoce Baztan-Bidasoa a trav\u00e9s de nuestros productos, dicen mucho de qui\u00e9nes somos y de c\u00f3mo vivimos<\/h3>\n<h3>Productos agroalimentarios y artesanos<\/h3>\n<h5>\u00a1Los<a href=\"https:\/\/baztan-bidasoa.com\/desarrollo\/wp-content\/uploads\/2020\/04\/Kamuts2web.jpg\"><img decoding=\"async\" loading=\"lazy\" class=\"wp-image-7258 alignleft\" src=\"https:\/\/baztan-bidasoa.com\/desarrollo\/wp-content\/uploads\/2020\/04\/Kamuts2web-246x300.jpg\" alt=\"\" width=\"307\" height=\"374\" \/><\/a> artesanos salimos a la calle, aunque llueva o haga fr\u00edo!!<\/h5>\n<h5>Este s\u00e1bado\u00a0<strong>\u00a09 de diciembre<\/strong>\u00a0te esperamos en la plaza de Elizondo<\/h5>\n<h5>Celebra la Navidad con productos de la tierra, sanos, ecol\u00f3gicos, saludables&#8230; \u00bfQu\u00e9 mejor que lo de casa?<\/h5>\n<p>&nbsp;<\/p>\n<p><a href=\"https:\/\/baztan-bidasoa.com\/desarrollo\/wp-content\/uploads\/2015\/09\/feria-de-primavera.jpg\"><br \/>\n<\/a><a href=\"https:\/\/baztan-bidasoa.com\/desarrollo\/wp-content\/uploads\/2020\/04\/molino-etxaide.jpg\"><img decoding=\"async\" loading=\"lazy\" class=\"wp-image-4196 size-medium alignleft\" src=\"https:\/\/baztan-bidasoa.com\/desarrollo\/wp-content\/uploads\/2020\/04\/molino-etxaide-300x225.jpg\" alt=\"Molino de Etxaide\" width=\"300\" height=\"225\" \/><\/a><\/p>\n","protected":false},"excerpt":{"rendered":"<p>Sabor y Tradici\u00f3n Conoce Baztan-Bidasoa a trav\u00e9s de nuestros productos, dicen mucho de qui\u00e9nes somos y de c\u00f3mo vivimos Productos agroalimentarios y artesanos \u00a1Los artesanos salimos a la calle, aunque llueva o haga fr\u00edo!! Este s\u00e1bado\u00a0\u00a09 de diciembre\u00a0te esperamos en la plaza de Elizondo Celebra la Navidad con productos de la tierra, sanos, ecol\u00f3gicos, saludables&#8230; [&hellip;]<\/p>\n","protected":false},"author":3,"featured_media":20361,"comment_status":"open","ping_status":"open","sticky":false,"template":"","format":"standard","meta":[],"categories":[237,239,235],"tags":[],"acf":[],"yoast_head":"<!-- This site is optimized with the Yoast SEO plugin v19.10 - https:\/\/yoast.com\/wordpress\/plugins\/seo\/ -->\n<title>FERIA DE ARTESAN\u00cdA - Baztan Bidasoa Turismoa<\/title>\n<meta name=\"robots\" content=\"index, follow, max-snippet:-1, max-image-preview:large, max-video-preview:-1\" \/>\n<link rel=\"canonical\" href=\"https:\/\/baztan-bidasoa.com\/desarrollo\/feria-de-artesania\/\" \/>\n<meta property=\"og:locale\" content=\"es_ES\" \/>\n<meta property=\"og:type\" content=\"article\" \/>\n<meta property=\"og:title\" content=\"FERIA DE ARTESAN\u00cdA - Baztan Bidasoa Turismoa\" \/>\n<meta property=\"og:description\" content=\"Sabor y Tradici\u00f3n Conoce Baztan-Bidasoa a trav\u00e9s de nuestros productos, dicen mucho de qui\u00e9nes somos y de c\u00f3mo vivimos Productos agroalimentarios y artesanos \u00a1Los artesanos salimos a la calle, aunque llueva o haga fr\u00edo!! Este s\u00e1bado\u00a0\u00a09 de diciembre\u00a0te esperamos en la plaza de Elizondo Celebra la Navidad con productos de la tierra, sanos, ecol\u00f3gicos, saludables&#8230; [&hellip;]\" \/>\n<meta property=\"og:url\" content=\"https:\/\/baztan-bidasoa.com\/desarrollo\/feria-de-artesania\/\" \/>\n<meta property=\"og:site_name\" content=\"Baztan Bidasoa Turismoa\" \/>\n<meta property=\"article:published_time\" content=\"2017-11-30T00:00:00+00:00\" \/>\n<meta property=\"og:image\" content=\"https:\/\/baztan-bidasoa.com\/desarrollo\/wp-content\/uploads\/2020\/04\/cb98575f-a271-4aa2-accb-78137e10785d.jpg\" \/>\n\t<meta property=\"og:image:width\" content=\"768\" \/>\n\t<meta property=\"og:image:height\" content=\"1024\" \/>\n\t<meta property=\"og:image:type\" content=\"image\/jpeg\" \/>\n<meta name=\"author\" content=\"mktpamplona2\" \/>\n<meta name=\"twitter:card\" content=\"summary_large_image\" \/>\n<meta name=\"twitter:label1\" content=\"Escrito por\" \/>\n\t<meta name=\"twitter:data1\" content=\"mktpamplona2\" \/>\n<script type=\"application\/ld+json\" class=\"yoast-schema-graph\">{\"@context\":\"https:\/\/schema.org\",\"@graph\":[{\"@type\":\"WebPage\",\"@id\":\"https:\/\/baztan-bidasoa.com\/desarrollo\/feria-de-artesania\/\",\"url\":\"https:\/\/baztan-bidasoa.com\/desarrollo\/feria-de-artesania\/\",\"name\":\"FERIA DE ARTESAN\u00cdA - Baztan Bidasoa Turismoa\",\"isPartOf\":{\"@id\":\"https:\/\/baztan-bidasoa.com\/desarrollo\/#website\"},\"datePublished\":\"2017-11-30T00:00:00+00:00\",\"dateModified\":\"2017-11-30T00:00:00+00:00\",\"author\":{\"@id\":\"https:\/\/baztan-bidasoa.com\/desarrollo\/#\/schema\/person\/ec297d7c7c08a77e7ac6292c2b940e42\"},\"breadcrumb\":{\"@id\":\"https:\/\/baztan-bidasoa.com\/desarrollo\/feria-de-artesania\/#breadcrumb\"},\"inLanguage\":\"es\",\"potentialAction\":[{\"@type\":\"ReadAction\",\"target\":[\"https:\/\/baztan-bidasoa.com\/desarrollo\/feria-de-artesania\/\"]}]},{\"@type\":\"BreadcrumbList\",\"@id\":\"https:\/\/baztan-bidasoa.com\/desarrollo\/feria-de-artesania\/#breadcrumb\",\"itemListElement\":[{\"@type\":\"ListItem\",\"position\":1,\"name\":\"Portada\",\"item\":\"https:\/\/baztan-bidasoa.com\/desarrollo\/\"},{\"@type\":\"ListItem\",\"position\":2,\"name\":\"FERIA DE ARTESAN\u00cdA\"}]},{\"@type\":\"WebSite\",\"@id\":\"https:\/\/baztan-bidasoa.com\/desarrollo\/#website\",\"url\":\"https:\/\/baztan-bidasoa.com\/desarrollo\/\",\"name\":\"Baztan Bidasoa Turismoa\",\"description\":\"Asociaci\u00f3n Tur\u00edstica Baztan-Bidasoa Turismo Elkartea\",\"potentialAction\":[{\"@type\":\"SearchAction\",\"target\":{\"@type\":\"EntryPoint\",\"urlTemplate\":\"https:\/\/baztan-bidasoa.com\/desarrollo\/?s={search_term_string}\"},\"query-input\":\"required name=search_term_string\"}],\"inLanguage\":\"es\"},{\"@type\":\"Person\",\"@id\":\"https:\/\/baztan-bidasoa.com\/desarrollo\/#\/schema\/person\/ec297d7c7c08a77e7ac6292c2b940e42\",\"name\":\"mktpamplona2\",\"image\":{\"@type\":\"ImageObject\",\"inLanguage\":\"es\",\"@id\":\"https:\/\/baztan-bidasoa.com\/desarrollo\/#\/schema\/person\/image\/\",\"url\":\"https:\/\/secure.gravatar.com\/avatar\/132223b7affa4daaa3f3ea2b5597a64f?s=96&d=mm&r=g\",\"contentUrl\":\"https:\/\/secure.gravatar.com\/avatar\/132223b7affa4daaa3f3ea2b5597a64f?s=96&d=mm&r=g\",\"caption\":\"mktpamplona2\"}}]}<\/script>\n<!-- \/ Yoast SEO plugin. -->","yoast_head_json":{"title":"FERIA DE ARTESAN\u00cdA - Baztan Bidasoa Turismoa","robots":{"index":"index","follow":"follow","max-snippet":"max-snippet:-1","max-image-preview":"max-image-preview:large","max-video-preview":"max-video-preview:-1"},"canonical":"https:\/\/baztan-bidasoa.com\/desarrollo\/feria-de-artesania\/","og_locale":"es_ES","og_type":"article","og_title":"FERIA DE ARTESAN\u00cdA - Baztan Bidasoa Turismoa","og_description":"Sabor y Tradici\u00f3n Conoce Baztan-Bidasoa a trav\u00e9s de nuestros productos, dicen mucho de qui\u00e9nes somos y de c\u00f3mo vivimos Productos agroalimentarios y artesanos \u00a1Los artesanos salimos a la calle, aunque llueva o haga fr\u00edo!! Este s\u00e1bado\u00a0\u00a09 de diciembre\u00a0te esperamos en la plaza de Elizondo Celebra la Navidad con productos de la tierra, sanos, ecol\u00f3gicos, saludables&#8230; [&hellip;]","og_url":"https:\/\/baztan-bidasoa.com\/desarrollo\/feria-de-artesania\/","og_site_name":"Baztan Bidasoa Turismoa","article_published_time":"2017-11-30T00:00:00+00:00","og_image":[{"width":768,"height":1024,"url":"https:\/\/baztan-bidasoa.com\/desarrollo\/wp-content\/uploads\/2020\/04\/cb98575f-a271-4aa2-accb-78137e10785d.jpg","type":"image\/jpeg"}],"author":"mktpamplona2","twitter_card":"summary_large_image","twitter_misc":{"Escrito por":"mktpamplona2"},"schema":{"@context":"https:\/\/schema.org","@graph":[{"@type":"WebPage","@id":"https:\/\/baztan-bidasoa.com\/desarrollo\/feria-de-artesania\/","url":"https:\/\/baztan-bidasoa.com\/desarrollo\/feria-de-artesania\/","name":"FERIA DE ARTESAN\u00cdA - Baztan Bidasoa Turismoa","isPartOf":{"@id":"https:\/\/baztan-bidasoa.com\/desarrollo\/#website"},"datePublished":"2017-11-30T00:00:00+00:00","dateModified":"2017-11-30T00:00:00+00:00","author":{"@id":"https:\/\/baztan-bidasoa.com\/desarrollo\/#\/schema\/person\/ec297d7c7c08a77e7ac6292c2b940e42"},"breadcrumb":{"@id":"https:\/\/baztan-bidasoa.com\/desarrollo\/feria-de-artesania\/#breadcrumb"},"inLanguage":"es","potentialAction":[{"@type":"ReadAction","target":["https:\/\/baztan-bidasoa.com\/desarrollo\/feria-de-artesania\/"]}]},{"@type":"BreadcrumbList","@id":"https:\/\/baztan-bidasoa.com\/desarrollo\/feria-de-artesania\/#breadcrumb","itemListElement":[{"@type":"ListItem","position":1,"name":"Portada","item":"https:\/\/baztan-bidasoa.com\/desarrollo\/"},{"@type":"ListItem","position":2,"name":"FERIA DE ARTESAN\u00cdA"}]},{"@type":"WebSite","@id":"https:\/\/baztan-bidasoa.com\/desarrollo\/#website","url":"https:\/\/baztan-bidasoa.com\/desarrollo\/","name":"Baztan Bidasoa Turismoa","description":"Asociaci\u00f3n Tur\u00edstica Baztan-Bidasoa Turismo Elkartea","potentialAction":[{"@type":"SearchAction","target":{"@type":"EntryPoint","urlTemplate":"https:\/\/baztan-bidasoa.com\/desarrollo\/?s={search_term_string}"},"query-input":"required name=search_term_string"}],"inLanguage":"es"},{"@type":"Person","@id":"https:\/\/baztan-bidasoa.com\/desarrollo\/#\/schema\/person\/ec297d7c7c08a77e7ac6292c2b940e42","name":"mktpamplona2","image":{"@type":"ImageObject","inLanguage":"es","@id":"https:\/\/baztan-bidasoa.com\/desarrollo\/#\/schema\/person\/image\/","url":"https:\/\/secure.gravatar.com\/avatar\/132223b7affa4daaa3f3ea2b5597a64f?s=96&d=mm&r=g","contentUrl":"https:\/\/secure.gravatar.com\/avatar\/132223b7affa4daaa3f3ea2b5597a64f?s=96&d=mm&r=g","caption":"mktpamplona2"}}]}},"_links":{"self":[{"href":"https:\/\/baztan-bidasoa.com\/desarrollo\/wp-json\/wp\/v2\/posts\/21884"}],"collection":[{"href":"https:\/\/baztan-bidasoa.com\/desarrollo\/wp-json\/wp\/v2\/posts"}],"about":[{"href":"https:\/\/baztan-bidasoa.com\/desarrollo\/wp-json\/wp\/v2\/types\/post"}],"author":[{"embeddable":true,"href":"https:\/\/baztan-bidasoa.com\/desarrollo\/wp-json\/wp\/v2\/users\/3"}],"replies":[{"embeddable":true,"href":"https:\/\/baztan-bidasoa.com\/desarrollo\/wp-json\/wp\/v2\/comments?post=21884"}],"version-history":[{"count":0,"href":"https:\/\/baztan-bidasoa.com\/desarrollo\/wp-json\/wp\/v2\/posts\/21884\/revisions"}],"wp:featuredmedia":[{"embeddable":true,"href":"https:\/\/baztan-bidasoa.com\/desarrollo\/wp-json\/wp\/v2\/media\/20361"}],"wp:attachment":[{"href":"https:\/\/baztan-bidasoa.com\/desarrollo\/wp-json\/wp\/v2\/media?parent=21884"}],"wp:term":[{"taxonomy":"category","embeddable":true,"href":"https:\/\/baztan-bidasoa.com\/desarrollo\/wp-json\/wp\/v2\/categories?post=21884"},{"taxonomy":"post_tag","embeddable":true,"href":"https:\/\/baztan-bidasoa.com\/desarrollo\/wp-json\/wp\/v2\/tags?post=21884"}],"curies":[{"name":"wp","href":"https:\/\/api.w.org\/{rel}","templated":true}]}}